{"id":479878,"date":"2025-06-12T10:22:50","date_gmt":"2025-06-12T13:22:50","guid":{"rendered":"https:\/\/www.mendoza.gov.ar\/prensa\/?p=479878"},"modified":"2025-06-12T12:15:22","modified_gmt":"2025-06-12T15:15:22","slug":"se-presenta-este-viernes-un-libro-sobre-la-prevencion-de-vinculos-toxicos-en-la-biblioteca-san-martin","status":"publish","type":"post","link":"https:\/\/www.mendoza.gov.ar\/prensa\/se-presenta-este-viernes-un-libro-sobre-la-prevencion-de-vinculos-toxicos-en-la-biblioteca-san-martin\/","title":{"rendered":"Se presenta este viernes un libro sobre la prevenci\u00f3n de v\u00ednculos t\u00f3xicos, en la Biblioteca San Mart\u00edn"},"content":{"rendered":"<!DOCTYPE html PUBLIC \"-\/\/W3C\/\/DTD HTML 4.0 Transitional\/\/EN\" \"http:\/\/www.w3.org\/TR\/REC-html40\/loose.dtd\">\n<html><body><h5>Este 13 de junio, a las 20, se presenta&nbsp;<em>Manipulaci&oacute;n silenciosa: las 50 t&aacute;cticas de control que nadie nota<\/em>, de Diego R. C&aacute;ceres. La entrada es gratuita.<\/h5>\n\n\n\n<p><em>Manipulaci&oacute;n silenciosa <\/em>aborda, con un enfoque accesible y riguroso, las estrategias sutiles que ciertas personas emplean para dominar emocionalmente a otras, desde la culpabilizaci&oacute;n, la victimizaci&oacute;n o la seducci&oacute;n, hasta formas m&aacute;s encubiertas, como la insinuaci&oacute;n o la atenci&oacute;n selectiva.<\/p>\n\n\n\n<p>Cada cap&iacute;tulo propone ejemplos reales, ejercicios pr&aacute;cticos y cuadros did&aacute;cticos que permiten al lector reconocer estos patrones en su vida diaria y fortalecer su criterio, autoestima y autonom&iacute;a.<\/p>\n\n\n\n<p>Diego C&aacute;ceres es psic&oacute;logo y autor del libro&nbsp;<em>Psicolog&iacute;a del mal<\/em>, obra que fue declarada de inter&eacute;s cultural en 2022 por la C&aacute;mara de Diputados de Mendoza.&nbsp;Con&nbsp;<em>Manipulaci&oacute;n silenciosa<\/em>, busca continuar aportando a la educaci&oacute;n emocional y la prevenci&oacute;n de v&iacute;nculos t&oacute;xicos con una mirada cr&iacute;tica, terap&eacute;utica y humanista.<\/p>\n\n\n\n<p>La presentaci&oacute;n del libro est&aacute; pensada como una actividad abierta a todo p&uacute;blico, con formato de charla interactiva, lectura de fragmentos seleccionados y espacio para preguntas y reflexi&oacute;n, lo que transforma a este encuentro en un valioso aporte cultural y formativo para la comunidad mendocina.<\/p>\n\n\n\n<p>La cita es este viernes, a las 20, en la Biblioteca P&uacute;blica General San Mart&iacute;n, ubicada en Remedios Escalada de San Mart&iacute;n 1843, Ciudad de Mendoza.<\/p>\n\n\n\n<figure class=\"wp-block-gallery columns-3\"><ul class=\"blocks-gallery-grid\"><li class=\"blocks-gallery-item\"><figure><a href=\"https:\/\/www.mendoza.gov.ar\/wp-content\/uploads\/sites\/5\/2025\/06\/Tapa.jpg\"><img loading=\"lazy\" width=\"284\" height=\"425\" src=\"https:\/\/www.mendoza.gov.ar\/wp-content\/uploads\/sites\/5\/2025\/06\/Tapa.jpg\" alt=\"\" data-id=\"479880\" data-full-url=\"https:\/\/www.mendoza.gov.ar\/wp-content\/uploads\/sites\/5\/2025\/06\/Tapa.jpg\" data-link=\"https:\/\/www.mendoza.gov.ar\/prensa\/?attachment_id=479880\" class=\"wp-image-479880 img-responsive center-block\" srcset=\"https:\/\/www.mendoza.gov.ar\/wp-content\/uploads\/sites\/5\/2025\/06\/Tapa.jpg 284w, https:\/\/www.mendoza.gov.ar\/wp-content\/uploads\/sites\/5\/2025\/06\/Tapa-250x374.jpg 250w, https:\/\/www.mendoza.gov.ar\/wp-content\/uploads\/sites\/5\/2025\/06\/Tapa-120x180.jpg 120w\" sizes=\"(max-width: 284px) 100vw, 284px\"><\/a><\/figure><\/li><li class=\"blocks-gallery-item\"><figure><a href=\"https:\/\/www.mendoza.gov.ar\/wp-content\/uploads\/sites\/5\/2025\/03\/Biblioteca-San-Martin-frente.jpg\"><img loading=\"lazy\" width=\"700\" height=\"466\" src=\"https:\/\/www.mendoza.gov.ar\/wp-content\/uploads\/sites\/5\/2025\/03\/Biblioteca-San-Martin-frente-700x466.jpg\" alt=\"\" data-id=\"463462\" data-full-url=\"https:\/\/www.mendoza.gov.ar\/wp-content\/uploads\/sites\/5\/2025\/03\/Biblioteca-San-Martin-frente.jpg\" data-link=\"https:\/\/www.mendoza.gov.ar\/prensa\/historietas-por-la-identidad-llega-a-mendoza\/biblioteca-san-martin-frente\/\" class=\"wp-image-463462 img-responsive center-block\" srcset=\"https:\/\/www.mendoza.gov.ar\/wp-content\/uploads\/sites\/5\/2025\/03\/Biblioteca-San-Martin-frente-700x466.jpg 700w, https:\/\/www.mendoza.gov.ar\/wp-content\/uploads\/sites\/5\/2025\/03\/Biblioteca-San-Martin-frente-250x166.jpg 250w, https:\/\/www.mendoza.gov.ar\/wp-content\/uploads\/sites\/5\/2025\/03\/Biblioteca-San-Martin-frente-768x511.jpg 768w, https:\/\/www.mendoza.gov.ar\/wp-content\/uploads\/sites\/5\/2025\/03\/Biblioteca-San-Martin-frente-1536x1022.jpg 1536w, https:\/\/www.mendoza.gov.ar\/wp-content\/uploads\/sites\/5\/2025\/03\/Biblioteca-San-Martin-frente-120x80.jpg 120w, https:\/\/www.mendoza.gov.ar\/wp-content\/uploads\/sites\/5\/2025\/03\/Biblioteca-San-Martin-frente.jpg 2048w\" sizes=\"(max-width: 700px) 100vw, 700px\"><\/a><\/figure><\/li><li class=\"blocks-gallery-item\"><figure><a href=\"https:\/\/www.mendoza.gov.ar\/wp-content\/uploads\/sites\/5\/2022\/10\/Biblioteca-San-Martin.jpg\"><img loading=\"lazy\" width=\"700\" height=\"466\" src=\"https:\/\/www.mendoza.gov.ar\/wp-content\/uploads\/sites\/5\/2022\/10\/Biblioteca-San-Martin-700x466.jpg\" alt=\"\" data-id=\"330822\" data-full-url=\"https:\/\/www.mendoza.gov.ar\/wp-content\/uploads\/sites\/5\/2022\/10\/Biblioteca-San-Martin.jpg\" data-link=\"https:\/\/www.mendoza.gov.ar\/prensa\/nuevos-talleres-en-la-biblioteca-publica-general-san-martin-2\/biblioteca-san-martin-9\/\" class=\"wp-image-330822 img-responsive center-block\" srcset=\"https:\/\/www.mendoza.gov.ar\/wp-content\/uploads\/sites\/5\/2022\/10\/Biblioteca-San-Martin-700x466.jpg 700w, https:\/\/www.mendoza.gov.ar\/wp-content\/uploads\/sites\/5\/2022\/10\/Biblioteca-San-Martin-250x166.jpg 250w, https:\/\/www.mendoza.gov.ar\/wp-content\/uploads\/sites\/5\/2022\/10\/Biblioteca-San-Martin-768x511.jpg 768w, https:\/\/www.mendoza.gov.ar\/wp-content\/uploads\/sites\/5\/2022\/10\/Biblioteca-San-Martin-1536x1022.jpg 1536w, https:\/\/www.mendoza.gov.ar\/wp-content\/uploads\/sites\/5\/2022\/10\/Biblioteca-San-Martin-2048x1363.jpg 2048w, https:\/\/www.mendoza.gov.ar\/wp-content\/uploads\/sites\/5\/2022\/10\/Biblioteca-San-Martin-120x80.jpg 120w\" sizes=\"(max-width: 700px) 100vw, 700px\"><\/a><\/figure><\/li><\/ul><\/figure>\n<\/body><\/html>\n","protected":false},"excerpt":{"rendered":"Este 13 de junio, a las 20, se presenta&nbsp;Manipulaci&oacute;n silenciosa: las 50 t&aacute;cticas de control que nadie nota, de Diego R. C&aacute;ceres. La entrada es gratuita. Manipulaci&oacute;n silenciosa aborda, con un enfoque accesible y riguroso, las estrategias sutiles que ciertas personas emplean para dominar emocionalmente a otras, desde la culpabilizaci&oacute;n, la victimizaci&oacute;n o la seducci&oacute;n,&#8230; <a class=\"view-article\" href=\"https:\/\/www.mendoza.gov.ar\/prensa\/se-presenta-este-viernes-un-libro-sobre-la-prevencion-de-vinculos-toxicos-en-la-biblioteca-san-martin\/\"><\/a>","protected":false},"author":62,"featured_media":463462,"comment_status":"open","ping_status":"open","sticky":false,"template":"","format":"standard","meta":[],"categories":[8,12],"tags":[],"_links":{"self":[{"href":"https:\/\/www.mendoza.gov.ar\/prensa\/wp-json\/wp\/v2\/posts\/479878"}],"collection":[{"href":"https:\/\/www.mendoza.gov.ar\/prensa\/wp-json\/wp\/v2\/posts"}],"about":[{"href":"https:\/\/www.mendoza.gov.ar\/prensa\/wp-json\/wp\/v2\/types\/post"}],"author":[{"embeddable":true,"href":"https:\/\/www.mendoza.gov.ar\/prensa\/wp-json\/wp\/v2\/users\/62"}],"replies":[{"embeddable":true,"href":"https:\/\/www.mendoza.gov.ar\/prensa\/wp-json\/wp\/v2\/comments?post=479878"}],"version-history":[{"count":6,"href":"https:\/\/www.mendoza.gov.ar\/prensa\/wp-json\/wp\/v2\/posts\/479878\/revisions"}],"predecessor-version":[{"id":479927,"href":"https:\/\/www.mendoza.gov.ar\/prensa\/wp-json\/wp\/v2\/posts\/479878\/revisions\/479927"}],"wp:featuredmedia":[{"embeddable":true,"href":"https:\/\/www.mendoza.gov.ar\/prensa\/wp-json\/wp\/v2\/media\/463462"}],"wp:attachment":[{"href":"https:\/\/www.mendoza.gov.ar\/prensa\/wp-json\/wp\/v2\/media?parent=479878"}],"wp:term":[{"taxonomy":"category","embeddable":true,"href":"https:\/\/www.mendoza.gov.ar\/prensa\/wp-json\/wp\/v2\/categories?post=479878"},{"taxonomy":"post_tag","embeddable":true,"href":"https:\/\/www.mendoza.gov.ar\/prensa\/wp-json\/wp\/v2\/tags?post=479878"}],"curies":[{"name":"wp","href":"https:\/\/api.w.org\/{rel}","templated":true}]}}