{"id":479906,"date":"2025-06-12T12:07:22","date_gmt":"2025-06-12T15:07:22","guid":{"rendered":"https:\/\/www.mendoza.gov.ar\/prensa\/?p=479906"},"modified":"2025-06-12T12:16:21","modified_gmt":"2025-06-12T15:16:21","slug":"la-policia-recupero-14-luminarias-robadas-y-detuvo-a-un-hombre-en-guaymallen","status":"publish","type":"post","link":"https:\/\/www.mendoza.gov.ar\/prensa\/la-policia-recupero-14-luminarias-robadas-y-detuvo-a-un-hombre-en-guaymallen\/","title":{"rendered":"La Polic\u00eda recuper\u00f3 14 luminarias robadas y detuvo a un hombre en Guaymall\u00e9n"},"content":{"rendered":"<!DOCTYPE html PUBLIC \"-\/\/W3C\/\/DTD HTML 4.0 Transitional\/\/EN\" \"http:\/\/www.w3.org\/TR\/REC-html40\/loose.dtd\">\n<html><body><h5>La Divisi&oacute;n de Investigaciones Integradas y Leyes Especiales (DIILE) ejecut&oacute; varios allanamientos, donde adem&aacute;s se secuestraron armas. El detenido qued&oacute; a disposici&oacute;n de la Justicia.<\/h5>\n\n\n\n<p>La Polic&iacute;a de Mendoza, a trav&eacute;s de la Direcci&oacute;n General de Investigaciones, logr&oacute; la detenci&oacute;n de un hombre y la recuperaci&oacute;n de 14 luminarias robadas en Guaymall&eacute;n. Adem&aacute;s, durante el procedimiento se secuestraron diversas armas de fuego. Los allanamientos fueron ejecutados por personal de la Divisi&oacute;n de Investigaciones Integradas y Leyes Especiales (DIILE).<\/p>\n\n\n\n<p>En una de las viviendas, ubicada a tan solo 50 metros de la calle San Miguel, los efectivos arrestaron a un hombre de 46 a&ntilde;os. En el domicilio del sospechoso se incautaron seis luminarias p&uacute;blicas de los municipios. Tambi&eacute;n, se hallaron una pistola calibre 22 con cargador y municiones, un rev&oacute;lver calibre 38, tres municiones calibre 9 mil&iacute;metros, una escopeta calibre 16 y una carabina calibre 22.<\/p>\n\n\n\n<p>En otro procedimiento, realizado a 150 metros de la intersecci&oacute;n de calle Severo del Castillo, los uniformados recuperaron dos luminarias m&aacute;s. Mientras que el tercer allanamiento, realizado a unos 100 metros de dicha calle, se hallaron otros seis dispositivos m&aacute;s. &nbsp;<\/p>\n\n\n\n<p>La causa es investigada por el fiscal de la Fiscal&iacute;a de Instrucci&oacute;n N&deg;30, perteneciente a la Unidad Fiscal de Delitos No Especializados.&nbsp;<\/p>\n\n\n\n<figure class=\"wp-block-gallery columns-3\"><ul class=\"blocks-gallery-grid\"><li class=\"blocks-gallery-item\"><figure><a href=\"https:\/\/www.mendoza.gov.ar\/wp-content\/uploads\/sites\/5\/2025\/06\/29a7ed87-e54e-458c-a41a-daecf25afe6f.jpg\"><img loading=\"lazy\" width=\"700\" height=\"525\" src=\"https:\/\/www.mendoza.gov.ar\/wp-content\/uploads\/sites\/5\/2025\/06\/29a7ed87-e54e-458c-a41a-daecf25afe6f-700x525.jpg\" alt=\"\" data-id=\"479908\" data-full-url=\"https:\/\/www.mendoza.gov.ar\/wp-content\/uploads\/sites\/5\/2025\/06\/29a7ed87-e54e-458c-a41a-daecf25afe6f.jpg\" data-link=\"https:\/\/www.mendoza.gov.ar\/prensa\/?attachment_id=479908\" class=\"wp-image-479908 img-responsive center-block\" srcset=\"https:\/\/www.mendoza.gov.ar\/wp-content\/uploads\/sites\/5\/2025\/06\/29a7ed87-e54e-458c-a41a-daecf25afe6f-700x525.jpg 700w, https:\/\/www.mendoza.gov.ar\/wp-content\/uploads\/sites\/5\/2025\/06\/29a7ed87-e54e-458c-a41a-daecf25afe6f-250x188.jpg 250w, https:\/\/www.mendoza.gov.ar\/wp-content\/uploads\/sites\/5\/2025\/06\/29a7ed87-e54e-458c-a41a-daecf25afe6f-768x576.jpg 768w, https:\/\/www.mendoza.gov.ar\/wp-content\/uploads\/sites\/5\/2025\/06\/29a7ed87-e54e-458c-a41a-daecf25afe6f-1536x1152.jpg 1536w, https:\/\/www.mendoza.gov.ar\/wp-content\/uploads\/sites\/5\/2025\/06\/29a7ed87-e54e-458c-a41a-daecf25afe6f-120x90.jpg 120w, https:\/\/www.mendoza.gov.ar\/wp-content\/uploads\/sites\/5\/2025\/06\/29a7ed87-e54e-458c-a41a-daecf25afe6f.jpg 1600w\" sizes=\"(max-width: 700px) 100vw, 700px\"><\/a><\/figure><\/li><li class=\"blocks-gallery-item\"><figure><a href=\"https:\/\/www.mendoza.gov.ar\/wp-content\/uploads\/sites\/5\/2025\/06\/829a4a5c-1576-413f-8238-da44dd6db058.jpg\"><img loading=\"lazy\" width=\"700\" height=\"933\" src=\"https:\/\/www.mendoza.gov.ar\/wp-content\/uploads\/sites\/5\/2025\/06\/829a4a5c-1576-413f-8238-da44dd6db058-700x933.jpg\" alt=\"\" data-id=\"479909\" data-full-url=\"https:\/\/www.mendoza.gov.ar\/wp-content\/uploads\/sites\/5\/2025\/06\/829a4a5c-1576-413f-8238-da44dd6db058.jpg\" data-link=\"https:\/\/www.mendoza.gov.ar\/prensa\/?attachment_id=479909\" class=\"wp-image-479909 img-responsive center-block\" srcset=\"https:\/\/www.mendoza.gov.ar\/wp-content\/uploads\/sites\/5\/2025\/06\/829a4a5c-1576-413f-8238-da44dd6db058-700x933.jpg 700w, https:\/\/www.mendoza.gov.ar\/wp-content\/uploads\/sites\/5\/2025\/06\/829a4a5c-1576-413f-8238-da44dd6db058-250x333.jpg 250w, https:\/\/www.mendoza.gov.ar\/wp-content\/uploads\/sites\/5\/2025\/06\/829a4a5c-1576-413f-8238-da44dd6db058-768x1024.jpg 768w, https:\/\/www.mendoza.gov.ar\/wp-content\/uploads\/sites\/5\/2025\/06\/829a4a5c-1576-413f-8238-da44dd6db058-1152x1536.jpg 1152w, https:\/\/www.mendoza.gov.ar\/wp-content\/uploads\/sites\/5\/2025\/06\/829a4a5c-1576-413f-8238-da44dd6db058-120x160.jpg 120w, https:\/\/www.mendoza.gov.ar\/wp-content\/uploads\/sites\/5\/2025\/06\/829a4a5c-1576-413f-8238-da44dd6db058.jpg 1200w\" sizes=\"(max-width: 700px) 100vw, 700px\"><\/a><\/figure><\/li><li class=\"blocks-gallery-item\"><figure><a href=\"https:\/\/www.mendoza.gov.ar\/wp-content\/uploads\/sites\/5\/2025\/06\/3736b21d-c204-4447-b3f8-5589fae358c4-copia.jpg\"><img loading=\"lazy\" width=\"700\" height=\"933\" src=\"https:\/\/www.mendoza.gov.ar\/wp-content\/uploads\/sites\/5\/2025\/06\/3736b21d-c204-4447-b3f8-5589fae358c4-copia-700x933.jpg\" alt=\"\" data-id=\"479910\" data-full-url=\"https:\/\/www.mendoza.gov.ar\/wp-content\/uploads\/sites\/5\/2025\/06\/3736b21d-c204-4447-b3f8-5589fae358c4-copia.jpg\" data-link=\"https:\/\/www.mendoza.gov.ar\/prensa\/?attachment_id=479910\" class=\"wp-image-479910 img-responsive center-block\" srcset=\"https:\/\/www.mendoza.gov.ar\/wp-content\/uploads\/sites\/5\/2025\/06\/3736b21d-c204-4447-b3f8-5589fae358c4-copia-700x933.jpg 700w, https:\/\/www.mendoza.gov.ar\/wp-content\/uploads\/sites\/5\/2025\/06\/3736b21d-c204-4447-b3f8-5589fae358c4-copia-250x333.jpg 250w, https:\/\/www.mendoza.gov.ar\/wp-content\/uploads\/sites\/5\/2025\/06\/3736b21d-c204-4447-b3f8-5589fae358c4-copia-768x1024.jpg 768w, https:\/\/www.mendoza.gov.ar\/wp-content\/uploads\/sites\/5\/2025\/06\/3736b21d-c204-4447-b3f8-5589fae358c4-copia-1152x1536.jpg 1152w, https:\/\/www.mendoza.gov.ar\/wp-content\/uploads\/sites\/5\/2025\/06\/3736b21d-c204-4447-b3f8-5589fae358c4-copia-120x160.jpg 120w, https:\/\/www.mendoza.gov.ar\/wp-content\/uploads\/sites\/5\/2025\/06\/3736b21d-c204-4447-b3f8-5589fae358c4-copia.jpg 1200w\" sizes=\"(max-width: 700px) 100vw, 700px\"><\/a><\/figure><\/li><li class=\"blocks-gallery-item\"><figure><a href=\"https:\/\/www.mendoza.gov.ar\/wp-content\/uploads\/sites\/5\/2025\/06\/3736b21d-c204-4447-b3f8-5589fae358c4.jpg\"><img loading=\"lazy\" width=\"700\" height=\"933\" src=\"https:\/\/www.mendoza.gov.ar\/wp-content\/uploads\/sites\/5\/2025\/06\/3736b21d-c204-4447-b3f8-5589fae358c4-700x933.jpg\" alt=\"\" data-id=\"479911\" data-full-url=\"https:\/\/www.mendoza.gov.ar\/wp-content\/uploads\/sites\/5\/2025\/06\/3736b21d-c204-4447-b3f8-5589fae358c4.jpg\" data-link=\"https:\/\/www.mendoza.gov.ar\/prensa\/?attachment_id=479911\" class=\"wp-image-479911 img-responsive center-block\" srcset=\"https:\/\/www.mendoza.gov.ar\/wp-content\/uploads\/sites\/5\/2025\/06\/3736b21d-c204-4447-b3f8-5589fae358c4-700x933.jpg 700w, https:\/\/www.mendoza.gov.ar\/wp-content\/uploads\/sites\/5\/2025\/06\/3736b21d-c204-4447-b3f8-5589fae358c4-250x333.jpg 250w, https:\/\/www.mendoza.gov.ar\/wp-content\/uploads\/sites\/5\/2025\/06\/3736b21d-c204-4447-b3f8-5589fae358c4-768x1024.jpg 768w, https:\/\/www.mendoza.gov.ar\/wp-content\/uploads\/sites\/5\/2025\/06\/3736b21d-c204-4447-b3f8-5589fae358c4-1152x1536.jpg 1152w, https:\/\/www.mendoza.gov.ar\/wp-content\/uploads\/sites\/5\/2025\/06\/3736b21d-c204-4447-b3f8-5589fae358c4-120x160.jpg 120w, https:\/\/www.mendoza.gov.ar\/wp-content\/uploads\/sites\/5\/2025\/06\/3736b21d-c204-4447-b3f8-5589fae358c4.jpg 1200w\" sizes=\"(max-width: 700px) 100vw, 700px\"><\/a><\/figure><\/li><li class=\"blocks-gallery-item\"><figure><a href=\"https:\/\/www.mendoza.gov.ar\/wp-content\/uploads\/sites\/5\/2025\/06\/871610bd-69ae-47d8-97fd-07271355cce1.jpg\"><img loading=\"lazy\" width=\"700\" height=\"933\" src=\"https:\/\/www.mendoza.gov.ar\/wp-content\/uploads\/sites\/5\/2025\/06\/871610bd-69ae-47d8-97fd-07271355cce1-700x933.jpg\" alt=\"\" data-id=\"479912\" data-full-url=\"https:\/\/www.mendoza.gov.ar\/wp-content\/uploads\/sites\/5\/2025\/06\/871610bd-69ae-47d8-97fd-07271355cce1.jpg\" data-link=\"https:\/\/www.mendoza.gov.ar\/prensa\/?attachment_id=479912\" class=\"wp-image-479912 img-responsive center-block\" srcset=\"https:\/\/www.mendoza.gov.ar\/wp-content\/uploads\/sites\/5\/2025\/06\/871610bd-69ae-47d8-97fd-07271355cce1-700x933.jpg 700w, https:\/\/www.mendoza.gov.ar\/wp-content\/uploads\/sites\/5\/2025\/06\/871610bd-69ae-47d8-97fd-07271355cce1-250x333.jpg 250w, https:\/\/www.mendoza.gov.ar\/wp-content\/uploads\/sites\/5\/2025\/06\/871610bd-69ae-47d8-97fd-07271355cce1-768x1024.jpg 768w, https:\/\/www.mendoza.gov.ar\/wp-content\/uploads\/sites\/5\/2025\/06\/871610bd-69ae-47d8-97fd-07271355cce1-1152x1536.jpg 1152w, https:\/\/www.mendoza.gov.ar\/wp-content\/uploads\/sites\/5\/2025\/06\/871610bd-69ae-47d8-97fd-07271355cce1-120x160.jpg 120w, https:\/\/www.mendoza.gov.ar\/wp-content\/uploads\/sites\/5\/2025\/06\/871610bd-69ae-47d8-97fd-07271355cce1.jpg 1200w\" sizes=\"(max-width: 700px) 100vw, 700px\"><\/a><\/figure><\/li><li class=\"blocks-gallery-item\"><figure><a href=\"https:\/\/www.mendoza.gov.ar\/wp-content\/uploads\/sites\/5\/2025\/06\/ab1dbafb-0d72-40b5-a8e4-82dfb225c68d.jpg\"><img loading=\"lazy\" width=\"700\" height=\"1244\" src=\"https:\/\/www.mendoza.gov.ar\/wp-content\/uploads\/sites\/5\/2025\/06\/ab1dbafb-0d72-40b5-a8e4-82dfb225c68d-700x1244.jpg\" alt=\"\" data-id=\"479913\" data-full-url=\"https:\/\/www.mendoza.gov.ar\/wp-content\/uploads\/sites\/5\/2025\/06\/ab1dbafb-0d72-40b5-a8e4-82dfb225c68d.jpg\" data-link=\"https:\/\/www.mendoza.gov.ar\/prensa\/?attachment_id=479913\" class=\"wp-image-479913 img-responsive center-block\" srcset=\"https:\/\/www.mendoza.gov.ar\/wp-content\/uploads\/sites\/5\/2025\/06\/ab1dbafb-0d72-40b5-a8e4-82dfb225c68d-700x1244.jpg 700w, https:\/\/www.mendoza.gov.ar\/wp-content\/uploads\/sites\/5\/2025\/06\/ab1dbafb-0d72-40b5-a8e4-82dfb225c68d-250x444.jpg 250w, https:\/\/www.mendoza.gov.ar\/wp-content\/uploads\/sites\/5\/2025\/06\/ab1dbafb-0d72-40b5-a8e4-82dfb225c68d-120x213.jpg 120w, https:\/\/www.mendoza.gov.ar\/wp-content\/uploads\/sites\/5\/2025\/06\/ab1dbafb-0d72-40b5-a8e4-82dfb225c68d.jpg 720w\" sizes=\"(max-width: 700px) 100vw, 700px\"><\/a><\/figure><\/li><li class=\"blocks-gallery-item\"><figure><a href=\"https:\/\/www.mendoza.gov.ar\/wp-content\/uploads\/sites\/5\/2025\/06\/c841c1d3-7ae4-4e7a-a95e-28b1600b34ed.jpg\"><img loading=\"lazy\" width=\"700\" height=\"1244\" src=\"https:\/\/www.mendoza.gov.ar\/wp-content\/uploads\/sites\/5\/2025\/06\/c841c1d3-7ae4-4e7a-a95e-28b1600b34ed-700x1244.jpg\" alt=\"\" data-id=\"479914\" data-full-url=\"https:\/\/www.mendoza.gov.ar\/wp-content\/uploads\/sites\/5\/2025\/06\/c841c1d3-7ae4-4e7a-a95e-28b1600b34ed.jpg\" data-link=\"https:\/\/www.mendoza.gov.ar\/prensa\/?attachment_id=479914\" class=\"wp-image-479914 img-responsive center-block\" srcset=\"https:\/\/www.mendoza.gov.ar\/wp-content\/uploads\/sites\/5\/2025\/06\/c841c1d3-7ae4-4e7a-a95e-28b1600b34ed-700x1244.jpg 700w, https:\/\/www.mendoza.gov.ar\/wp-content\/uploads\/sites\/5\/2025\/06\/c841c1d3-7ae4-4e7a-a95e-28b1600b34ed-250x444.jpg 250w, https:\/\/www.mendoza.gov.ar\/wp-content\/uploads\/sites\/5\/2025\/06\/c841c1d3-7ae4-4e7a-a95e-28b1600b34ed-120x213.jpg 120w, https:\/\/www.mendoza.gov.ar\/wp-content\/uploads\/sites\/5\/2025\/06\/c841c1d3-7ae4-4e7a-a95e-28b1600b34ed.jpg 720w\" sizes=\"(max-width: 700px) 100vw, 700px\"><\/a><\/figure><\/li><li class=\"blocks-gallery-item\"><figure><a href=\"https:\/\/www.mendoza.gov.ar\/wp-content\/uploads\/sites\/5\/2025\/06\/PORTADA-LUMINARIAS.jpg\"><img loading=\"lazy\" width=\"700\" height=\"394\" src=\"https:\/\/www.mendoza.gov.ar\/wp-content\/uploads\/sites\/5\/2025\/06\/PORTADA-LUMINARIAS-700x394.jpg\" alt=\"\" data-id=\"479915\" data-full-url=\"https:\/\/www.mendoza.gov.ar\/wp-content\/uploads\/sites\/5\/2025\/06\/PORTADA-LUMINARIAS.jpg\" data-link=\"https:\/\/www.mendoza.gov.ar\/prensa\/?attachment_id=479915\" class=\"wp-image-479915 img-responsive center-block\" srcset=\"https:\/\/www.mendoza.gov.ar\/wp-content\/uploads\/sites\/5\/2025\/06\/PORTADA-LUMINARIAS-700x394.jpg 700w, https:\/\/www.mendoza.gov.ar\/wp-content\/uploads\/sites\/5\/2025\/06\/PORTADA-LUMINARIAS-250x141.jpg 250w, https:\/\/www.mendoza.gov.ar\/wp-content\/uploads\/sites\/5\/2025\/06\/PORTADA-LUMINARIAS-768x432.jpg 768w, https:\/\/www.mendoza.gov.ar\/wp-content\/uploads\/sites\/5\/2025\/06\/PORTADA-LUMINARIAS-1536x864.jpg 1536w, https:\/\/www.mendoza.gov.ar\/wp-content\/uploads\/sites\/5\/2025\/06\/PORTADA-LUMINARIAS-120x67.jpg 120w, https:\/\/www.mendoza.gov.ar\/wp-content\/uploads\/sites\/5\/2025\/06\/PORTADA-LUMINARIAS.jpg 1599w\" sizes=\"(max-width: 700px) 100vw, 700px\"><\/a><\/figure><\/li><\/ul><\/figure>\n<\/body><\/html>\n","protected":false},"excerpt":{"rendered":"La Divisi&oacute;n de Investigaciones Integradas y Leyes Especiales (DIILE) ejecut&oacute; varios allanamientos, donde adem&aacute;s se secuestraron armas. El detenido qued&oacute; a disposici&oacute;n de la Justicia. La Polic&iacute;a de Mendoza, a trav&eacute;s de la Direcci&oacute;n General de Investigaciones, logr&oacute; la detenci&oacute;n de un hombre y la recuperaci&oacute;n de 14 luminarias robadas en Guaymall&eacute;n. Adem&aacute;s, durante el&#8230; <a class=\"view-article\" href=\"https:\/\/www.mendoza.gov.ar\/prensa\/la-policia-recupero-14-luminarias-robadas-y-detuvo-a-un-hombre-en-guaymallen\/\"><\/a>","protected":false},"author":62,"featured_media":479915,"comment_status":"open","ping_status":"open","sticky":false,"template":"","format":"standard","meta":[],"categories":[3036,33],"tags":[],"_links":{"self":[{"href":"https:\/\/www.mendoza.gov.ar\/prensa\/wp-json\/wp\/v2\/posts\/479906"}],"collection":[{"href":"https:\/\/www.mendoza.gov.ar\/prensa\/wp-json\/wp\/v2\/posts"}],"about":[{"href":"https:\/\/www.mendoza.gov.ar\/prensa\/wp-json\/wp\/v2\/types\/post"}],"author":[{"embeddable":true,"href":"https:\/\/www.mendoza.gov.ar\/prensa\/wp-json\/wp\/v2\/users\/62"}],"replies":[{"embeddable":true,"href":"https:\/\/www.mendoza.gov.ar\/prensa\/wp-json\/wp\/v2\/comments?post=479906"}],"version-history":[{"count":3,"href":"https:\/\/www.mendoza.gov.ar\/prensa\/wp-json\/wp\/v2\/posts\/479906\/revisions"}],"predecessor-version":[{"id":479928,"href":"https:\/\/www.mendoza.gov.ar\/prensa\/wp-json\/wp\/v2\/posts\/479906\/revisions\/479928"}],"wp:featuredmedia":[{"embeddable":true,"href":"https:\/\/www.mendoza.gov.ar\/prensa\/wp-json\/wp\/v2\/media\/479915"}],"wp:attachment":[{"href":"https:\/\/www.mendoza.gov.ar\/prensa\/wp-json\/wp\/v2\/media?parent=479906"}],"wp:term":[{"taxonomy":"category","embeddable":true,"href":"https:\/\/www.mendoza.gov.ar\/prensa\/wp-json\/wp\/v2\/categories?post=479906"},{"taxonomy":"post_tag","embeddable":true,"href":"https:\/\/www.mendoza.gov.ar\/prensa\/wp-json\/wp\/v2\/tags?post=479906"}],"curies":[{"name":"wp","href":"https:\/\/api.w.org\/{rel}","templated":true}]}}