{"id":47991,"date":"2016-02-16T09:43:45","date_gmt":"2016-02-16T12:43:45","guid":{"rendered":"http:\/\/prensa.mendoza.gov.ar\/?p=47991"},"modified":"2016-02-16T09:43:45","modified_gmt":"2016-02-16T12:43:45","slug":"desvio-de-transporte-por-la-celebracion-de-la-vendimia-de-maipu","status":"publish","type":"post","link":"https:\/\/www.mendoza.gov.ar\/prensa\/desvio-de-transporte-por-la-celebracion-de-la-vendimia-de-maipu\/","title":{"rendered":"Desv\u00edo de transporte por la celebraci\u00f3n de la Vendimia de Maip\u00fa"},"content":{"rendered":"<!DOCTYPE html PUBLIC \"-\/\/W3C\/\/DTD HTML 4.0 Transitional\/\/EN\" \"http:\/\/www.w3.org\/TR\/REC-html40\/loose.dtd\">\n<html><body><p>Los festejos vendimiales, de la comuna maipucina ocasionar&aacute;n, por tres d&iacute;as consecutivos, desv&iacute;os en el servicio de transporte de pasajeros, sobre la Ruta Provincial N&deg;50.<\/p>\n<p>Del 17&nbsp;al&nbsp;19 de febrero quedar&aacute;n afectados los recorridos entre las calles Machado y Carrizo, del departamento de Maip&uacute;.<\/p>\n<p>Desde Servicios P&uacute;blicos indicaron que &nbsp;los grupos&nbsp;700&nbsp;y&nbsp;750 tomar&aacute;n por Ruta Provincial N&ordm;50, Pueyrred&oacute;n, luego por N&eacute;stor Lencinas, A. Machado y posteriormente, volver&aacute;n a la Ruta 50 para retornar a su recorrido habitual.<\/p>\n<p>&nbsp;<\/p>\n<\/body><\/html>\n","protected":false},"excerpt":{"rendered":"Los d\u00edas 17, 18 y 19 de febrero habr\u00e1 desv\u00edos de colectivos entre la 1, del mi\u00e9rcoles 17 y las 12, del s\u00e1bado 20.","protected":false},"author":3,"featured_media":0,"comment_status":"open","ping_status":"open","sticky":false,"template":"","format":"standard","meta":[],"categories":[1],"tags":[],"_links":{"self":[{"href":"https:\/\/www.mendoza.gov.ar\/prensa\/wp-json\/wp\/v2\/posts\/47991"}],"collection":[{"href":"https:\/\/www.mendoza.gov.ar\/prensa\/wp-json\/wp\/v2\/posts"}],"about":[{"href":"https:\/\/www.mendoza.gov.ar\/prensa\/wp-json\/wp\/v2\/types\/post"}],"author":[{"embeddable":true,"href":"https:\/\/www.mendoza.gov.ar\/prensa\/wp-json\/wp\/v2\/users\/3"}],"replies":[{"embeddable":true,"href":"https:\/\/www.mendoza.gov.ar\/prensa\/wp-json\/wp\/v2\/comments?post=47991"}],"version-history":[{"count":0,"href":"https:\/\/www.mendoza.gov.ar\/prensa\/wp-json\/wp\/v2\/posts\/47991\/revisions"}],"wp:attachment":[{"href":"https:\/\/www.mendoza.gov.ar\/prensa\/wp-json\/wp\/v2\/media?parent=47991"}],"wp:term":[{"taxonomy":"category","embeddable":true,"href":"https:\/\/www.mendoza.gov.ar\/prensa\/wp-json\/wp\/v2\/categories?post=47991"},{"taxonomy":"post_tag","embeddable":true,"href":"https:\/\/www.mendoza.gov.ar\/prensa\/wp-json\/wp\/v2\/tags?post=47991"}],"curies":[{"name":"wp","href":"https:\/\/api.w.org\/{rel}","templated":true}]}}