{"id":479998,"date":"2025-06-12T14:55:26","date_gmt":"2025-06-12T17:55:26","guid":{"rendered":"https:\/\/www.mendoza.gov.ar\/prensa\/?p=479998"},"modified":"2025-06-12T16:43:45","modified_gmt":"2025-06-12T19:43:45","slug":"educacion-y-trabajo-garcia-zalazar-conto-la-experiencia-de-mendoza-en-la-jornada-de-integracion-federal-del-cfi","status":"publish","type":"post","link":"https:\/\/www.mendoza.gov.ar\/prensa\/educacion-y-trabajo-garcia-zalazar-conto-la-experiencia-de-mendoza-en-la-jornada-de-integracion-federal-del-cfi\/","title":{"rendered":"Educaci\u00f3n y trabajo: Garc\u00eda Zalazar cont\u00f3 la experiencia de Mendoza en la Jornada de Integraci\u00f3n Federal del CFI"},"content":{"rendered":"<!DOCTYPE html PUBLIC \"-\/\/W3C\/\/DTD HTML 4.0 Transitional\/\/EN\" \"http:\/\/www.w3.org\/TR\/REC-html40\/loose.dtd\">\n<html><body><h5>El ministro de Educaci&oacute;n, Cultura, Infancias y DGE valor&oacute; el di&aacute;logo federal e intersectorial y destac&oacute; las iniciativas de la Direcci&oacute;n General de Escuelas para vincular la capacitaci&oacute;n con la salida laboral.<\/h5>\n\n\n\n<p>La respuesta del sector educativo ante el contexto productivo actual fue una de las tem&aacute;ticas que se abordaron en la Primera Jornada de Integraci&oacute;n Federal organizada por el Consejo Federal de Inversiones (CFI) junto al Ministerio de Gobierno.<\/p>\n\n\n\n<p>Durante el cierre de las capacitaciones e intercambio de ideas, el ministro de Educaci&oacute;n, Cultura, Infancias y DGE, Tadeo Garc&iacute;a Zalazar, cont&oacute; la experiencia de Mendoza en ese sentido.<\/p>\n\n\n\n<p>Por ejemplo, hizo hincapi&eacute; en la implementaci&oacute;n de las escuelas t&eacute;cnicas m&aacute;s vinculadas al empleo, la formaci&oacute;n profesional continua y las nuevas propuestas de la Direcci&oacute;n General de Escuelas, como los Centros de Educaci&oacute;n Profesional de Adultos de Nivel Secundario (CEPAS), que combinan terminalidad educativa con aprendizaje de oficios. &ldquo;Adaptar la educaci&oacute;n a los cambios del mundo laboral no es una opci&oacute;n, es una necesidad&rdquo;, puntualiz&oacute; el ministro.<\/p>\n\n\n\n<p>Ante representantes de todas las provincias argentinas, Garc&iacute;a Zalazar destac&oacute; &ldquo;la importancia de integrar diferentes jurisdicciones y problem&aacute;ticas, como educaci&oacute;n y trabajo&rdquo;, as&iacute; como la &ldquo;necesidad de di&aacute;logo entre ministerios y sectores para generar soluciones efectivas&rdquo;.<\/p>\n\n\n\n<p>Adem&aacute;s, puso en valor el rol del Consejo Federal de Inversiones, ya que &ldquo;hay pocos &aacute;mbitos federales que integren distintas jurisdicciones y las problem&aacute;ticas que hoy son avanzadas. Educaci&oacute;n y trabajo seguramente son de las m&aacute;s complejas y avanzadas y el di&aacute;logo es necesario&rdquo;.<\/p>\n\n\n\n<p>De eso se trata, cerr&oacute;: &ldquo;De que el Estado d&eacute; soluciones. Estamos en un punto de mucha complejidad, de mucho avance, no s&oacute;lo tecnol&oacute;gico sino tambi&eacute;n con nuevas problem&aacute;ticas sociales que no se resuelven. Necesitamos generar nuevas ideas, pol&iacute;ticas p&uacute;blicas, aplicaciones, proyectos, coordinaciones, vinculaciones entre sectores&rdquo;.<\/p>\n\n\n\n<p>El secretario general del CFI, Ignacio Lamothe, por su parte, tambi&eacute;n puso en valor la relevancia de la transferencia de conocimientos en la gesti&oacute;n p&uacute;blica. De igual forma, enfatiz&oacute; la necesidad de adaptarse a los cambios r&aacute;pidos en el sector tecnol&oacute;gico, c&oacute;mo esto impacta en la producci&oacute;n y el comercio y el desaf&iacute;o que implica fomentar el di&aacute;logo intersectorial para acelerar esos procesos de cambio y la capacidad de la administraci&oacute;n p&uacute;blica para adaptarse a las nuevas realidades.<\/p>\n\n\n\n<p>De hecho, puso el foco en que &ldquo;este es el puente del di&aacute;logo que apuesta a vincular el mundo de los trabajos con el mundo de las alternativas. C&oacute;mo esos procesos se van a estar m&aacute;s r&aacute;pidos es un enorme desaf&iacute;o. Es un enorme cambio pol&iacute;tico, presupuestario e intelectual&rdquo;.<\/p>\n\n\n\n<figure class=\"wp-block-gallery columns-3\"><ul class=\"blocks-gallery-grid\"><li class=\"blocks-gallery-item\"><figure><a href=\"https:\/\/www.mendoza.gov.ar\/wp-content\/uploads\/sites\/5\/2025\/06\/1000578599.jpg\"><img loading=\"lazy\" width=\"700\" height=\"525\" src=\"https:\/\/www.mendoza.gov.ar\/wp-content\/uploads\/sites\/5\/2025\/06\/1000578599-700x525.jpg\" alt=\"\" data-id=\"480000\" data-full-url=\"https:\/\/www.mendoza.gov.ar\/wp-content\/uploads\/sites\/5\/2025\/06\/1000578599.jpg\" data-link=\"https:\/\/www.mendoza.gov.ar\/prensa\/?attachment_id=480000\" class=\"wp-image-480000 img-responsive center-block\" srcset=\"https:\/\/www.mendoza.gov.ar\/wp-content\/uploads\/sites\/5\/2025\/06\/1000578599-700x525.jpg 700w, https:\/\/www.mendoza.gov.ar\/wp-content\/uploads\/sites\/5\/2025\/06\/1000578599-250x188.jpg 250w, https:\/\/www.mendoza.gov.ar\/wp-content\/uploads\/sites\/5\/2025\/06\/1000578599-768x576.jpg 768w, https:\/\/www.mendoza.gov.ar\/wp-content\/uploads\/sites\/5\/2025\/06\/1000578599-1536x1152.jpg 1536w, https:\/\/www.mendoza.gov.ar\/wp-content\/uploads\/sites\/5\/2025\/06\/1000578599-2048x1536.jpg 2048w, https:\/\/www.mendoza.gov.ar\/wp-content\/uploads\/sites\/5\/2025\/06\/1000578599-120x90.jpg 120w\" sizes=\"(max-width: 700px) 100vw, 700px\"><\/a><\/figure><\/li><li class=\"blocks-gallery-item\"><figure><a href=\"https:\/\/www.mendoza.gov.ar\/wp-content\/uploads\/sites\/5\/2025\/06\/1000578593.jpg\"><img loading=\"lazy\" width=\"700\" height=\"525\" src=\"https:\/\/www.mendoza.gov.ar\/wp-content\/uploads\/sites\/5\/2025\/06\/1000578593-700x525.jpg\" alt=\"\" data-id=\"480001\" data-full-url=\"https:\/\/www.mendoza.gov.ar\/wp-content\/uploads\/sites\/5\/2025\/06\/1000578593.jpg\" data-link=\"https:\/\/www.mendoza.gov.ar\/prensa\/?attachment_id=480001\" class=\"wp-image-480001 img-responsive center-block\" srcset=\"https:\/\/www.mendoza.gov.ar\/wp-content\/uploads\/sites\/5\/2025\/06\/1000578593-700x525.jpg 700w, https:\/\/www.mendoza.gov.ar\/wp-content\/uploads\/sites\/5\/2025\/06\/1000578593-250x188.jpg 250w, https:\/\/www.mendoza.gov.ar\/wp-content\/uploads\/sites\/5\/2025\/06\/1000578593-768x576.jpg 768w, https:\/\/www.mendoza.gov.ar\/wp-content\/uploads\/sites\/5\/2025\/06\/1000578593-1536x1152.jpg 1536w, https:\/\/www.mendoza.gov.ar\/wp-content\/uploads\/sites\/5\/2025\/06\/1000578593-2048x1536.jpg 2048w, https:\/\/www.mendoza.gov.ar\/wp-content\/uploads\/sites\/5\/2025\/06\/1000578593-120x90.jpg 120w\" sizes=\"(max-width: 700px) 100vw, 700px\"><\/a><\/figure><\/li><li class=\"blocks-gallery-item\"><figure><a href=\"https:\/\/www.mendoza.gov.ar\/wp-content\/uploads\/sites\/5\/2025\/06\/1000578601.jpg\"><img loading=\"lazy\" width=\"700\" height=\"525\" src=\"https:\/\/www.mendoza.gov.ar\/wp-content\/uploads\/sites\/5\/2025\/06\/1000578601-700x525.jpg\" alt=\"\" data-id=\"480004\" data-full-url=\"https:\/\/www.mendoza.gov.ar\/wp-content\/uploads\/sites\/5\/2025\/06\/1000578601.jpg\" data-link=\"https:\/\/www.mendoza.gov.ar\/prensa\/?attachment_id=480004\" class=\"wp-image-480004 img-responsive center-block\" srcset=\"https:\/\/www.mendoza.gov.ar\/wp-content\/uploads\/sites\/5\/2025\/06\/1000578601-700x525.jpg 700w, https:\/\/www.mendoza.gov.ar\/wp-content\/uploads\/sites\/5\/2025\/06\/1000578601-250x188.jpg 250w, https:\/\/www.mendoza.gov.ar\/wp-content\/uploads\/sites\/5\/2025\/06\/1000578601-768x576.jpg 768w, https:\/\/www.mendoza.gov.ar\/wp-content\/uploads\/sites\/5\/2025\/06\/1000578601-1536x1152.jpg 1536w, https:\/\/www.mendoza.gov.ar\/wp-content\/uploads\/sites\/5\/2025\/06\/1000578601-2048x1536.jpg 2048w, https:\/\/www.mendoza.gov.ar\/wp-content\/uploads\/sites\/5\/2025\/06\/1000578601-120x90.jpg 120w\" sizes=\"(max-width: 700px) 100vw, 700px\"><\/a><\/figure><\/li><li class=\"blocks-gallery-item\"><figure><a href=\"https:\/\/www.mendoza.gov.ar\/wp-content\/uploads\/sites\/5\/2025\/06\/1000578595.jpg\"><img src=\"https:\/\/www.mendoza.gov.ar\/wp-content\/uploads\/sites\/5\/2025\/06\/1000578595-700x525.jpg\" alt=\"\" data-id=\"480002\" data-full-url=\"https:\/\/www.mendoza.gov.ar\/wp-content\/uploads\/sites\/5\/2025\/06\/1000578595.jpg\" data-link=\"https:\/\/www.mendoza.gov.ar\/prensa\/?attachment_id=480002\" class=\"wp-image-480002 img-responsive center-block\"><\/a><\/figure><\/li><li class=\"blocks-gallery-item\"><figure><a href=\"https:\/\/www.mendoza.gov.ar\/wp-content\/uploads\/sites\/5\/2025\/06\/1000578591.jpg\"><img loading=\"lazy\" width=\"700\" height=\"525\" src=\"https:\/\/www.mendoza.gov.ar\/wp-content\/uploads\/sites\/5\/2025\/06\/1000578591-700x525.jpg\" alt=\"\" data-id=\"480003\" data-full-url=\"https:\/\/www.mendoza.gov.ar\/wp-content\/uploads\/sites\/5\/2025\/06\/1000578591.jpg\" data-link=\"https:\/\/www.mendoza.gov.ar\/prensa\/?attachment_id=480003\" class=\"wp-image-480003 img-responsive center-block\" srcset=\"https:\/\/www.mendoza.gov.ar\/wp-content\/uploads\/sites\/5\/2025\/06\/1000578591-700x525.jpg 700w, https:\/\/www.mendoza.gov.ar\/wp-content\/uploads\/sites\/5\/2025\/06\/1000578591-250x188.jpg 250w, https:\/\/www.mendoza.gov.ar\/wp-content\/uploads\/sites\/5\/2025\/06\/1000578591-768x576.jpg 768w, https:\/\/www.mendoza.gov.ar\/wp-content\/uploads\/sites\/5\/2025\/06\/1000578591-1536x1152.jpg 1536w, https:\/\/www.mendoza.gov.ar\/wp-content\/uploads\/sites\/5\/2025\/06\/1000578591-2048x1536.jpg 2048w, https:\/\/www.mendoza.gov.ar\/wp-content\/uploads\/sites\/5\/2025\/06\/1000578591-120x90.jpg 120w\" sizes=\"(max-width: 700px) 100vw, 700px\"><\/a><\/figure><\/li><\/ul><\/figure>\n<\/body><\/html>\n","protected":false},"excerpt":{"rendered":"El ministro de Educaci&oacute;n, Cultura, Infancias y DGE valor&oacute; el di&aacute;logo federal e intersectorial y destac&oacute; las iniciativas de la Direcci&oacute;n General de Escuelas para vincular la capacitaci&oacute;n con la salida laboral. La respuesta del sector educativo ante el contexto productivo actual fue una de las tem&aacute;ticas que se abordaron en la Primera Jornada de&#8230; <a class=\"view-article\" href=\"https:\/\/www.mendoza.gov.ar\/prensa\/educacion-y-trabajo-garcia-zalazar-conto-la-experiencia-de-mendoza-en-la-jornada-de-integracion-federal-del-cfi\/\"><\/a>","protected":false},"author":63,"featured_media":480002,"comment_status":"open","ping_status":"open","sticky":false,"template":"","format":"standard","meta":[],"categories":[12],"tags":[],"_links":{"self":[{"href":"https:\/\/www.mendoza.gov.ar\/prensa\/wp-json\/wp\/v2\/posts\/479998"}],"collection":[{"href":"https:\/\/www.mendoza.gov.ar\/prensa\/wp-json\/wp\/v2\/posts"}],"about":[{"href":"https:\/\/www.mendoza.gov.ar\/prensa\/wp-json\/wp\/v2\/types\/post"}],"author":[{"embeddable":true,"href":"https:\/\/www.mendoza.gov.ar\/prensa\/wp-json\/wp\/v2\/users\/63"}],"replies":[{"embeddable":true,"href":"https:\/\/www.mendoza.gov.ar\/prensa\/wp-json\/wp\/v2\/comments?post=479998"}],"version-history":[{"count":5,"href":"https:\/\/www.mendoza.gov.ar\/prensa\/wp-json\/wp\/v2\/posts\/479998\/revisions"}],"predecessor-version":[{"id":480025,"href":"https:\/\/www.mendoza.gov.ar\/prensa\/wp-json\/wp\/v2\/posts\/479998\/revisions\/480025"}],"wp:featuredmedia":[{"embeddable":true,"href":"https:\/\/www.mendoza.gov.ar\/prensa\/wp-json\/wp\/v2\/media\/480002"}],"wp:attachment":[{"href":"https:\/\/www.mendoza.gov.ar\/prensa\/wp-json\/wp\/v2\/media?parent=479998"}],"wp:term":[{"taxonomy":"category","embeddable":true,"href":"https:\/\/www.mendoza.gov.ar\/prensa\/wp-json\/wp\/v2\/categories?post=479998"},{"taxonomy":"post_tag","embeddable":true,"href":"https:\/\/www.mendoza.gov.ar\/prensa\/wp-json\/wp\/v2\/tags?post=479998"}],"curies":[{"name":"wp","href":"https:\/\/api.w.org\/{rel}","templated":true}]}}