{"id":48021,"date":"2016-02-16T13:07:00","date_gmt":"2016-02-16T16:07:00","guid":{"rendered":"http:\/\/prensa.mendoza.gov.ar\/?p=48021"},"modified":"2016-02-16T13:07:00","modified_gmt":"2016-02-16T16:07:00","slug":"analizaron-la-situacion-de-alta-montana-luego-de-las-tormentas","status":"publish","type":"post","link":"https:\/\/www.mendoza.gov.ar\/prensa\/analizaron-la-situacion-de-alta-montana-luego-de-las-tormentas\/","title":{"rendered":"Analizaron la situaci\u00f3n de alta monta\u00f1a, luego de las tormentas"},"content":{"rendered":"<!DOCTYPE html PUBLIC \"-\/\/W3C\/\/DTD HTML 4.0 Transitional\/\/EN\" \"http:\/\/www.w3.org\/TR\/REC-html40\/loose.dtd\">\n<html><body><p>Representantes de la Secretar&iacute;a de Ambiente y Ordenamiento Territorial y el Ministerio de Econom&iacute;a de la provincia, se reunieron para&nbsp;analizar las contingencias clim&aacute;ticas ocurridas en estos dos &uacute;ltimos meses.<\/p>\n<p>En la oportunidad,&nbsp;ambos organismos firmaron un convenio marco de cooperaci&oacute;n a trav&eacute;s del cual se establece&nbsp;un plan de acci&oacute;n preventivo y de obras y sentaron&nbsp;bases para suscribir otros convenios particulares en temas espec&iacute;ficos.<\/p>\n<p>Tambi&eacute;n&nbsp;trataron temas de infraestructura, ambiente, turismo y de desarrollo territorial para las zonas de Cacheuta, Potrerillos y Uspallata.<\/p>\n<p>La reuni&oacute;n&nbsp;se desarroll&oacute; en el sexto piso de Casa de Gobierno y cont&oacute;, adem&aacute;s con la presencia de&nbsp;funcionarios del Servicio Geol&oacute;gico Minero Argentino, del Conicet y de Vialidad Nacional.<\/p>\n<\/body><\/html>\n","protected":false},"excerpt":{"rendered":"Fue en una reuni\u00f3n de diferentes organismos que se realiz\u00f3 en Casa de Gobierno. All\u00ed evaluaron el impacto de las intensas lluvias que se produjeron en los \u00faltimos meses en distritos como Uspallta, Potrerillos y Cachauta.  ","protected":false},"author":3,"featured_media":48025,"comment_status":"open","ping_status":"open","sticky":false,"template":"","format":"standard","meta":[],"categories":[3],"tags":[],"_links":{"self":[{"href":"https:\/\/www.mendoza.gov.ar\/prensa\/wp-json\/wp\/v2\/posts\/48021"}],"collection":[{"href":"https:\/\/www.mendoza.gov.ar\/prensa\/wp-json\/wp\/v2\/posts"}],"about":[{"href":"https:\/\/www.mendoza.gov.ar\/prensa\/wp-json\/wp\/v2\/types\/post"}],"author":[{"embeddable":true,"href":"https:\/\/www.mendoza.gov.ar\/prensa\/wp-json\/wp\/v2\/users\/3"}],"replies":[{"embeddable":true,"href":"https:\/\/www.mendoza.gov.ar\/prensa\/wp-json\/wp\/v2\/comments?post=48021"}],"version-history":[{"count":0,"href":"https:\/\/www.mendoza.gov.ar\/prensa\/wp-json\/wp\/v2\/posts\/48021\/revisions"}],"wp:featuredmedia":[{"embeddable":true,"href":"https:\/\/www.mendoza.gov.ar\/prensa\/wp-json\/wp\/v2\/media\/48025"}],"wp:attachment":[{"href":"https:\/\/www.mendoza.gov.ar\/prensa\/wp-json\/wp\/v2\/media?parent=48021"}],"wp:term":[{"taxonomy":"category","embeddable":true,"href":"https:\/\/www.mendoza.gov.ar\/prensa\/wp-json\/wp\/v2\/categories?post=48021"},{"taxonomy":"post_tag","embeddable":true,"href":"https:\/\/www.mendoza.gov.ar\/prensa\/wp-json\/wp\/v2\/tags?post=48021"}],"curies":[{"name":"wp","href":"https:\/\/api.w.org\/{rel}","templated":true}]}}