{"id":480637,"date":"2025-06-17T10:56:58","date_gmt":"2025-06-17T13:56:58","guid":{"rendered":"https:\/\/www.mendoza.gov.ar\/prensa\/?p=480637"},"modified":"2025-06-17T11:02:28","modified_gmt":"2025-06-17T14:02:28","slug":"la-policia-rural-detecto-trafico-ilegal-de-aves-en-maipu-y-san-rafael","status":"publish","type":"post","link":"https:\/\/www.mendoza.gov.ar\/prensa\/la-policia-rural-detecto-trafico-ilegal-de-aves-en-maipu-y-san-rafael\/","title":{"rendered":"La Polic\u00eda Rural detect\u00f3 tr\u00e1fico ilegal de aves en Maip\u00fa y San Rafael"},"content":{"rendered":"<!DOCTYPE html PUBLIC \"-\/\/W3C\/\/DTD HTML 4.0 Transitional\/\/EN\" \"http:\/\/www.w3.org\/TR\/REC-html40\/loose.dtd\">\n<html><body><h5>Los procedimientos fueron realizados en conjunto con la Direcci&oacute;n de Biodiversidad y Ecoparque, donde se secuestraron ejemplares de fauna silvestre y elementos utilizados para su captura. Las personas involucradas quedaron a disposici&oacute;n de la Justicia.<\/h5>\n\n\n\n<p>Durante controles preventivos en Maip&uacute; y San Rafael, la Polic&iacute;a Rural intervino en operaciones ilegales vinculadas al tr&aacute;fico de aves y constat&oacute; infracciones vehiculares que derivaron en secuestros y actuaciones judiciales. Fue en conjunto con la Direcci&oacute;n de Biodiversidad y Ecoparque.<\/p>\n\n\n\n<p>En el primer departamento, en Ruta 60 y calle Sarmiento, efectivos policiales sorprendieron a dos ciudadanos intercambiando jaulas con aves de la especie &ldquo;siete cuchillos&rdquo;, valuadas en $200.000, cada una. Tras la intervenci&oacute;n de la Oficina Fiscal local, se dispuso el secuestro de los animales y las jaulas, as&iacute; como el traslado de los involucrados para el labrado de las actuaciones pertinentes bajo la Ley 22421.<\/p>\n\n\n\n<p>Por su parte, en San Rafael, en Prolongaci&oacute;n Salas, aproximadamente a un kil&oacute;metro de calle El Palomar, se control&oacute; un veh&iacute;culo cuyo conductor manifest&oacute; estar recolectando le&ntilde;a para un asado. En el asiento del acompa&ntilde;ante, se encontr&oacute; una jaula trampero con un jilguero y otra artesanal negra. La ayudante fiscal interviniente orden&oacute; el secuestro de las jaulas y el ave, la aprehensi&oacute;n del conductor por averiguaci&oacute;n antecedentes y la realizaci&oacute;n de actuaciones por la Ley 22421.<\/p>\n\n\n\n<p>Durante la inspecci&oacute;n vehicular, se constat&oacute; la falta de seguro obligatorio, por lo que se solicit&oacute; la intervenci&oacute;n de Polic&iacute;a Vial. Se labr&oacute; el acta correspondiente y el veh&iacute;culo fue secuestrado.<\/p>\n\n\n\n<figure class=\"wp-block-gallery columns-3\"><ul class=\"blocks-gallery-grid\"><li class=\"blocks-gallery-item\"><figure><img loading=\"lazy\" width=\"700\" height=\"700\" src=\"https:\/\/www.mendoza.gov.ar\/wp-content\/uploads\/sites\/5\/2025\/06\/PORTADA-15-700x700.jpeg\" alt=\"\" data-id=\"480643\" data-link=\"https:\/\/www.mendoza.gov.ar\/prensa\/?attachment_id=480643\" class=\"wp-image-480643 img-responsive center-block\" srcset=\"https:\/\/www.mendoza.gov.ar\/wp-content\/uploads\/sites\/5\/2025\/06\/PORTADA-15-700x700.jpeg 700w, https:\/\/www.mendoza.gov.ar\/wp-content\/uploads\/sites\/5\/2025\/06\/PORTADA-15-250x250.jpeg 250w, https:\/\/www.mendoza.gov.ar\/wp-content\/uploads\/sites\/5\/2025\/06\/PORTADA-15-150x150.jpeg 150w, https:\/\/www.mendoza.gov.ar\/wp-content\/uploads\/sites\/5\/2025\/06\/PORTADA-15-768x768.jpeg 768w, https:\/\/www.mendoza.gov.ar\/wp-content\/uploads\/sites\/5\/2025\/06\/PORTADA-15-120x120.jpeg 120w, https:\/\/www.mendoza.gov.ar\/wp-content\/uploads\/sites\/5\/2025\/06\/PORTADA-15.jpeg 1536w\" sizes=\"(max-width: 700px) 100vw, 700px\"><\/figure><\/li><li class=\"blocks-gallery-item\"><figure><img loading=\"lazy\" width=\"700\" height=\"1244\" src=\"https:\/\/www.mendoza.gov.ar\/wp-content\/uploads\/sites\/5\/2025\/06\/WhatsApp-Image-2025-06-16-at-07.49.11-1-700x1244.jpeg\" alt=\"\" data-id=\"480644\" data-link=\"https:\/\/www.mendoza.gov.ar\/prensa\/?attachment_id=480644\" class=\"wp-image-480644 img-responsive center-block\" srcset=\"https:\/\/www.mendoza.gov.ar\/wp-content\/uploads\/sites\/5\/2025\/06\/WhatsApp-Image-2025-06-16-at-07.49.11-1-700x1244.jpeg 700w, https:\/\/www.mendoza.gov.ar\/wp-content\/uploads\/sites\/5\/2025\/06\/WhatsApp-Image-2025-06-16-at-07.49.11-1-250x444.jpeg 250w, https:\/\/www.mendoza.gov.ar\/wp-content\/uploads\/sites\/5\/2025\/06\/WhatsApp-Image-2025-06-16-at-07.49.11-1-768x1365.jpeg 768w, https:\/\/www.mendoza.gov.ar\/wp-content\/uploads\/sites\/5\/2025\/06\/WhatsApp-Image-2025-06-16-at-07.49.11-1-864x1536.jpeg 864w, https:\/\/www.mendoza.gov.ar\/wp-content\/uploads\/sites\/5\/2025\/06\/WhatsApp-Image-2025-06-16-at-07.49.11-1-120x213.jpeg 120w, https:\/\/www.mendoza.gov.ar\/wp-content\/uploads\/sites\/5\/2025\/06\/WhatsApp-Image-2025-06-16-at-07.49.11-1.jpeg 900w\" sizes=\"(max-width: 700px) 100vw, 700px\"><\/figure><\/li><li class=\"blocks-gallery-item\"><figure><img loading=\"lazy\" width=\"307\" height=\"307\" src=\"https:\/\/www.mendoza.gov.ar\/wp-content\/uploads\/sites\/5\/2025\/06\/WhatsApp-Image-2025-06-16-at-07.49.10.jpeg\" alt=\"\" data-id=\"480645\" data-full-url=\"https:\/\/www.mendoza.gov.ar\/wp-content\/uploads\/sites\/5\/2025\/06\/WhatsApp-Image-2025-06-16-at-07.49.10.jpeg\" data-link=\"https:\/\/www.mendoza.gov.ar\/prensa\/?attachment_id=480645\" class=\"wp-image-480645 img-responsive center-block\" srcset=\"https:\/\/www.mendoza.gov.ar\/wp-content\/uploads\/sites\/5\/2025\/06\/WhatsApp-Image-2025-06-16-at-07.49.10.jpeg 307w, https:\/\/www.mendoza.gov.ar\/wp-content\/uploads\/sites\/5\/2025\/06\/WhatsApp-Image-2025-06-16-at-07.49.10-250x250.jpeg 250w, https:\/\/www.mendoza.gov.ar\/wp-content\/uploads\/sites\/5\/2025\/06\/WhatsApp-Image-2025-06-16-at-07.49.10-150x150.jpeg 150w, https:\/\/www.mendoza.gov.ar\/wp-content\/uploads\/sites\/5\/2025\/06\/WhatsApp-Image-2025-06-16-at-07.49.10-120x120.jpeg 120w\" sizes=\"(max-width: 307px) 100vw, 307px\"><\/figure><\/li><\/ul><\/figure>\n<\/body><\/html>\n","protected":false},"excerpt":{"rendered":"Los procedimientos fueron realizados en conjunto con la Direcci&oacute;n de Biodiversidad y Ecoparque, donde se secuestraron ejemplares de fauna silvestre y elementos utilizados para su captura. Las personas involucradas quedaron a disposici&oacute;n de la Justicia. Durante controles preventivos en Maip&uacute; y San Rafael, la Polic&iacute;a Rural intervino en operaciones ilegales vinculadas al tr&aacute;fico de aves&#8230; <a class=\"view-article\" href=\"https:\/\/www.mendoza.gov.ar\/prensa\/la-policia-rural-detecto-trafico-ilegal-de-aves-en-maipu-y-san-rafael\/\"><\/a>","protected":false},"author":61,"featured_media":480643,"comment_status":"open","ping_status":"open","sticky":false,"template":"","format":"standard","meta":[],"categories":[3036,33],"tags":[],"_links":{"self":[{"href":"https:\/\/www.mendoza.gov.ar\/prensa\/wp-json\/wp\/v2\/posts\/480637"}],"collection":[{"href":"https:\/\/www.mendoza.gov.ar\/prensa\/wp-json\/wp\/v2\/posts"}],"about":[{"href":"https:\/\/www.mendoza.gov.ar\/prensa\/wp-json\/wp\/v2\/types\/post"}],"author":[{"embeddable":true,"href":"https:\/\/www.mendoza.gov.ar\/prensa\/wp-json\/wp\/v2\/users\/61"}],"replies":[{"embeddable":true,"href":"https:\/\/www.mendoza.gov.ar\/prensa\/wp-json\/wp\/v2\/comments?post=480637"}],"version-history":[{"count":4,"href":"https:\/\/www.mendoza.gov.ar\/prensa\/wp-json\/wp\/v2\/posts\/480637\/revisions"}],"predecessor-version":[{"id":480656,"href":"https:\/\/www.mendoza.gov.ar\/prensa\/wp-json\/wp\/v2\/posts\/480637\/revisions\/480656"}],"wp:featuredmedia":[{"embeddable":true,"href":"https:\/\/www.mendoza.gov.ar\/prensa\/wp-json\/wp\/v2\/media\/480643"}],"wp:attachment":[{"href":"https:\/\/www.mendoza.gov.ar\/prensa\/wp-json\/wp\/v2\/media?parent=480637"}],"wp:term":[{"taxonomy":"category","embeddable":true,"href":"https:\/\/www.mendoza.gov.ar\/prensa\/wp-json\/wp\/v2\/categories?post=480637"},{"taxonomy":"post_tag","embeddable":true,"href":"https:\/\/www.mendoza.gov.ar\/prensa\/wp-json\/wp\/v2\/tags?post=480637"}],"curies":[{"name":"wp","href":"https:\/\/api.w.org\/{rel}","templated":true}]}}