{"id":480879,"date":"2025-06-18T10:13:35","date_gmt":"2025-06-18T13:13:35","guid":{"rendered":"https:\/\/www.mendoza.gov.ar\/prensa\/?p=480879"},"modified":"2025-06-18T11:26:27","modified_gmt":"2025-06-18T14:26:27","slug":"la-velada-patriotica-presentara-a-pocho-sosa-con-la-filarmonica","status":"publish","type":"post","link":"https:\/\/www.mendoza.gov.ar\/prensa\/la-velada-patriotica-presentara-a-pocho-sosa-con-la-filarmonica\/","title":{"rendered":"La Velada Patri\u00f3tica presentar\u00e1 a Pocho Sosa con la Filarm\u00f3nica"},"content":{"rendered":"<!DOCTYPE html PUBLIC \"-\/\/W3C\/\/DTD HTML 4.0 Transitional\/\/EN\" \"http:\/\/www.w3.org\/TR\/REC-html40\/loose.dtd\">\n<html><body><h5>El martes 8 de julio, el Teatro Independencia albergar&aacute; un espect&aacute;culo de primer nivel con la presentaci&oacute;n del trovador mendocino junto a la orquesta.<\/h5>\n\n\n\n<p>Se viene el festejo n&uacute;mero 207 de la Independencia de la Rep&uacute;blica Argentina &ndash;que es el 9 de Julio&ndash; y en Mendoza habr&aacute; una gran celebraci&oacute;n el d&iacute;a previo, con un concierto de lujo que se llevar&aacute; a cabo en el Teatro Independencia. As&iacute;, el martes 8 de julio, a las 21, el legendario int&eacute;rprete mendocino Pocho Sosa ofrecer&aacute; un repertorio exclusivo acompa&ntilde;ado por la Orquesta Filarm&oacute;nica de Mendoza, dirigida por el maestro Pablo Herrero Pondal.<\/p>\n\n\n\n<p>Sosa estar&aacute; acompa&ntilde;ado por una banda conformada por Marcelo M&eacute;ndez, Paulo Amaya y Eduardo Ordo&ntilde;ez. Adem&aacute;s, habr&aacute; invitados especiales.<\/p>\n\n\n\n<p>Las entradas ya est&aacute;n a la venta en <a rel=\"noreferrer noopener\" href=\"https:\/\/www.entradaweb.com.ar\/eventos?k=teatro%20independencia\" target=\"_blank\">www.entradaweb.com.ar<\/a>&nbsp;y en la boleter&iacute;a del teatro, Chile y Espejo, Ciudad.<\/p>\n\n\n\n<p><strong>El artista<\/strong><\/p>\n\n\n\n<p>Pocho Sosa regresa al escenario mayor de Mendoza con un concierto que ser&aacute; memorable. Figura fundamental de la m&uacute;sica de Cuyo, vivi&oacute; en primera persona en su juventud el hito cultural del Nuevo Cancionero.<\/p>\n\n\n\n<p>Carlos Alberto <em>Pocho <\/em>Sosa naci&oacute; y se crio en la Ciudad de Mendoza. Entre los a&ntilde;os 1960 y 1965 integr&oacute; varios grupos vocales: Los Picunches, Los Huarpe&ntilde;os y Cuarteto Vocal Huanta.<\/p>\n\n\n\n<p>En 1974, funda Canto Tr&iacute;o, junto a Gerardo Poblet y Beto Quiroga, grupo con el cual, en 1981, obtiene el premio Jurado T&eacute;cnico en el Festival de Cosqu&iacute;n interpretando el tema <em>Destituyo las rosas, <\/em>de Dami&aacute;n S&aacute;nchez y Elena Sir&oacute;.<\/p>\n\n\n\n<p>En 1982, comienza su carrera como solista cantando en distintas locaciones de la Rep&uacute;blica Argentina y realizando giras por Estados Unidos, Canad&aacute;, Uruguay, Chile y Espa&ntilde;a.<\/p>\n\n\n\n<p>En 2011, fue declarado Ciudadano Ilustre de la Ciudad de Mendoza. En 2013, la C&aacute;mara de Diputados de Mendoza reconoci&oacute; sus 50 a&ntilde;os de trayectoria en la m&uacute;sica. En 2014, fue nombrado Embajador Cultural de Mendoza. En 2016, en el Congreso de la Naci&oacute;n, en el marco del ciclo cultural-musical &ldquo;Para el tiempo de cosecha&rdquo;, organizado por las Casas de Mendoza, de San Juan y de San Luis, fue distinguido por los directores de las Casas de provincias y por legisladores nacionales.<\/p>\n\n\n\n<p>En 2018, recibi&oacute; la menci&oacute;n de honor Domingo Faustino Sarmiento, que entrega el Senado de la Naci&oacute;n.<\/p>\n\n\n\n<figure class=\"wp-block-gallery columns-3\"><ul class=\"blocks-gallery-grid\"><li class=\"blocks-gallery-item\"><figure><a href=\"https:\/\/www.mendoza.gov.ar\/wp-content\/uploads\/sites\/5\/2025\/06\/DSC_9077-700x471.jpg\"><img loading=\"lazy\" width=\"700\" height=\"471\" src=\"https:\/\/www.mendoza.gov.ar\/wp-content\/uploads\/sites\/5\/2025\/06\/DSC_9077-700x471.jpg\" alt=\"\" data-id=\"480880\" data-link=\"https:\/\/www.mendoza.gov.ar\/prensa\/?attachment_id=480880\" class=\"wp-image-480880 img-responsive center-block\" srcset=\"https:\/\/www.mendoza.gov.ar\/wp-content\/uploads\/sites\/5\/2025\/06\/DSC_9077-700x471.jpg 700w, https:\/\/www.mendoza.gov.ar\/wp-content\/uploads\/sites\/5\/2025\/06\/DSC_9077-250x168.jpg 250w, https:\/\/www.mendoza.gov.ar\/wp-content\/uploads\/sites\/5\/2025\/06\/DSC_9077-768x517.jpg 768w, https:\/\/www.mendoza.gov.ar\/wp-content\/uploads\/sites\/5\/2025\/06\/DSC_9077-1536x1034.jpg 1536w, https:\/\/www.mendoza.gov.ar\/wp-content\/uploads\/sites\/5\/2025\/06\/DSC_9077-2048x1379.jpg 2048w, https:\/\/www.mendoza.gov.ar\/wp-content\/uploads\/sites\/5\/2025\/06\/DSC_9077-120x81.jpg 120w\" sizes=\"(max-width: 700px) 100vw, 700px\"><\/a><\/figure><\/li><li class=\"blocks-gallery-item\"><figure><a href=\"https:\/\/www.mendoza.gov.ar\/wp-content\/uploads\/sites\/5\/2025\/06\/Fachada-Teatro-Independencia-11-700x467.jpg\"><img loading=\"lazy\" width=\"700\" height=\"467\" src=\"https:\/\/www.mendoza.gov.ar\/wp-content\/uploads\/sites\/5\/2025\/06\/Fachada-Teatro-Independencia-11-700x467.jpg\" alt=\"\" data-id=\"480882\" data-link=\"https:\/\/www.mendoza.gov.ar\/prensa\/?attachment_id=480882\" class=\"wp-image-480882 img-responsive center-block\" srcset=\"https:\/\/www.mendoza.gov.ar\/wp-content\/uploads\/sites\/5\/2025\/06\/Fachada-Teatro-Independencia-11-700x467.jpg 700w, https:\/\/www.mendoza.gov.ar\/wp-content\/uploads\/sites\/5\/2025\/06\/Fachada-Teatro-Independencia-11-250x167.jpg 250w, https:\/\/www.mendoza.gov.ar\/wp-content\/uploads\/sites\/5\/2025\/06\/Fachada-Teatro-Independencia-11-768x512.jpg 768w, https:\/\/www.mendoza.gov.ar\/wp-content\/uploads\/sites\/5\/2025\/06\/Fachada-Teatro-Independencia-11-1536x1024.jpg 1536w, https:\/\/www.mendoza.gov.ar\/wp-content\/uploads\/sites\/5\/2025\/06\/Fachada-Teatro-Independencia-11-2048x1365.jpg 2048w, https:\/\/www.mendoza.gov.ar\/wp-content\/uploads\/sites\/5\/2025\/06\/Fachada-Teatro-Independencia-11-120x80.jpg 120w\" sizes=\"(max-width: 700px) 100vw, 700px\"><\/a><\/figure><\/li><li class=\"blocks-gallery-item\"><figure><a href=\"https:\/\/www.mendoza.gov.ar\/wp-content\/uploads\/sites\/5\/2025\/06\/Pocho-Sosa-1.jpg\"><img loading=\"lazy\" width=\"700\" height=\"467\" src=\"https:\/\/www.mendoza.gov.ar\/wp-content\/uploads\/sites\/5\/2025\/06\/Pocho-Sosa-1-700x467.jpg\" alt=\"\" data-id=\"480883\" data-full-url=\"https:\/\/www.mendoza.gov.ar\/wp-content\/uploads\/sites\/5\/2025\/06\/Pocho-Sosa-1.jpg\" data-link=\"https:\/\/www.mendoza.gov.ar\/prensa\/?attachment_id=480883\" class=\"wp-image-480883 img-responsive center-block\" srcset=\"https:\/\/www.mendoza.gov.ar\/wp-content\/uploads\/sites\/5\/2025\/06\/Pocho-Sosa-1-700x467.jpg 700w, https:\/\/www.mendoza.gov.ar\/wp-content\/uploads\/sites\/5\/2025\/06\/Pocho-Sosa-1-250x167.jpg 250w, https:\/\/www.mendoza.gov.ar\/wp-content\/uploads\/sites\/5\/2025\/06\/Pocho-Sosa-1-768x512.jpg 768w, https:\/\/www.mendoza.gov.ar\/wp-content\/uploads\/sites\/5\/2025\/06\/Pocho-Sosa-1-120x80.jpg 120w, https:\/\/www.mendoza.gov.ar\/wp-content\/uploads\/sites\/5\/2025\/06\/Pocho-Sosa-1.jpg 960w\" sizes=\"(max-width: 700px) 100vw, 700px\"><\/a><\/figure><\/li><\/ul><\/figure>\n<\/body><\/html>\n","protected":false},"excerpt":{"rendered":"El martes 8 de julio, el Teatro Independencia albergar&aacute; un espect&aacute;culo de primer nivel con la presentaci&oacute;n del trovador mendocino junto a la orquesta. Se viene el festejo n&uacute;mero 207 de la Independencia de la Rep&uacute;blica Argentina &ndash;que es el 9 de Julio&ndash; y en Mendoza habr&aacute; una gran celebraci&oacute;n el d&iacute;a previo, con un&#8230; <a class=\"view-article\" href=\"https:\/\/www.mendoza.gov.ar\/prensa\/la-velada-patriotica-presentara-a-pocho-sosa-con-la-filarmonica\/\"><\/a>","protected":false},"author":61,"featured_media":480881,"comment_status":"open","ping_status":"open","sticky":false,"template":"","format":"standard","meta":[],"categories":[8,12,2711],"tags":[],"_links":{"self":[{"href":"https:\/\/www.mendoza.gov.ar\/prensa\/wp-json\/wp\/v2\/posts\/480879"}],"collection":[{"href":"https:\/\/www.mendoza.gov.ar\/prensa\/wp-json\/wp\/v2\/posts"}],"about":[{"href":"https:\/\/www.mendoza.gov.ar\/prensa\/wp-json\/wp\/v2\/types\/post"}],"author":[{"embeddable":true,"href":"https:\/\/www.mendoza.gov.ar\/prensa\/wp-json\/wp\/v2\/users\/61"}],"replies":[{"embeddable":true,"href":"https:\/\/www.mendoza.gov.ar\/prensa\/wp-json\/wp\/v2\/comments?post=480879"}],"version-history":[{"count":3,"href":"https:\/\/www.mendoza.gov.ar\/prensa\/wp-json\/wp\/v2\/posts\/480879\/revisions"}],"predecessor-version":[{"id":480886,"href":"https:\/\/www.mendoza.gov.ar\/prensa\/wp-json\/wp\/v2\/posts\/480879\/revisions\/480886"}],"wp:featuredmedia":[{"embeddable":true,"href":"https:\/\/www.mendoza.gov.ar\/prensa\/wp-json\/wp\/v2\/media\/480881"}],"wp:attachment":[{"href":"https:\/\/www.mendoza.gov.ar\/prensa\/wp-json\/wp\/v2\/media?parent=480879"}],"wp:term":[{"taxonomy":"category","embeddable":true,"href":"https:\/\/www.mendoza.gov.ar\/prensa\/wp-json\/wp\/v2\/categories?post=480879"},{"taxonomy":"post_tag","embeddable":true,"href":"https:\/\/www.mendoza.gov.ar\/prensa\/wp-json\/wp\/v2\/tags?post=480879"}],"curies":[{"name":"wp","href":"https:\/\/api.w.org\/{rel}","templated":true}]}}