{"id":48100,"date":"2016-02-17T15:14:49","date_gmt":"2016-02-17T18:14:49","guid":{"rendered":"http:\/\/prensa.mendoza.gov.ar\/?p=48100"},"modified":"2016-02-17T15:14:49","modified_gmt":"2016-02-17T18:14:49","slug":"materiales-para-radio-en-2016-mendoza-duplico-el-presupuesto-para-el-tratamiento-del-cancer-infantil","status":"publish","type":"post","link":"https:\/\/www.mendoza.gov.ar\/prensa\/materiales-para-radio-en-2016-mendoza-duplico-el-presupuesto-para-el-tratamiento-del-cancer-infantil\/","title":{"rendered":"Material para radios: en 2016 Mendoza duplic\u00f3 el presupuesto para el tratamiento del c\u00e1ncer infantil"},"content":{"rendered":"<!DOCTYPE html PUBLIC \"-\/\/W3C\/\/DTD HTML 4.0 Transitional\/\/EN\" \"http:\/\/www.w3.org\/TR\/REC-html40\/loose.dtd\">\n<html><body><p><span style=\"color: #393939\"><span style=\"font-family: 'PT Sans', sans-serif\"><span style=\"font-size: medium\">Tambi&eacute;n se est<\/span><\/span><\/span><span style=\"color: #393939\"><span style=\"font-family: 'PT Sans', sans-serif\"><span style=\"font-size: medium\">&aacute;<\/span><\/span><\/span><span style=\"color: #393939\"><span style=\"font-family: 'PT Sans', sans-serif\"><span style=\"font-size: medium\"> trabajando fuertemente en el programa de ablaci&oacute;n y trasplante de &oacute;rganos para atender especialmente los casos de chicos que necesitan trasplante de m&eacute;dula.<\/span><\/span><\/span><\/p>\n<p>Nota completa:<\/p>\n<p><iframe width=\"900\" height=\"400\" scrolling=\"no\" frameborder=\"no\" src=\"https:\/\/w.soundcloud.com\/player\/?visual=true&amp;url=https%3A%2F%2Fapi.soundcloud.com%2Ftracks%2F247538865&amp;show_artwork=true&amp;maxwidth=900&amp;maxheight=1000\"><\/iframe><\/p>\n<p>Corte bolet&iacute;n 1:<\/p>\n<p><iframe width=\"900\" height=\"400\" scrolling=\"no\" frameborder=\"no\" src=\"https:\/\/w.soundcloud.com\/player\/?visual=true&amp;url=https%3A%2F%2Fapi.soundcloud.com%2Ftracks%2F247542963&amp;show_artwork=true&amp;maxwidth=900&amp;maxheight=1000\"><\/iframe><\/p>\n<p>Corte bolet&iacute;n 2:<\/p>\n<p>&nbsp;<\/p>\n<p><iframe width=\"900\" height=\"400\" scrolling=\"no\" frameborder=\"no\" src=\"https:\/\/w.soundcloud.com\/player\/?visual=true&amp;url=https%3A%2F%2Fapi.soundcloud.com%2Ftracks%2F247547718&amp;show_artwork=true&amp;maxwidth=900&amp;maxheight=1000\"><\/iframe><\/p>\n<\/body><\/html>\n","protected":false},"excerpt":{"rendered":"El subsecretario de Salud, Oscar Sag\u00e1s, detall\u00f3 que se est\u00e1n fortaleciendo todos los programas para tratar casos de c\u00e1ncer en ni\u00f1os. El objetivo es dar satisfacci\u00f3n a los tratamientos de personas que no tienen otra cobertura sanitaria m\u00e1s que la que brinda el Estado provincial.","protected":false},"author":3,"featured_media":0,"comment_status":"open","ping_status":"open","sticky":false,"template":"","format":"standard","meta":[],"categories":[1],"tags":[],"_links":{"self":[{"href":"https:\/\/www.mendoza.gov.ar\/prensa\/wp-json\/wp\/v2\/posts\/48100"}],"collection":[{"href":"https:\/\/www.mendoza.gov.ar\/prensa\/wp-json\/wp\/v2\/posts"}],"about":[{"href":"https:\/\/www.mendoza.gov.ar\/prensa\/wp-json\/wp\/v2\/types\/post"}],"author":[{"embeddable":true,"href":"https:\/\/www.mendoza.gov.ar\/prensa\/wp-json\/wp\/v2\/users\/3"}],"replies":[{"embeddable":true,"href":"https:\/\/www.mendoza.gov.ar\/prensa\/wp-json\/wp\/v2\/comments?post=48100"}],"version-history":[{"count":0,"href":"https:\/\/www.mendoza.gov.ar\/prensa\/wp-json\/wp\/v2\/posts\/48100\/revisions"}],"wp:attachment":[{"href":"https:\/\/www.mendoza.gov.ar\/prensa\/wp-json\/wp\/v2\/media?parent=48100"}],"wp:term":[{"taxonomy":"category","embeddable":true,"href":"https:\/\/www.mendoza.gov.ar\/prensa\/wp-json\/wp\/v2\/categories?post=48100"},{"taxonomy":"post_tag","embeddable":true,"href":"https:\/\/www.mendoza.gov.ar\/prensa\/wp-json\/wp\/v2\/tags?post=48100"}],"curies":[{"name":"wp","href":"https:\/\/api.w.org\/{rel}","templated":true}]}}