{"id":48224,"date":"2016-02-19T10:49:05","date_gmt":"2016-02-19T13:49:05","guid":{"rendered":"http:\/\/prensa.mendoza.gov.ar\/?p=48224"},"modified":"2016-02-19T10:49:05","modified_gmt":"2016-02-19T13:49:05","slug":"se-reactivo-la-lucha-antigranizo-los-aviones-combatieron-tormentas-en-el-este","status":"publish","type":"post","link":"https:\/\/www.mendoza.gov.ar\/prensa\/se-reactivo-la-lucha-antigranizo-los-aviones-combatieron-tormentas-en-el-este\/","title":{"rendered":"Con aviones combatiendo tormentas en el Este, se reactiv\u00f3 la lucha antigranizo"},"content":{"rendered":"<!DOCTYPE html PUBLIC \"-\/\/W3C\/\/DTD HTML 4.0 Transitional\/\/EN\" \"http:\/\/www.w3.org\/TR\/REC-html40\/loose.dtd\">\n<html><body><p>El Sistema de Mitigaci&oacute;n de Granizo de Mendoza se encuentra activo. La llegada de 1.085 bengalas permiti&oacute; que los aviones volvieran a su trabajo. Entre las 23 de jueves y 2 del viernes, se sembraron 7 c&eacute;lulas de tormenta, todas en oasis Norte-Este.<\/p>\n<p>El registro de la Direcci&oacute;n de Agricultura y Contingencias Clim&aacute;ticas se&ntilde;ala que hubo granizo en zona cultivada de &nbsp;Lavalle (Sureste de San Francisco, Norte de La Palmera, El Plumero, Paramillo, Este de La Holanda, Costa de Araujo, El Carmen y Gustavo Andr&eacute;), Maip&uacute; (Norte y Este de Beltr&aacute;n), San Mart&iacute;n (Nueva California, Norte de El Divisadero, El Central, Tres Porte&ntilde;as, Chapanay, Chimbas, Alto Salvador, Palmira, Ciudad, Buen Orden, Chivilcoy, El Espino, Sur de Montecaseros, Alto Verde, y El Rambl&oacute;n), Rivadavia ( El Mirador, Sur de La Central, este de La Libertad, oeste de Los Campamentos, noreste de Ciudad y Oeste de Mundo Nuevo) y Santa Rosa (12 de Octubre, Norte de Las Catitas y Norte de La Dormida).<\/p>\n<p>En el oasis Centro s&oacute;lo lluvia d&eacute;bil a moderada que se propagaron por algunas &aacute;reas cultivadas de este oasis. El sistema oper&oacute; en la zona con generadores de calor durante tres horas.<\/p>\n<p>En el oasis Sur se registr&oacute; lluvia fuerte y granizo en zona del secano. Cerca de la 1.30 potentes c&eacute;lulas de tormenta proveniente del Norte y con desplazamiento al Sureste afectaron con el Noreste de Monte Com&aacute;n.<\/p>\n<\/body><\/html>\n","protected":false},"excerpt":{"rendered":"El arribo de las bengalas permiti\u00f3 poner en funcionamiento el sistema. La mayor cantidad de c\u00e9lulas se registr\u00f3 en las zonas cultivadas del Este.","protected":false},"author":3,"featured_media":48229,"comment_status":"open","ping_status":"open","sticky":false,"template":"","format":"standard","meta":[],"categories":[1],"tags":[],"_links":{"self":[{"href":"https:\/\/www.mendoza.gov.ar\/prensa\/wp-json\/wp\/v2\/posts\/48224"}],"collection":[{"href":"https:\/\/www.mendoza.gov.ar\/prensa\/wp-json\/wp\/v2\/posts"}],"about":[{"href":"https:\/\/www.mendoza.gov.ar\/prensa\/wp-json\/wp\/v2\/types\/post"}],"author":[{"embeddable":true,"href":"https:\/\/www.mendoza.gov.ar\/prensa\/wp-json\/wp\/v2\/users\/3"}],"replies":[{"embeddable":true,"href":"https:\/\/www.mendoza.gov.ar\/prensa\/wp-json\/wp\/v2\/comments?post=48224"}],"version-history":[{"count":0,"href":"https:\/\/www.mendoza.gov.ar\/prensa\/wp-json\/wp\/v2\/posts\/48224\/revisions"}],"wp:featuredmedia":[{"embeddable":true,"href":"https:\/\/www.mendoza.gov.ar\/prensa\/wp-json\/wp\/v2\/media\/48229"}],"wp:attachment":[{"href":"https:\/\/www.mendoza.gov.ar\/prensa\/wp-json\/wp\/v2\/media?parent=48224"}],"wp:term":[{"taxonomy":"category","embeddable":true,"href":"https:\/\/www.mendoza.gov.ar\/prensa\/wp-json\/wp\/v2\/categories?post=48224"},{"taxonomy":"post_tag","embeddable":true,"href":"https:\/\/www.mendoza.gov.ar\/prensa\/wp-json\/wp\/v2\/tags?post=48224"}],"curies":[{"name":"wp","href":"https:\/\/api.w.org\/{rel}","templated":true}]}}