{"id":48235,"date":"2016-02-19T12:10:39","date_gmt":"2016-02-19T15:10:39","guid":{"rendered":"http:\/\/prensa.mendoza.gov.ar\/?p=48235"},"modified":"2016-02-19T12:10:39","modified_gmt":"2016-02-19T15:10:39","slug":"avanza-el-proyecto-para-poner-en-valor-el-perilago-de-potrerillos","status":"publish","type":"post","link":"https:\/\/www.mendoza.gov.ar\/prensa\/avanza-el-proyecto-para-poner-en-valor-el-perilago-de-potrerillos\/","title":{"rendered":"Avanza el proyecto para poner en valor el Perilago de Potrerillos"},"content":{"rendered":"<!DOCTYPE html PUBLIC \"-\/\/W3C\/\/DTD HTML 4.0 Transitional\/\/EN\" \"http:\/\/www.w3.org\/TR\/REC-html40\/loose.dtd\">\n<html><body><p>Para avanzar con el proyecto de revalorizaci&oacute;n del Dique&nbsp;Potrerillos se realiz&oacute; una nueva reuni&oacute;n, encabezada por&nbsp;la vicegobernadora de la provincia, Laura Montero;&nbsp;el secretario de Ambiente, Humberto Mingorance; la presidenta del Ente Aut&aacute;rquico de Mendoza, Gabriela Testa y&nbsp;los&nbsp;intendentes de Luj&aacute;n, Omar de Marchi y de Las Heras, Daniel Orozco.<\/p>\n<p>Como eje de este segundo encuentro, los presentes abordaron temas relativos al Ordenamiento Territorial del Perilago de Potrerillos, que requiere el trabajo en conjunto de cada municipio competente en la zona.<\/p>\n<p>En el mismo acordaron llevar&nbsp;adelante un plan&nbsp;de actividades que permitir&aacute;&nbsp;avanzar en el &nbsp;proyecto y asignar&nbsp;las tareas que deber&aacute; desarrollar cada municipio para&nbsp;brindar seguridad, comodidad y servicios dentro del Perilago.<\/p>\n<p>La reuni&oacute;n se llev&oacute; a cabo en la Intendencia de Luj&aacute;n de Cuyo.<\/p>\n<\/body><\/html>\n","protected":false},"excerpt":{"rendered":"La vicegobernadora de la provincia, Laura Montero, se reuni\u00f3 nuevamente con autoridades de Ambiente, Turismo y los intendentes de Luj\u00e1n y Las Heras para avanzar con el proyecto de revalorizaci\u00f3n del Dique.","protected":false},"author":3,"featured_media":48236,"comment_status":"open","ping_status":"open","sticky":false,"template":"","format":"standard","meta":[],"categories":[3],"tags":[],"_links":{"self":[{"href":"https:\/\/www.mendoza.gov.ar\/prensa\/wp-json\/wp\/v2\/posts\/48235"}],"collection":[{"href":"https:\/\/www.mendoza.gov.ar\/prensa\/wp-json\/wp\/v2\/posts"}],"about":[{"href":"https:\/\/www.mendoza.gov.ar\/prensa\/wp-json\/wp\/v2\/types\/post"}],"author":[{"embeddable":true,"href":"https:\/\/www.mendoza.gov.ar\/prensa\/wp-json\/wp\/v2\/users\/3"}],"replies":[{"embeddable":true,"href":"https:\/\/www.mendoza.gov.ar\/prensa\/wp-json\/wp\/v2\/comments?post=48235"}],"version-history":[{"count":0,"href":"https:\/\/www.mendoza.gov.ar\/prensa\/wp-json\/wp\/v2\/posts\/48235\/revisions"}],"wp:featuredmedia":[{"embeddable":true,"href":"https:\/\/www.mendoza.gov.ar\/prensa\/wp-json\/wp\/v2\/media\/48236"}],"wp:attachment":[{"href":"https:\/\/www.mendoza.gov.ar\/prensa\/wp-json\/wp\/v2\/media?parent=48235"}],"wp:term":[{"taxonomy":"category","embeddable":true,"href":"https:\/\/www.mendoza.gov.ar\/prensa\/wp-json\/wp\/v2\/categories?post=48235"},{"taxonomy":"post_tag","embeddable":true,"href":"https:\/\/www.mendoza.gov.ar\/prensa\/wp-json\/wp\/v2\/tags?post=48235"}],"curies":[{"name":"wp","href":"https:\/\/api.w.org\/{rel}","templated":true}]}}