{"id":48265,"date":"2016-02-19T15:50:13","date_gmt":"2016-02-19T18:50:13","guid":{"rendered":"http:\/\/prensa.mendoza.gov.ar\/?p=48265"},"modified":"2016-02-19T15:50:13","modified_gmt":"2016-02-19T18:50:13","slug":"cortes-programados-sobre-la-ruta-7","status":"publish","type":"post","link":"https:\/\/www.mendoza.gov.ar\/prensa\/cortes-programados-sobre-la-ruta-7\/","title":{"rendered":"Cortes programados sobre la Ruta 7"},"content":{"rendered":"<!DOCTYPE html PUBLIC \"-\/\/W3C\/\/DTD HTML 4.0 Transitional\/\/EN\" \"http:\/\/www.w3.org\/TR\/REC-html40\/loose.dtd\">\n<html><body><p>El&nbsp;tr&aacute;nsito en la Ruta 7 quedar&aacute; afectado ma&ntilde;ana por el desarrollo de la Vuelta Cicl&iacute;stica de Mendoza. Asimismo,&nbsp;el lunes 22 comenzar&aacute;n los trabajos para ampliar la Ruta 60 (Chile), por lo que habr&aacute; cortes temporarios de lunes a viernes entre las 18 y las&nbsp;20.<\/p>\n<p>Ma&ntilde;ana a&nbsp;las 9.30 comenzar&aacute; la s&eacute;ptima&nbsp;etapa de la competencia, por lo que se recomienda a los conductores circular con precauci&oacute;n, respetando las velocidades m&iacute;nimas y m&aacute;ximas. Adem&aacute;s, se solicita seguir&nbsp;las indicaciones de Gendarmer&iacute;a. El recorrido, de 93&nbsp;kil&oacute;metros,&nbsp;comprende las localidades de Uspallata, Polvaredas, Punta de Vacas, Los Penitentes, Puente del Inca, Los Horcones y Monumento Cristo Redentor.<\/p>\n<p>Por otra parte, el pr&oacute;ximo lunes 22 comenzar&aacute;n los trabajos de despeje del terreno donde se emplazar&aacute; el nuevo complejo fronterizo Los Libertadores. Las tareas tendr&aacute;n una duraci&oacute;n de cuatro&nbsp;meses&nbsp;con actividad de lunes a viernes de&nbsp;18 a 20. Los cortes de ruta ser&aacute;n intermitentes y durar&aacute;n aproximadamente 30 minutos.<\/p>\n<\/body><\/html>\n","protected":false},"excerpt":{"rendered":"La Vuelta Cicl\u00edstica, ma\u00f1ana, y las obras por el nuevo complejo fronterizo, a partir de la semana que viene, generar\u00e1n cortes en el tr\u00e1nsito vehicular por per\u00edodos cortos. Recomiendan circular con precauci\u00f3n. ","protected":false},"author":3,"featured_media":48270,"comment_status":"open","ping_status":"open","sticky":false,"template":"","format":"standard","meta":[],"categories":[19],"tags":[],"_links":{"self":[{"href":"https:\/\/www.mendoza.gov.ar\/prensa\/wp-json\/wp\/v2\/posts\/48265"}],"collection":[{"href":"https:\/\/www.mendoza.gov.ar\/prensa\/wp-json\/wp\/v2\/posts"}],"about":[{"href":"https:\/\/www.mendoza.gov.ar\/prensa\/wp-json\/wp\/v2\/types\/post"}],"author":[{"embeddable":true,"href":"https:\/\/www.mendoza.gov.ar\/prensa\/wp-json\/wp\/v2\/users\/3"}],"replies":[{"embeddable":true,"href":"https:\/\/www.mendoza.gov.ar\/prensa\/wp-json\/wp\/v2\/comments?post=48265"}],"version-history":[{"count":0,"href":"https:\/\/www.mendoza.gov.ar\/prensa\/wp-json\/wp\/v2\/posts\/48265\/revisions"}],"wp:featuredmedia":[{"embeddable":true,"href":"https:\/\/www.mendoza.gov.ar\/prensa\/wp-json\/wp\/v2\/media\/48270"}],"wp:attachment":[{"href":"https:\/\/www.mendoza.gov.ar\/prensa\/wp-json\/wp\/v2\/media?parent=48265"}],"wp:term":[{"taxonomy":"category","embeddable":true,"href":"https:\/\/www.mendoza.gov.ar\/prensa\/wp-json\/wp\/v2\/categories?post=48265"},{"taxonomy":"post_tag","embeddable":true,"href":"https:\/\/www.mendoza.gov.ar\/prensa\/wp-json\/wp\/v2\/tags?post=48265"}],"curies":[{"name":"wp","href":"https:\/\/api.w.org\/{rel}","templated":true}]}}