{"id":48344,"date":"2016-02-22T10:10:40","date_gmt":"2016-02-22T13:10:40","guid":{"rendered":"http:\/\/prensa.mendoza.gov.ar\/?p=48344"},"modified":"2016-02-22T10:10:40","modified_gmt":"2016-02-22T13:10:40","slug":"a-partir-de-hoy-habran-cortes-programados-para-cruzar-a-chile","status":"publish","type":"post","link":"https:\/\/www.mendoza.gov.ar\/prensa\/a-partir-de-hoy-habran-cortes-programados-para-cruzar-a-chile\/","title":{"rendered":"A partir de hoy habr\u00e1 cortes programados para cruzar a Chile"},"content":{"rendered":"<!DOCTYPE html PUBLIC \"-\/\/W3C\/\/DTD HTML 4.0 Transitional\/\/EN\" \"http:\/\/www.w3.org\/TR\/REC-html40\/loose.dtd\">\n<html><body><div>Comenzar&aacute;n hoy los trabajos de despeje del terreno donde se emplazar&aacute; el nuevo complejo fronterizo concesionado Los Libertadores. La construcci&oacute;n se extender&aacute; por un per&iacute;odo de 36&nbsp;meses, pero durante los 4 primeros se realizar&aacute;n&nbsp;detonaciones en el cerro contiguo,&nbsp;por lo que se cortar&aacute; el tr&aacute;nsito vehicular de 18 a 20 de forma intermitente.<\/div>\n<div><\/div>\n<div>Al mismo tiempo, las autoridades informaron que las detonaciones, en la zona Llano de la Calavera, no ser&aacute;n todos los d&iacute;as; aunque habr&aacute; 6 explosiones de caracter&iacute;sticas especiales que requerir&aacute;n de cortes superiores a media hora.&nbsp;&nbsp;Estas ser&aacute;n programadas y comunicadas a trav&eacute;s de las respectivas Coordinaciones<\/div>\n<div><\/div>\n<div>La construcci&oacute;n del nuevo complejo brindar&aacute; m&uacute;ltiples beneficios a los usuarios, como la ampliaci&oacute;n de las &aacute;reas de control con m&aacute;s casetas de atenci&oacute;n para veh&iacute;culos livianos, buses y camiones. Esto permitir&aacute; disminuir los tiempos de espera, el aumento de la capacidad de infraestructura y un tratamiento ambiental importante en la ejecuci&oacute;n del proyecto con el cuidado de la flora y fauna del lugar.<\/div>\n<div><\/div>\n<div>Adem&aacute;s, explicaron que lo novedoso de este plan de construcci&oacute;n es que el material removido se reutilizar&aacute; en la misma obra como relleno y muro deflector para posibles avalanchas, lo que genera un menor impacto ambiental debido a que bajar&aacute; menos&nbsp;cantidad de camiones por la ruta CH 60.<\/div>\n<div><\/div>\n<div>Las autoridades recomiendan programar los viajes antes o despu&eacute;s del horario de las detonaciones, conducir con precauci&oacute;n y responder favorablemente a las indicaciones de las autoridades. Al mismo tiempo, recordar llegar abrigo extra, alimentos no perecederos y bebidas fr&iacute;as y calientes.<\/div>\n<\/body><\/html>\n","protected":false},"excerpt":{"rendered":"Comienzan los trabajos para la construcci\u00f3n del nuevo complejo Libertadores. Durante 4 meses realizar\u00e1n detonaciones entre las 18 a las 20, lo que demorar\u00e1 el transito. ","protected":false},"author":3,"featured_media":48400,"comment_status":"open","ping_status":"open","sticky":false,"template":"","format":"standard","meta":[],"categories":[19],"tags":[],"_links":{"self":[{"href":"https:\/\/www.mendoza.gov.ar\/prensa\/wp-json\/wp\/v2\/posts\/48344"}],"collection":[{"href":"https:\/\/www.mendoza.gov.ar\/prensa\/wp-json\/wp\/v2\/posts"}],"about":[{"href":"https:\/\/www.mendoza.gov.ar\/prensa\/wp-json\/wp\/v2\/types\/post"}],"author":[{"embeddable":true,"href":"https:\/\/www.mendoza.gov.ar\/prensa\/wp-json\/wp\/v2\/users\/3"}],"replies":[{"embeddable":true,"href":"https:\/\/www.mendoza.gov.ar\/prensa\/wp-json\/wp\/v2\/comments?post=48344"}],"version-history":[{"count":0,"href":"https:\/\/www.mendoza.gov.ar\/prensa\/wp-json\/wp\/v2\/posts\/48344\/revisions"}],"wp:featuredmedia":[{"embeddable":true,"href":"https:\/\/www.mendoza.gov.ar\/prensa\/wp-json\/wp\/v2\/media\/48400"}],"wp:attachment":[{"href":"https:\/\/www.mendoza.gov.ar\/prensa\/wp-json\/wp\/v2\/media?parent=48344"}],"wp:term":[{"taxonomy":"category","embeddable":true,"href":"https:\/\/www.mendoza.gov.ar\/prensa\/wp-json\/wp\/v2\/categories?post=48344"},{"taxonomy":"post_tag","embeddable":true,"href":"https:\/\/www.mendoza.gov.ar\/prensa\/wp-json\/wp\/v2\/tags?post=48344"}],"curies":[{"name":"wp","href":"https:\/\/api.w.org\/{rel}","templated":true}]}}