{"id":48483,"date":"2016-02-23T15:51:23","date_gmt":"2016-02-23T18:51:23","guid":{"rendered":"http:\/\/prensa.mendoza.gov.ar\/?p=48483"},"modified":"2016-02-23T15:51:23","modified_gmt":"2016-02-23T18:51:23","slug":"cornejo-no-vamos-a-dejar-ninguna-obra-a-mitad-de-camino","status":"publish","type":"post","link":"https:\/\/www.mendoza.gov.ar\/prensa\/cornejo-no-vamos-a-dejar-ninguna-obra-a-mitad-de-camino\/","title":{"rendered":"Cornejo: \u201cNo vamos a dejar ninguna obra a mitad de camino\u201d"},"content":{"rendered":"<!DOCTYPE html PUBLIC \"-\/\/W3C\/\/DTD HTML 4.0 Transitional\/\/EN\" \"http:\/\/www.w3.org\/TR\/REC-html40\/loose.dtd\">\n<html><body><p>Una comitiva del Banco Interamericano de Desarrollo (BID) se reuni&oacute; hoy con el Gobernador Alfredo Cornejo para evaluar el avance de las inversiones que la entidad realiz&oacute; en seguridad, transporte y desarrollo urbano en el &aacute;rea metropolitana conformada&nbsp;por las comunas que integran Unicipio.<\/p>\n<p>Acompa&ntilde;ado por el secretario de&nbsp; Ambiente y Ordenamiento Territorial, Humberto Mingorance, el Gobernador manifest&oacute; a la delegaci&oacute;n el inter&eacute;s especial de la Provincia en el desarrollo de dos &nbsp;de los proyectos que se eval&uacute;an. &ldquo;Estamos trabajando de manera inteligente y con mucho profesionalismo sobre dos grandes proyectos: el Sistema Integrado de Gesti&oacute;n y Monitoreo de Seguridad Ciudadana como tambi&eacute;n los correspondientes a la Reestructuraci&oacute;n de la Red de Autotransporte. No vamos a dejar ninguna obra a mitad de camino, por ello hicimos una Ley de Emergencia Fiscal que nos permitir&aacute; renegociar cada uno de esos contratos&rdquo;, explic&oacute; &nbsp;Cornejo luego del encuentro.<\/p>\n<p>En proceso de reformulaci&oacute;n, el proyecto de Gesti&oacute;n y Monitoreo de Seguridad Ciudadana incorporar&aacute; la creaci&oacute;n de un &ldquo;Observatorio, a trav&eacute;s del cual &nbsp;se junten todos los datos del Poder Judicial y del Ministerio de Seguridad en un mismo lugar, con el fin de poder hacer inteligencia criminal&rdquo;, se&ntilde;al&oacute; el Gobernador.<\/p>\n<p>Respecto a los proyectos de desarrollo urbano, Cornejo destac&oacute; el trabajo que est&aacute; realizando la Provincia a partir de la conformaci&oacute;n&nbsp;de Unicipio. &ldquo;El 19 de febrero firmamos el&nbsp;decreto de creaci&oacute;n&rdquo;, dijo, y record&oacute; que la iniciativa form&oacute; parte de la propuesta con la que el Frente Cambia Mendoza cerr&oacute; la campa&ntilde;a que lo llev&oacute; a ganar las elecciones provinciales del a&ntilde;o pasado.<\/p>\n<p>Indic&oacute; adem&aacute;s: &ldquo;Con Unicipio estamos poniendo en marcha una estrategia de intervenci&oacute;n conjunta en el territorio con las problem&aacute;ticas que le son comunes al &aacute;rea metropolitana&rdquo;, y aclar&oacute; que la Secretar&iacute;a de Ambiente y Ordenamiento Territorial, que depende de Humberto Mingorance, ser&aacute; la dependencia a cargo de esta unidad de gesti&oacute;n integrada entre los municipios.<\/p>\n<p><a href=\"https:\/\/www.mendoza.gov.ar\/prensa\/wp-content\/uploads\/sites\/23\/158af0cd-9e10-4c67-8ae1-727b2adf272e.jpg\"><img loading=\"lazy\" class=\"alignnone wp-image-48492 img-responsive center-block\" src=\"https:\/\/www.mendoza.gov.ar\/prensa\/wp-content\/uploads\/sites\/23\/158af0cd-9e10-4c67-8ae1-727b2adf272e.jpg\" alt=\"158af0cd-9e10-4c67-8ae1-727b2adf272e\" width=\"650\" height=\"432\"><\/a><\/p>\n<p>Precisamente, durante el encuentro, Mingorance fue el encargado de detallar, ante los representantes del BID, los trabajos que se est&aacute;n realizando desde Unicipio, cuyas comunas son las beneficiadas por los cr&eacute;ditos que el banco otorg&oacute;. &ldquo;Gesti&oacute;n de residuos urbanos, transporte p&uacute;blico, integraci&oacute;n de todos los sistemas de movilidad urbana, arbolado p&uacute;blico y espacios verdes son algunas de las tareas donde estamos invirtiendo&rdquo;.<\/p>\n<p><strong>La inversi&oacute;n<\/strong><\/p>\n<p>Los proyectos examinados en la reuni&oacute;n fueron los vinculados al Sistema Integrado de Gesti&oacute;n y Monitoreo de Seguridad Ciudadana, como tambi&eacute;n los correspondientes a la Reestructuraci&oacute;n de la Red de Autotransporte. Ambas licitaciones pertenecen al Programa de Desarrollo de &Aacute;reas Metropolitanas del Interior (DAMI) y la inversi&oacute;n total alcanza los 8&nbsp;millones&nbsp;de d&oacute;lares.<\/p>\n<p>Las autoridades de la Unidad Fiscal de Investigaci&oacute;n (UFI) fueron las encargadas de detallar la situaci&oacute;n de los contratos en marcha en materia de seguridad. Informaron que los contratos incluyen la adquisici&oacute;n de 560 nuevas c&aacute;maras de seguridad y un cami&oacute;n CEO m&oacute;vil, adem&aacute;s de equipamiento inform&aacute;tico y mobiliario para Seguridad.<\/p>\n<p><a href=\"https:\/\/www.mendoza.gov.ar\/prensa\/wp-content\/uploads\/sites\/23\/797c3580-641a-4621-997c-50ba2ea42bd9.jpg\"><img loading=\"lazy\" class=\"alignnone wp-image-48490 img-responsive center-block\" src=\"https:\/\/www.mendoza.gov.ar\/prensa\/wp-content\/uploads\/sites\/23\/797c3580-641a-4621-997c-50ba2ea42bd9.jpg\" alt=\"\" width=\"650\" height=\"356\"><\/a><\/p>\n<p>Del total se desprende un presupuesto estimado en 730 mil d&oacute;lares para financiar la red de autotransporte y desarrollo urbano. Se consensu&oacute; que estos fondos se destinar&aacute;n&nbsp;para contratar servicios de consultor&iacute;a que brinden apoyo a la implementaci&oacute;n de una nueva red de transporte p&uacute;blico. Se estima que el per&iacute;odo de ejecuci&oacute;n ser&aacute; de 12 meses.<\/p>\n<\/body><\/html>\n","protected":false},"excerpt":{"rendered":"El Gobernador anunci\u00f3 que todos los proyectos que est\u00e1n en marcha van a ser concluidos por este Gobierno. As\u00ed lo confirm\u00f3 en una reuni\u00f3n que mantuvo con los representantes del Banco de Interamericano de Desarrollo y de las comunas que integran Unicipio.","protected":false},"author":3,"featured_media":48491,"comment_status":"open","ping_status":"open","sticky":false,"template":"","format":"standard","meta":[],"categories":[19],"tags":[],"_links":{"self":[{"href":"https:\/\/www.mendoza.gov.ar\/prensa\/wp-json\/wp\/v2\/posts\/48483"}],"collection":[{"href":"https:\/\/www.mendoza.gov.ar\/prensa\/wp-json\/wp\/v2\/posts"}],"about":[{"href":"https:\/\/www.mendoza.gov.ar\/prensa\/wp-json\/wp\/v2\/types\/post"}],"author":[{"embeddable":true,"href":"https:\/\/www.mendoza.gov.ar\/prensa\/wp-json\/wp\/v2\/users\/3"}],"replies":[{"embeddable":true,"href":"https:\/\/www.mendoza.gov.ar\/prensa\/wp-json\/wp\/v2\/comments?post=48483"}],"version-history":[{"count":0,"href":"https:\/\/www.mendoza.gov.ar\/prensa\/wp-json\/wp\/v2\/posts\/48483\/revisions"}],"wp:featuredmedia":[{"embeddable":true,"href":"https:\/\/www.mendoza.gov.ar\/prensa\/wp-json\/wp\/v2\/media\/48491"}],"wp:attachment":[{"href":"https:\/\/www.mendoza.gov.ar\/prensa\/wp-json\/wp\/v2\/media?parent=48483"}],"wp:term":[{"taxonomy":"category","embeddable":true,"href":"https:\/\/www.mendoza.gov.ar\/prensa\/wp-json\/wp\/v2\/categories?post=48483"},{"taxonomy":"post_tag","embeddable":true,"href":"https:\/\/www.mendoza.gov.ar\/prensa\/wp-json\/wp\/v2\/tags?post=48483"}],"curies":[{"name":"wp","href":"https:\/\/api.w.org\/{rel}","templated":true}]}}