{"id":48489,"date":"2016-02-23T16:46:28","date_gmt":"2016-02-23T19:46:28","guid":{"rendered":"http:\/\/prensa.mendoza.gov.ar\/?p=48489"},"modified":"2016-02-23T16:46:28","modified_gmt":"2016-02-23T19:46:28","slug":"el-item-aula-incluye-a-la-mayoria-de-los-docentes","status":"publish","type":"post","link":"https:\/\/www.mendoza.gov.ar\/prensa\/el-item-aula-incluye-a-la-mayoria-de-los-docentes\/","title":{"rendered":"\u201cEl \u00edtem aula incluye a la mayor\u00eda de los docentes\u201d"},"content":{"rendered":"<!DOCTYPE html PUBLIC \"-\/\/W3C\/\/DTD HTML 4.0 Transitional\/\/EN\" \"http:\/\/www.w3.org\/TR\/REC-html40\/loose.dtd\">\n<html><body><p>&ldquo;Hemos hecho una propuesta que ha sido lo suficientemente explicada por los miembros paritarios pero que en el debate democr&aacute;tico tiene distorsiones que me gustar&iacute;a aclarar&rdquo;, respondi&oacute;&nbsp;&nbsp;el Gobernador Alfredo Cornejo al ser consultado hoy sobre la propuesta salarial que present&oacute; el Ejecutivo al gremio docente.<\/p>\n<p>Ayer &nbsp;tuvo lugar la cuarta reuni&oacute;n de la mesa paritaria que integran el Sindicato Unido de Trabajadores del Estado y el Gobierno. &nbsp;El Ejecutivo mantuvo la oferta de un incremento salarial del 22,6%, que el gremio no acept&oacute;, por lo que la negociaci&oacute;n deber&aacute; esperar hasta el jueves cuando se realice el plenario provincial de donde saldr&aacute; la respuesta definitiva de los educadores.<\/p>\n<p>&ldquo;La paritaria tiene que servirle al empleado estatal pero fundamentalmente al servicio p&uacute;blico educativo. Hemos hecho una propuesta que atiende a mejorar la educaci&oacute;n y a atacar los problemas de la educaci&oacute;n, que no est&aacute; bien en Mendoza. Es nuestro objetivo y prioridad mejorar la calidad&rdquo;, &nbsp;afirm&oacute; el Gobernador.<\/p>\n<p>En referencia al &iacute;tem aula, el mandatario explic&oacute;: &ldquo;Buscamos que el maestro tenga un incentivo, un premio. Queremos que el docente este frente al grado participando activamente. Estamos convencidos de que es la mejor propuesta que podemos hacer para mejorar el servicio educativo y que eso se vea reflejado en el aprendizaje de los alumnos&rdquo;.<\/p>\n<p>&ldquo;Es imprescindible la presencia de los docentes en el aula pero tambi&eacute;n, &nbsp;la asistencia de los alumnos. En los a&ntilde;os anteriores se ha venido negociando de tal manera que se daba un porcentaje a todos por igual, tal como lo dije durante la campa&ntilde;a, ahora vamos a cambiar el paradigma. Es un mal sistema que todos ganen lo mismo sin importar el servicio que se presta&rdquo;, afirm&oacute; Cornejo.<\/p>\n<p>A modo de ejemplo, el Gobernador reflexion&oacute;: &ldquo;&iquest;Para qu&eacute; dar grandes aumentos que no se pueden pagar? Prefiero una oferta moderada, que se puede pagar. Apelo a una negociaci&oacute;n inteligente, por ejemplo el a&ntilde;o pasado primero ofrecieron un 22% de aumento y luego se subi&oacute; a un 35% que no se pudo pagar&rdquo;.<\/p>\n<p>&ldquo;Nos olvidamos que esto no es un problema del gremio, es un problema del conjunto de la ciudadan&iacute;a tener una buena educaci&oacute;n y tener a los alumnos y docentes en clases y cumplir con esa est&aacute;ndar internacional de los 180 d&iacute;as de clase, que no se cumplen desde hace mucho tiempo en Mendoza. Somos todos servidores p&uacute;blicos, incluidos los docentes&rdquo;, agreg&oacute;.<\/p>\n<p>Para finalizar, Cornejo dej&oacute; en claro que el &iacute;tem aula es inclusivo y remunerativo. &nbsp;&ldquo;No queda nadie fuera, salvo el que no est&eacute; en el hecho educativo propiamente dicho. El &iacute;tem no se paga a quien tenga m&aacute;s de tres faltas en el mes&rdquo;, afirm&oacute;.<\/p>\n<p>Finalmente, el Gobernador &nbsp;dijo que &nbsp;espera la respuesta del sindicato para &nbsp;comenzar a evaluar otorgar el aumento a trav&eacute;s de un decreto.<\/p>\n<p><strong>Si cobran el &iacute;tem aula:<\/strong><\/p>\n<p>La docente embarazada, el docente que est&aacute; enfermo, el docente que tiene cualquier tipo de licencia del art&iacute;culo 50 de la ley 5811 sino falta m&aacute;s de tres d&iacute;as en el mes, el preceptor, el director, el supervisor. &ldquo;No queda casi nadie afuera del &iacute;tem, la mayor&iacute;a de los docentes va a cobrarlo, no entiendo porque tanto temor&rdquo; coment&oacute; Cornejo.<\/p>\n<p><strong>No cobran &iacute;tem aula: <\/strong><\/p>\n<p>Quienes est&eacute;n con licencia gremial, con cambio de funciones (que no est&eacute; en el hecho educativo, pero por ejemplo si ese cambio de funciones est&aacute; dentro de un gabinete psicopedag&oacute;gico para ayudar al alumno, si lo cobra) y quienes est&eacute;n dentro de una misi&oacute;n especial.<\/p>\n<p>El Gobernador afirm&oacute; que la paritaria del sector de la educaci&oacute;n busca mejorar la calidad educativa en la provincia, y que para ello se necesita tanto a los docentes como a los alumnos en la clase. Adem&aacute;s explic&oacute; el alcance del &iacute;tem aula.<\/p>\n<p><a href=\"https:\/\/soundcloud.com\/user-505450423\/cornejo-paritaria-docente-230216\">Audio<\/a><\/p>\n<p>&nbsp;<\/p>\n<p>&nbsp;<\/p>\n<p>&nbsp;<\/p>\n<\/body><\/html>\n","protected":false},"excerpt":{"rendered":"Lo afirm\u00f3 el Gobernador Alfredo Cornejo  al explicar el alcance del adicional. Dijo, adem\u00e1s, que la paritaria del sector de la educaci\u00f3n busca mejorar la calidad educativa de Mendoza  y que para ello se necesita tanto a los docentes como a los alumnos en clase.","protected":false},"author":3,"featured_media":48509,"comment_status":"open","ping_status":"open","sticky":false,"template":"","format":"standard","meta":[],"categories":[19],"tags":[],"_links":{"self":[{"href":"https:\/\/www.mendoza.gov.ar\/prensa\/wp-json\/wp\/v2\/posts\/48489"}],"collection":[{"href":"https:\/\/www.mendoza.gov.ar\/prensa\/wp-json\/wp\/v2\/posts"}],"about":[{"href":"https:\/\/www.mendoza.gov.ar\/prensa\/wp-json\/wp\/v2\/types\/post"}],"author":[{"embeddable":true,"href":"https:\/\/www.mendoza.gov.ar\/prensa\/wp-json\/wp\/v2\/users\/3"}],"replies":[{"embeddable":true,"href":"https:\/\/www.mendoza.gov.ar\/prensa\/wp-json\/wp\/v2\/comments?post=48489"}],"version-history":[{"count":0,"href":"https:\/\/www.mendoza.gov.ar\/prensa\/wp-json\/wp\/v2\/posts\/48489\/revisions"}],"wp:featuredmedia":[{"embeddable":true,"href":"https:\/\/www.mendoza.gov.ar\/prensa\/wp-json\/wp\/v2\/media\/48509"}],"wp:attachment":[{"href":"https:\/\/www.mendoza.gov.ar\/prensa\/wp-json\/wp\/v2\/media?parent=48489"}],"wp:term":[{"taxonomy":"category","embeddable":true,"href":"https:\/\/www.mendoza.gov.ar\/prensa\/wp-json\/wp\/v2\/categories?post=48489"},{"taxonomy":"post_tag","embeddable":true,"href":"https:\/\/www.mendoza.gov.ar\/prensa\/wp-json\/wp\/v2\/tags?post=48489"}],"curies":[{"name":"wp","href":"https:\/\/api.w.org\/{rel}","templated":true}]}}