{"id":48657,"date":"2016-02-25T12:29:31","date_gmt":"2016-02-25T15:29:31","guid":{"rendered":"http:\/\/prensa.mendoza.gov.ar\/?p=48657"},"modified":"2016-02-25T12:29:31","modified_gmt":"2016-02-25T15:29:31","slug":"cornejo-oficializo-unicipio-en-el-marco-de-la-secretaria-de-ambiente","status":"publish","type":"post","link":"https:\/\/www.mendoza.gov.ar\/prensa\/cornejo-oficializo-unicipio-en-el-marco-de-la-secretaria-de-ambiente\/","title":{"rendered":"Cornejo oficializ\u00f3 Unicipio en el marco de la Secretar\u00eda de Ambiente"},"content":{"rendered":"<!DOCTYPE html PUBLIC \"-\/\/W3C\/\/DTD HTML 4.0 Transitional\/\/EN\" \"http:\/\/www.w3.org\/TR\/REC-html40\/loose.dtd\">\n<html><body><p>El gobernador Alfredo Cornejo y el secretario de Ambiente Humberto Mingorance participaron en&nbsp;una reuni&oacute;n en la cual dejaron oficializado el funcionamiento&nbsp;de Unicipio&nbsp;en el marco de la Secretar&iacute;a de Ambiente y Ordenamiento Territorial.<\/p>\n<p>El organismo responsable de la gesti&oacute;n integrada de las comunas del Gran Mendoza para resolver problemas de &iacute;ndole interinstitucional est&aacute; integrado por representantes de los municipios de Capital, Guaymall&eacute;n, Godoy Cruz, Lavalle, Las Heras, Luj&aacute;n y Maip&uacute;.<\/p>\n<p>La&nbsp;presentaci&oacute;n oficial se realiz&oacute; ante integrantes&nbsp;del Banco Interamericano de Desarrollo (BID) y el Ministerio del Interior,&nbsp;miembros del gabinete provincial e intendentes, con sus respectivos coordinadores de Unicipio.<\/p>\n<p>El responsable de la apertura fue Alfredo Cornejo, qui&eacute;n explic&oacute; la necesidad de que los municipios del &aacute;rea metropolitana realicen acciones conjuntas para encontrar soluciones a distintas problem&aacute;ticas actuales.<\/p>\n<p><a href=\"https:\/\/www.mendoza.gov.ar\/prensa\/wp-content\/uploads\/sites\/23\/DSC6864.jpg\"><img loading=\"lazy\" class=\"alignnone  wp-image-48659 img-responsive center-block\" src=\"https:\/\/www.mendoza.gov.ar\/prensa\/wp-content\/uploads\/sites\/23\/DSC6864.jpg\" alt=\"_Mingorance\" width=\"551\" height=\"366\"><\/a><\/p>\n<p>&nbsp;<\/p>\n<p><strong>Los objetivos<\/strong><\/p>\n<p>La presentaci&oacute;n de los objetivos estuvo&nbsp;a cargo del secretario de Ambiente y Ordenamiento Territorial. El funcionario explic&oacute; la necesidad de los departamentos de abordar soluciones&nbsp;a problem&aacute;ticas, como la gesti&oacute;n de los residuos s&oacute;lidos urbanos, realizando un proyecto en conjunto para optimizar los recursos financieros&nbsp;y avanzar en los procesos de separaci&oacute;n y reciclado.<\/p>\n<p>Mingorance expuso&nbsp;tambi&eacute;n la necesidad de abordar en conjunto temas de&nbsp;arbolado p&uacute;blico y espacios&nbsp;verdes, trasporte y movilidad&nbsp;y&nbsp;seguridad urbana, entre otros.<\/p>\n<p>De la reuni&oacute;n, realizada en el sal&oacute;n Patricias de Casa de Gobierno, se desprendi&oacute; la posibilidad de realizar&nbsp;futuras negociaciones con el BID y el Ministerio del Interior, en pos de conseguir el financiamiento destinado a llevar a cabo estos proyectos, en el menor tiempo posible.<\/p>\n<p><a href=\"https:\/\/www.mendoza.gov.ar\/prensa\/wp-content\/uploads\/sites\/23\/DSC6824.jpg\"><img loading=\"lazy\" class=\"alignnone  wp-image-48660 img-responsive center-block\" src=\"https:\/\/www.mendoza.gov.ar\/prensa\/wp-content\/uploads\/sites\/23\/DSC6824.jpg\" alt=\"_DSC6824\" width=\"553\" height=\"367\"><\/a><\/p>\n<p>&nbsp;<\/p>\n<\/body><\/html>\n","protected":false},"excerpt":{"rendered":"Fue en una presentaci\u00f3n ante el BID y el Ministerio del Interior. El organismo tendr\u00e1 a cargo la gesti\u00f3n integrada de las comunas del Gran Mendoza para resolver problemas de \u00edndole interinstitucional.","protected":false},"author":3,"featured_media":48658,"comment_status":"open","ping_status":"open","sticky":false,"template":"","format":"standard","meta":[],"categories":[3],"tags":[],"_links":{"self":[{"href":"https:\/\/www.mendoza.gov.ar\/prensa\/wp-json\/wp\/v2\/posts\/48657"}],"collection":[{"href":"https:\/\/www.mendoza.gov.ar\/prensa\/wp-json\/wp\/v2\/posts"}],"about":[{"href":"https:\/\/www.mendoza.gov.ar\/prensa\/wp-json\/wp\/v2\/types\/post"}],"author":[{"embeddable":true,"href":"https:\/\/www.mendoza.gov.ar\/prensa\/wp-json\/wp\/v2\/users\/3"}],"replies":[{"embeddable":true,"href":"https:\/\/www.mendoza.gov.ar\/prensa\/wp-json\/wp\/v2\/comments?post=48657"}],"version-history":[{"count":0,"href":"https:\/\/www.mendoza.gov.ar\/prensa\/wp-json\/wp\/v2\/posts\/48657\/revisions"}],"wp:featuredmedia":[{"embeddable":true,"href":"https:\/\/www.mendoza.gov.ar\/prensa\/wp-json\/wp\/v2\/media\/48658"}],"wp:attachment":[{"href":"https:\/\/www.mendoza.gov.ar\/prensa\/wp-json\/wp\/v2\/media?parent=48657"}],"wp:term":[{"taxonomy":"category","embeddable":true,"href":"https:\/\/www.mendoza.gov.ar\/prensa\/wp-json\/wp\/v2\/categories?post=48657"},{"taxonomy":"post_tag","embeddable":true,"href":"https:\/\/www.mendoza.gov.ar\/prensa\/wp-json\/wp\/v2\/tags?post=48657"}],"curies":[{"name":"wp","href":"https:\/\/api.w.org\/{rel}","templated":true}]}}