{"id":48677,"date":"2016-02-25T14:59:14","date_gmt":"2016-02-25T17:59:14","guid":{"rendered":"http:\/\/prensa.mendoza.gov.ar\/?p=48677"},"modified":"2016-02-25T14:59:14","modified_gmt":"2016-02-25T17:59:14","slug":"comenzaran-a-controlar-garrafas-en-comercios-de-mendoza","status":"publish","type":"post","link":"https:\/\/www.mendoza.gov.ar\/prensa\/comenzaran-a-controlar-garrafas-en-comercios-de-mendoza\/","title":{"rendered":"Comenzar\u00e1n a controlar garrafas en comercios de Mendoza"},"content":{"rendered":"<!DOCTYPE html PUBLIC \"-\/\/W3C\/\/DTD HTML 4.0 Transitional\/\/EN\" \"http:\/\/www.w3.org\/TR\/REC-html40\/loose.dtd\">\n<html><body><div>El Ministerio de Econom&iacute;a, Infraestructura y Energ&iacute;a, a trav&eacute;s de la Direcci&oacute;n de Fiscalizaci&oacute;n y Control, comenzar&aacute; la pr&oacute;xima semana con el operativo de control de garrafas de gas licuado de petr&oacute;leo (GLP) en cinco fraccionadoras, diez distribuidoras y 450 puntos de venta.<\/div>\n<div><\/div>\n<div>En el marco de la Resoluci&oacute;n Nacional N&deg;07\/02, los inspectores controlar&aacute;n que las&nbsp;distribuidoras y comercios minoristas que vendan GLP&nbsp;exhiban los&nbsp;precios con&nbsp;carteles ubicados de&nbsp;forma destacada y visible, seg&uacute;n las capacidades de los envases que se comercializan.<\/div>\n<div><\/div>\n<div>Adem&aacute;s, se verificar&aacute; el contenido neto de las garrafas de GLP por 10 kilogramos: se comparar&aacute;n&nbsp;envases llenos y vac&iacute;os&nbsp;aplicando el procedimiento de control que establece&nbsp;la Resoluci&oacute;n Nacional N&deg; 122\/94.<\/div>\n<div><\/div>\n<div>En el marco del operativo y con el objetivo de garantizar la seguridad en la manipulaci&oacute;n de las garrafas, se fiscalizar&aacute; la fecha de vigencia del cilindro, la cual se encuentra en una chapa met&aacute;lica adherida.<\/div>\n<div><\/div>\n<div>En este sentido, y a fin de una adecuada fiscalizaci&oacute;n, la Direcci&oacute;n realiza un trabajo conjunto con el Instituto Nacional de Tecnolog&iacute;a Industrial (INTI) con el objetivo de calibraci&oacute;n y verificaci&oacute;n peri&oacute;dica de los instrumentos de pesar y medir (balanzas) con las cuales se efectuar&aacute;n los operativos en comercios.<\/div>\n<div><\/div>\n<div dir=\"ltr\">Para m&aacute;s&nbsp;&nbsp;informaci&oacute;n y&nbsp;consultas, comunicarse con la Fiscalizaci&oacute;n y Control&nbsp;al 0800-333-3492, de lunes a viernes de 8 a 16.<\/div>\n<\/body><\/html>\n","protected":false},"excerpt":{"rendered":"Lo har\u00e1 la Direcci\u00f3n de Fiscalizaci\u00f3n y Control y comenzar\u00e1 la semana pr\u00f3xima. M\u00e1s informaci\u00f3n y consultas, al 0800-333-3492, de lunes a viernes de 8 a 16.","protected":false},"author":3,"featured_media":0,"comment_status":"open","ping_status":"open","sticky":false,"template":"","format":"standard","meta":[],"categories":[1],"tags":[],"_links":{"self":[{"href":"https:\/\/www.mendoza.gov.ar\/prensa\/wp-json\/wp\/v2\/posts\/48677"}],"collection":[{"href":"https:\/\/www.mendoza.gov.ar\/prensa\/wp-json\/wp\/v2\/posts"}],"about":[{"href":"https:\/\/www.mendoza.gov.ar\/prensa\/wp-json\/wp\/v2\/types\/post"}],"author":[{"embeddable":true,"href":"https:\/\/www.mendoza.gov.ar\/prensa\/wp-json\/wp\/v2\/users\/3"}],"replies":[{"embeddable":true,"href":"https:\/\/www.mendoza.gov.ar\/prensa\/wp-json\/wp\/v2\/comments?post=48677"}],"version-history":[{"count":0,"href":"https:\/\/www.mendoza.gov.ar\/prensa\/wp-json\/wp\/v2\/posts\/48677\/revisions"}],"wp:attachment":[{"href":"https:\/\/www.mendoza.gov.ar\/prensa\/wp-json\/wp\/v2\/media?parent=48677"}],"wp:term":[{"taxonomy":"category","embeddable":true,"href":"https:\/\/www.mendoza.gov.ar\/prensa\/wp-json\/wp\/v2\/categories?post=48677"},{"taxonomy":"post_tag","embeddable":true,"href":"https:\/\/www.mendoza.gov.ar\/prensa\/wp-json\/wp\/v2\/tags?post=48677"}],"curies":[{"name":"wp","href":"https:\/\/api.w.org\/{rel}","templated":true}]}}