{"id":48890,"date":"2016-02-28T22:46:48","date_gmt":"2016-02-29T01:46:48","guid":{"rendered":"http:\/\/prensa.mendoza.gov.ar\/?p=48890"},"modified":"2016-02-28T22:46:48","modified_gmt":"2016-02-29T01:46:48","slug":"comenzo-la-bendicion-de-los-frutos-en-san-carlos","status":"publish","type":"post","link":"https:\/\/www.mendoza.gov.ar\/prensa\/comenzo-la-bendicion-de-los-frutos-en-san-carlos\/","title":{"rendered":"Comenz\u00f3 la Bendici\u00f3n de los Frutos en San Carlos"},"content":{"rendered":"<!DOCTYPE html PUBLIC \"-\/\/W3C\/\/DTD HTML 4.0 Transitional\/\/EN\" \"http:\/\/www.w3.org\/TR\/REC-html40\/loose.dtd\">\n<html><body><p>Con &ldquo;San Carlos, Bendici&oacute;n del Bicentenario&rdquo; comenzaron oficialmente los festejos de Vendimia en el departamento del Valle de Uco. El Gobernador lleg&oacute; hasta el Teatro abierto Ney&uacute; Map&uacute; para presenciar la celebraci&oacute;n&nbsp;junto a casi 9000 personas que lo aplaudieron de pie al momento de su ingreso.<\/p>\n<p>La Bendici&oacute;n de los Frutos tiene este a&ntilde;o un detalle especial. Esta es la primera fiesta ecum&eacute;nica de la historia de la Vendimia que congrega a representates de todos los credos quienes fueron saludados por el Gobernador al inicio de la Bendici&oacute;n.<\/p>\n<p>Alfredo Cornejo&nbsp;se mostr&oacute; emocionado por encontrase en el departamento donde naci&oacute; y se cri&oacute;. &ldquo;Mi abuelo Daniel fue contratista de una vi&ntilde;a que est&aacute; muy cerca de ac&aacute;, y mi padrino es propietario de una vi&ntilde;a que est&aacute; a pocos metros de este lugar. Por ello es que para m&iacute; este es un lugar en el que me siento muy vinculado en la Vendimia&rdquo;, dijo .<\/p>\n<p>Al ser consultado sobre qu&eacute; es lo que m&aacute;s le gusta de Vendimia, el Gobernador indic&oacute; que &ldquo;es la expresi&oacute;n popular, que haya tanta gente que se nuclee alrededor de una actividad como ahora, como en el Carrusel y en la V&iacute;a Blanca es una muestra de que la Vendimia es una fiesta que va m&aacute;s all&aacute; del marketing y de la publicidad y que tiene mucha fuerza popular&rdquo;.<\/p>\n<p>El p&uacute;blico iluminaba con velas las gradas para acompa&ntilde;ar la entrada de muchos representantes del Ejecutivo. Llegaron hasta el teatro legisladores nacionales, provinciales, ministros, secretarios y miembros del Gabinete provincial. Los intendentes de Capital, Las Heras, Jun&iacute;n, La Paz, Rivadavia, San Mart&iacute;n y Santa Rosa, Tupungato, Tunuyan y por Godoy Cruz, el presidente del Concejo Deliberante, Cesar Cattaneo. Tambi&eacute;n estuvo Carlos Valcarcel del PAMI y representantes de entes descentralizados.<\/p>\n<\/body><\/html>\n","protected":false},"excerpt":{"rendered":"Con la presencia del Gobernador Alfredo Cornejo comenz\u00f3 la ceremonia que abre Vendimia. Por primera vez en la historia, la ceremonia reunir\u00e1 a distintos credos que forman parte de la mesa de di\u00e1logo de religiones que tienen representaci\u00f3n en Mendoza.","protected":false},"author":3,"featured_media":48891,"comment_status":"open","ping_status":"open","sticky":false,"template":"","format":"standard","meta":[],"categories":[19],"tags":[],"_links":{"self":[{"href":"https:\/\/www.mendoza.gov.ar\/prensa\/wp-json\/wp\/v2\/posts\/48890"}],"collection":[{"href":"https:\/\/www.mendoza.gov.ar\/prensa\/wp-json\/wp\/v2\/posts"}],"about":[{"href":"https:\/\/www.mendoza.gov.ar\/prensa\/wp-json\/wp\/v2\/types\/post"}],"author":[{"embeddable":true,"href":"https:\/\/www.mendoza.gov.ar\/prensa\/wp-json\/wp\/v2\/users\/3"}],"replies":[{"embeddable":true,"href":"https:\/\/www.mendoza.gov.ar\/prensa\/wp-json\/wp\/v2\/comments?post=48890"}],"version-history":[{"count":0,"href":"https:\/\/www.mendoza.gov.ar\/prensa\/wp-json\/wp\/v2\/posts\/48890\/revisions"}],"wp:featuredmedia":[{"embeddable":true,"href":"https:\/\/www.mendoza.gov.ar\/prensa\/wp-json\/wp\/v2\/media\/48891"}],"wp:attachment":[{"href":"https:\/\/www.mendoza.gov.ar\/prensa\/wp-json\/wp\/v2\/media?parent=48890"}],"wp:term":[{"taxonomy":"category","embeddable":true,"href":"https:\/\/www.mendoza.gov.ar\/prensa\/wp-json\/wp\/v2\/categories?post=48890"},{"taxonomy":"post_tag","embeddable":true,"href":"https:\/\/www.mendoza.gov.ar\/prensa\/wp-json\/wp\/v2\/tags?post=48890"}],"curies":[{"name":"wp","href":"https:\/\/api.w.org\/{rel}","templated":true}]}}