{"id":49060,"date":"2016-03-01T11:07:31","date_gmt":"2016-03-01T14:07:31","guid":{"rendered":"http:\/\/prensa.mendoza.gov.ar\/?p=49060"},"modified":"2016-03-01T11:07:31","modified_gmt":"2016-03-01T14:07:31","slug":"los-aviones-de-contingencias-combatieron-tormentas-en-los-oasis-norte-y-sur","status":"publish","type":"post","link":"https:\/\/www.mendoza.gov.ar\/prensa\/los-aviones-de-contingencias-combatieron-tormentas-en-los-oasis-norte-y-sur\/","title":{"rendered":"Los aviones de contingencias combatieron tormentas en los oasis Norte y Sur"},"content":{"rendered":"<!DOCTYPE html PUBLIC \"-\/\/W3C\/\/DTD HTML 4.0 Transitional\/\/EN\" \"http:\/\/www.w3.org\/TR\/REC-html40\/loose.dtd\">\n<html><body><p>El informe de la Direcci&oacute;n de Contingencias Clim&aacute;tica se&ntilde;al&oacute; que entre las 17.30 del lunes y las 6.30 del martes se observaron 95 c&eacute;lulas de tormentas, de las cuales 37 se desplazaron sobre la zona Norte-Este, 9 en la zona Centro y 49 en la zona Sur.<\/p>\n<p>En virtud de este panorama, los aviones realizaron vuelos de siembra en los oasis Sur y Norte. Se trabaj&oacute; sobre ocho c&eacute;lulas de tormenta con radar; una en la zona Norte-Este y siete en la zona Sur.<\/p>\n<p>En el Norte-Este se registr&oacute;&nbsp;lluvia fuerte con posible granizo muy peque&ntilde;o en zonas cultivadas de Lavalle (Jocol&iacute;, Tres de Mayo, Tulumaya, Paramillo). Tambi&eacute;n, lluvia fuerte en zonas cultivadas de todos los departamentos de la zona.<\/p>\n<p>En el oasis Sur, en donde se registr&oacute; la mayor actividad, hubo lluvia fuerte con granizo en zonas cultivadas de General.Alvear (Sur de Ciudad, Bowen, Carmenza), San Rafael (Villa Atuel, Jaime Prats, este de Real del Padre). Tambi&eacute;n graniz&oacute; fuera de zona cultivada de San Rafael (El Nihuil, Rama Ca&iacute;da, Villa Atuel y Punta del Agua) y General Alvear (san Pedro del Atuel).<\/p>\n<p>En la regi&oacute;n&nbsp;Centro, se detect&oacute; lluvia moderada en zona cultivada de Tunuy&aacute;n (Los &Aacute;rboles, Los Sauces, Vista Flores) y &nbsp;San Carlos (La Consulta, Eugenio Bustos).<\/p>\n<\/body><\/html>\n","protected":false},"excerpt":{"rendered":"Se registr\u00f3 un n\u00famero importante de c\u00e9lulas de tormentas en todo el territorio provincial. El trabajo de las aeronaves se centr\u00f3 en los departamentos del Sur.","protected":false},"author":3,"featured_media":44255,"comment_status":"open","ping_status":"open","sticky":false,"template":"","format":"standard","meta":[],"categories":[1],"tags":[],"_links":{"self":[{"href":"https:\/\/www.mendoza.gov.ar\/prensa\/wp-json\/wp\/v2\/posts\/49060"}],"collection":[{"href":"https:\/\/www.mendoza.gov.ar\/prensa\/wp-json\/wp\/v2\/posts"}],"about":[{"href":"https:\/\/www.mendoza.gov.ar\/prensa\/wp-json\/wp\/v2\/types\/post"}],"author":[{"embeddable":true,"href":"https:\/\/www.mendoza.gov.ar\/prensa\/wp-json\/wp\/v2\/users\/3"}],"replies":[{"embeddable":true,"href":"https:\/\/www.mendoza.gov.ar\/prensa\/wp-json\/wp\/v2\/comments?post=49060"}],"version-history":[{"count":0,"href":"https:\/\/www.mendoza.gov.ar\/prensa\/wp-json\/wp\/v2\/posts\/49060\/revisions"}],"wp:featuredmedia":[{"embeddable":true,"href":"https:\/\/www.mendoza.gov.ar\/prensa\/wp-json\/wp\/v2\/media\/44255"}],"wp:attachment":[{"href":"https:\/\/www.mendoza.gov.ar\/prensa\/wp-json\/wp\/v2\/media?parent=49060"}],"wp:term":[{"taxonomy":"category","embeddable":true,"href":"https:\/\/www.mendoza.gov.ar\/prensa\/wp-json\/wp\/v2\/categories?post=49060"},{"taxonomy":"post_tag","embeddable":true,"href":"https:\/\/www.mendoza.gov.ar\/prensa\/wp-json\/wp\/v2\/tags?post=49060"}],"curies":[{"name":"wp","href":"https:\/\/api.w.org\/{rel}","templated":true}]}}