{"id":490802,"date":"2025-08-11T08:00:00","date_gmt":"2025-08-11T11:00:00","guid":{"rendered":"https:\/\/www.mendoza.gov.ar\/prensa\/?p=490802"},"modified":"2025-08-11T07:44:55","modified_gmt":"2025-08-11T10:44:55","slug":"mas-de-200-brigadistas-comenzaron-su-formacion-para-actuar-ante-emergencias-en-edificios-publicos","status":"publish","type":"post","link":"https:\/\/www.mendoza.gov.ar\/prensa\/mas-de-200-brigadistas-comenzaron-su-formacion-para-actuar-ante-emergencias-en-edificios-publicos\/","title":{"rendered":"M\u00e1s de 200 brigadistas comenzaron su formaci\u00f3n para actuar ante emergencias en edificios p\u00fablicos"},"content":{"rendered":"<!DOCTYPE html PUBLIC \"-\/\/W3C\/\/DTD HTML 4.0 Transitional\/\/EN\" \"http:\/\/www.w3.org\/TR\/REC-html40\/loose.dtd\">\n<html><body><h5>La iniciativa, articulada por Defensa Civil y el Instituto Provincial de Administraci&oacute;n P&uacute;blica, busca formar personal capaz de brindar asistencia inmediata frente a incendios, evacuaciones u otras situaciones cr&iacute;ticas en edificios del Estado. Participan trabajadores de organismos provinciales y nacionales.<\/h5>\n\n\n\n<p>Con el objetivo de fortalecer la capacidad de respuesta ante situaciones cr&iacute;ticas, m&aacute;s de 230 personas comenzaron a capacitarse como brigadistas para actuar en edificios p&uacute;blicos. La jornada inaugural se desarroll&oacute; en el Espacio Cultural Julio Le Parc y forma parte de un programa organizado por Defensa Civil en articulaci&oacute;n con el Instituto Provincial de Administraci&oacute;n P&uacute;blica (IPAP).<\/p>\n\n\n\n<p>&ldquo;Con esta primera charla iniciamos la capacitaci&oacute;n de brigadistas para edificios p&uacute;blicos. Es un paso muy importante, porque buscamos contar con brigadistas en todos los espacios donde funcionan organismos del Estado en la provincia&rdquo;, se&ntilde;al&oacute; el director de Defensa Civil, Daniel Burrieza.<\/p>\n\n\n\n<p>En esta primera etapa, el programa se implementa en Capital y en el &Aacute;rea Metropolitana, pero se proyecta su expansi&oacute;n a todo el territorio provincial. &ldquo;La idea es que esta formaci&oacute;n llegue a toda la provincia. Queremos que en cada edificio p&uacute;blico haya personas preparadas para intervenir de inmediato en caso de emergencia&rdquo;, sostuvo el funcionario.<\/p>\n\n\n\n<p>La capacitaci&oacute;n consta de diez m&oacute;dulos presenciales, de dos horas y media cada uno, a desarrollarse entre agosto y noviembre. Los contenidos abordan temas clave como evacuaci&oacute;n de edificios, uso de extintores, primeros auxilios y protocolos ante amenazas como explosivos o tiradores activos. Al finalizar, se realizar&aacute; un simulacro general en el mismo Le Parc.<\/p>\n\n\n\n<p>&ldquo;El objetivo es preparar personas capacitadas que puedan asistir de manera inmediata, facilitando evacuaciones, brindando primeros auxilios o interviniendo ante un principio de incendio. Tambi&eacute;n se incluyen contenidos sobre c&oacute;mo actuar ante amenazas de bomba o situaciones extremas como tiradores activos, como hemos visto en universidades del mundo&rdquo;, detall&oacute; Burrieza.<\/p>\n\n\n\n<p>Uno de los ejes del programa es la difusi&oacute;n del anexo espec&iacute;fico para la evacuaci&oacute;n de personas con discapacidad durante una emergencia, elaborado en coordinaci&oacute;n con la Direcci&oacute;n de Atenci&oacute;n a Personas con Discapacidad. Este material contempla procedimientos que garantizan que todas las personas puedan evacuar de forma segura y ordenada, respetando su autonom&iacute;a y participaci&oacute;n.<\/p>\n\n\n\n<p>En la formaci&oacute;n participan tambi&eacute;n personas con discapacidad y especialistas de la Universidad Nacional de Cuyo y de la Direcci&oacute;n de Atenci&oacute;n a Personas con Discapacidad, quienes explican a los futuros brigadistas las particularidades y necesidades que pueden presentarse durante una evacuaci&oacute;n.<\/p>\n\n\n\n<p>La jornada de apertura reuni&oacute; a personal de distintos organismos provinciales y nacionales, entre ellos la Universidad Nacional de Cuyo, la Universidad Tecnol&oacute;gica Nacional (UTN), la Administraci&oacute;n Tributaria Mendoza (ATM), Casa de Gobierno, el Palacio Judicial, el Ministerio P&uacute;blico Fiscal, el Servicio Nacional de Sanidad y Calidad Agroalimentaria (Senasa) y el Instituto de Sanidad y Calidad Agropecuaria de Mendoza (Iscamen).<\/p>\n\n\n\n<p>Adem&aacute;s de Defensa Civil, participan en la formaci&oacute;n la Cruz Roja Argentina, que dicta contenidos sobre primeros auxilios; fuerzas especiales de la Polic&iacute;a de Mendoza, encargadas de m&oacute;dulos sobre amenazas de bomba, manejo de situaciones con personas con intenci&oacute;n suicida y control de disturbios p&uacute;blicos, y la Direcci&oacute;n de Atenci&oacute;n a Personas con Discapacidad, junto a especialistas, para el abordaje del anexo de evacuaci&oacute;n inclusivo.<\/p>\n\n\n\n<p>&ldquo;Esta capacitaci&oacute;n no solo busca fortalecer la respuesta ante emergencias, sino tambi&eacute;n promover una cultura de prevenci&oacute;n en la ciudadan&iacute;a. No se trata solo de saber actuar, sino tambi&eacute;n de generar conciencia y compromiso en todos los espacios p&uacute;blicos&rdquo;, concluy&oacute; Burrieza.<\/p>\n\n\n\n<p>El programa est&aacute; destinado a empleados p&uacute;blicos y otorga puntaje a quienes lo completen con evaluaci&oacute;n final. La intenci&oacute;n del Ministerio de Seguridad y Justicia es que cada organismo estatal cuente con brigadistas propios capacitados como parte de una estrategia integral de gesti&oacute;n de emergencias y cuidado de las personas.<\/p>\n\n\n\n<figure class=\"wp-block-gallery columns-3\"><ul class=\"blocks-gallery-grid\"><li class=\"blocks-gallery-item\"><figure><a href=\"https:\/\/www.mendoza.gov.ar\/wp-content\/uploads\/sites\/5\/2025\/08\/MG_4932.jpg\"><img loading=\"lazy\" width=\"700\" height=\"467\" src=\"https:\/\/www.mendoza.gov.ar\/wp-content\/uploads\/sites\/5\/2025\/08\/MG_4932-700x467.jpg\" alt=\"\" data-id=\"490804\" data-full-url=\"https:\/\/www.mendoza.gov.ar\/wp-content\/uploads\/sites\/5\/2025\/08\/MG_4932.jpg\" data-link=\"https:\/\/www.mendoza.gov.ar\/prensa\/?attachment_id=490804\" class=\"wp-image-490804 img-responsive center-block\" srcset=\"https:\/\/www.mendoza.gov.ar\/wp-content\/uploads\/sites\/5\/2025\/08\/MG_4932-700x467.jpg 700w, https:\/\/www.mendoza.gov.ar\/wp-content\/uploads\/sites\/5\/2025\/08\/MG_4932-250x167.jpg 250w, https:\/\/www.mendoza.gov.ar\/wp-content\/uploads\/sites\/5\/2025\/08\/MG_4932-768x512.jpg 768w, https:\/\/www.mendoza.gov.ar\/wp-content\/uploads\/sites\/5\/2025\/08\/MG_4932-1536x1024.jpg 1536w, https:\/\/www.mendoza.gov.ar\/wp-content\/uploads\/sites\/5\/2025\/08\/MG_4932-2048x1365.jpg 2048w, https:\/\/www.mendoza.gov.ar\/wp-content\/uploads\/sites\/5\/2025\/08\/MG_4932-120x80.jpg 120w\" sizes=\"(max-width: 700px) 100vw, 700px\"><\/a><\/figure><\/li><li class=\"blocks-gallery-item\"><figure><a href=\"https:\/\/www.mendoza.gov.ar\/wp-content\/uploads\/sites\/5\/2025\/08\/MG_4931.jpg\"><img loading=\"lazy\" width=\"700\" height=\"467\" src=\"https:\/\/www.mendoza.gov.ar\/wp-content\/uploads\/sites\/5\/2025\/08\/MG_4931-700x467.jpg\" alt=\"\" data-id=\"490805\" data-full-url=\"https:\/\/www.mendoza.gov.ar\/wp-content\/uploads\/sites\/5\/2025\/08\/MG_4931.jpg\" data-link=\"https:\/\/www.mendoza.gov.ar\/prensa\/?attachment_id=490805\" class=\"wp-image-490805 img-responsive center-block\" srcset=\"https:\/\/www.mendoza.gov.ar\/wp-content\/uploads\/sites\/5\/2025\/08\/MG_4931-700x467.jpg 700w, https:\/\/www.mendoza.gov.ar\/wp-content\/uploads\/sites\/5\/2025\/08\/MG_4931-250x167.jpg 250w, https:\/\/www.mendoza.gov.ar\/wp-content\/uploads\/sites\/5\/2025\/08\/MG_4931-768x512.jpg 768w, https:\/\/www.mendoza.gov.ar\/wp-content\/uploads\/sites\/5\/2025\/08\/MG_4931-1536x1024.jpg 1536w, https:\/\/www.mendoza.gov.ar\/wp-content\/uploads\/sites\/5\/2025\/08\/MG_4931-2048x1365.jpg 2048w, https:\/\/www.mendoza.gov.ar\/wp-content\/uploads\/sites\/5\/2025\/08\/MG_4931-120x80.jpg 120w\" sizes=\"(max-width: 700px) 100vw, 700px\"><\/a><\/figure><\/li><li class=\"blocks-gallery-item\"><figure><a href=\"https:\/\/www.mendoza.gov.ar\/wp-content\/uploads\/sites\/5\/2025\/08\/MG_4895.jpg\"><img loading=\"lazy\" width=\"700\" height=\"467\" src=\"https:\/\/www.mendoza.gov.ar\/wp-content\/uploads\/sites\/5\/2025\/08\/MG_4895-700x467.jpg\" alt=\"\" data-id=\"490806\" data-full-url=\"https:\/\/www.mendoza.gov.ar\/wp-content\/uploads\/sites\/5\/2025\/08\/MG_4895.jpg\" data-link=\"https:\/\/www.mendoza.gov.ar\/prensa\/?attachment_id=490806\" class=\"wp-image-490806 img-responsive center-block\" srcset=\"https:\/\/www.mendoza.gov.ar\/wp-content\/uploads\/sites\/5\/2025\/08\/MG_4895-700x467.jpg 700w, https:\/\/www.mendoza.gov.ar\/wp-content\/uploads\/sites\/5\/2025\/08\/MG_4895-250x167.jpg 250w, https:\/\/www.mendoza.gov.ar\/wp-content\/uploads\/sites\/5\/2025\/08\/MG_4895-768x512.jpg 768w, https:\/\/www.mendoza.gov.ar\/wp-content\/uploads\/sites\/5\/2025\/08\/MG_4895-1536x1024.jpg 1536w, https:\/\/www.mendoza.gov.ar\/wp-content\/uploads\/sites\/5\/2025\/08\/MG_4895-2048x1365.jpg 2048w, https:\/\/www.mendoza.gov.ar\/wp-content\/uploads\/sites\/5\/2025\/08\/MG_4895-120x80.jpg 120w\" sizes=\"(max-width: 700px) 100vw, 700px\"><\/a><\/figure><\/li><li class=\"blocks-gallery-item\"><figure><a href=\"https:\/\/www.mendoza.gov.ar\/wp-content\/uploads\/sites\/5\/2025\/08\/MG_4875.jpg\"><img loading=\"lazy\" width=\"700\" height=\"467\" src=\"https:\/\/www.mendoza.gov.ar\/wp-content\/uploads\/sites\/5\/2025\/08\/MG_4875-700x467.jpg\" alt=\"\" data-id=\"490807\" data-full-url=\"https:\/\/www.mendoza.gov.ar\/wp-content\/uploads\/sites\/5\/2025\/08\/MG_4875.jpg\" data-link=\"https:\/\/www.mendoza.gov.ar\/prensa\/?attachment_id=490807\" class=\"wp-image-490807 img-responsive center-block\" srcset=\"https:\/\/www.mendoza.gov.ar\/wp-content\/uploads\/sites\/5\/2025\/08\/MG_4875-700x467.jpg 700w, https:\/\/www.mendoza.gov.ar\/wp-content\/uploads\/sites\/5\/2025\/08\/MG_4875-250x167.jpg 250w, https:\/\/www.mendoza.gov.ar\/wp-content\/uploads\/sites\/5\/2025\/08\/MG_4875-768x512.jpg 768w, https:\/\/www.mendoza.gov.ar\/wp-content\/uploads\/sites\/5\/2025\/08\/MG_4875-1536x1024.jpg 1536w, https:\/\/www.mendoza.gov.ar\/wp-content\/uploads\/sites\/5\/2025\/08\/MG_4875-2048x1365.jpg 2048w, https:\/\/www.mendoza.gov.ar\/wp-content\/uploads\/sites\/5\/2025\/08\/MG_4875-120x80.jpg 120w\" sizes=\"(max-width: 700px) 100vw, 700px\"><\/a><\/figure><\/li><li class=\"blocks-gallery-item\"><figure><a href=\"https:\/\/www.mendoza.gov.ar\/wp-content\/uploads\/sites\/5\/2025\/08\/MG_4852.jpg\"><img loading=\"lazy\" width=\"700\" height=\"467\" src=\"https:\/\/www.mendoza.gov.ar\/wp-content\/uploads\/sites\/5\/2025\/08\/MG_4852-700x467.jpg\" alt=\"\" data-id=\"490808\" data-full-url=\"https:\/\/www.mendoza.gov.ar\/wp-content\/uploads\/sites\/5\/2025\/08\/MG_4852.jpg\" data-link=\"https:\/\/www.mendoza.gov.ar\/prensa\/?attachment_id=490808\" class=\"wp-image-490808 img-responsive center-block\" srcset=\"https:\/\/www.mendoza.gov.ar\/wp-content\/uploads\/sites\/5\/2025\/08\/MG_4852-700x467.jpg 700w, https:\/\/www.mendoza.gov.ar\/wp-content\/uploads\/sites\/5\/2025\/08\/MG_4852-250x167.jpg 250w, https:\/\/www.mendoza.gov.ar\/wp-content\/uploads\/sites\/5\/2025\/08\/MG_4852-768x512.jpg 768w, https:\/\/www.mendoza.gov.ar\/wp-content\/uploads\/sites\/5\/2025\/08\/MG_4852-1536x1024.jpg 1536w, https:\/\/www.mendoza.gov.ar\/wp-content\/uploads\/sites\/5\/2025\/08\/MG_4852-2048x1365.jpg 2048w, https:\/\/www.mendoza.gov.ar\/wp-content\/uploads\/sites\/5\/2025\/08\/MG_4852-120x80.jpg 120w\" sizes=\"(max-width: 700px) 100vw, 700px\"><\/a><\/figure><\/li><li class=\"blocks-gallery-item\"><figure><a href=\"https:\/\/www.mendoza.gov.ar\/wp-content\/uploads\/sites\/5\/2025\/08\/dcivil.jpg\"><img loading=\"lazy\" width=\"700\" height=\"467\" src=\"https:\/\/www.mendoza.gov.ar\/wp-content\/uploads\/sites\/5\/2025\/08\/dcivil-700x467.jpg\" alt=\"\" data-id=\"490809\" data-full-url=\"https:\/\/www.mendoza.gov.ar\/wp-content\/uploads\/sites\/5\/2025\/08\/dcivil.jpg\" data-link=\"https:\/\/www.mendoza.gov.ar\/prensa\/?attachment_id=490809\" class=\"wp-image-490809 img-responsive center-block\" srcset=\"https:\/\/www.mendoza.gov.ar\/wp-content\/uploads\/sites\/5\/2025\/08\/dcivil-700x467.jpg 700w, https:\/\/www.mendoza.gov.ar\/wp-content\/uploads\/sites\/5\/2025\/08\/dcivil-250x167.jpg 250w, https:\/\/www.mendoza.gov.ar\/wp-content\/uploads\/sites\/5\/2025\/08\/dcivil-768x512.jpg 768w, https:\/\/www.mendoza.gov.ar\/wp-content\/uploads\/sites\/5\/2025\/08\/dcivil-1536x1024.jpg 1536w, https:\/\/www.mendoza.gov.ar\/wp-content\/uploads\/sites\/5\/2025\/08\/dcivil-2048x1365.jpg 2048w, https:\/\/www.mendoza.gov.ar\/wp-content\/uploads\/sites\/5\/2025\/08\/dcivil-120x80.jpg 120w\" sizes=\"(max-width: 700px) 100vw, 700px\"><\/a><\/figure><\/li><\/ul><\/figure>\n<\/body><\/html>\n","protected":false},"excerpt":{"rendered":"La iniciativa, articulada por Defensa Civil y el Instituto Provincial de Administraci&oacute;n P&uacute;blica, busca formar personal capaz de brindar asistencia inmediata frente a incendios, evacuaciones u otras situaciones cr&iacute;ticas en edificios del Estado. Participan trabajadores de organismos provinciales y nacionales. Con el objetivo de fortalecer la capacidad de respuesta ante situaciones cr&iacute;ticas, m&aacute;s de 230&#8230; <a class=\"view-article\" href=\"https:\/\/www.mendoza.gov.ar\/prensa\/mas-de-200-brigadistas-comenzaron-su-formacion-para-actuar-ante-emergencias-en-edificios-publicos\/\"><\/a>","protected":false},"author":68,"featured_media":490809,"comment_status":"open","ping_status":"open","sticky":false,"template":"","format":"standard","meta":[],"categories":[1788,33],"tags":[],"_links":{"self":[{"href":"https:\/\/www.mendoza.gov.ar\/prensa\/wp-json\/wp\/v2\/posts\/490802"}],"collection":[{"href":"https:\/\/www.mendoza.gov.ar\/prensa\/wp-json\/wp\/v2\/posts"}],"about":[{"href":"https:\/\/www.mendoza.gov.ar\/prensa\/wp-json\/wp\/v2\/types\/post"}],"author":[{"embeddable":true,"href":"https:\/\/www.mendoza.gov.ar\/prensa\/wp-json\/wp\/v2\/users\/68"}],"replies":[{"embeddable":true,"href":"https:\/\/www.mendoza.gov.ar\/prensa\/wp-json\/wp\/v2\/comments?post=490802"}],"version-history":[{"count":6,"href":"https:\/\/www.mendoza.gov.ar\/prensa\/wp-json\/wp\/v2\/posts\/490802\/revisions"}],"predecessor-version":[{"id":490823,"href":"https:\/\/www.mendoza.gov.ar\/prensa\/wp-json\/wp\/v2\/posts\/490802\/revisions\/490823"}],"wp:featuredmedia":[{"embeddable":true,"href":"https:\/\/www.mendoza.gov.ar\/prensa\/wp-json\/wp\/v2\/media\/490809"}],"wp:attachment":[{"href":"https:\/\/www.mendoza.gov.ar\/prensa\/wp-json\/wp\/v2\/media?parent=490802"}],"wp:term":[{"taxonomy":"category","embeddable":true,"href":"https:\/\/www.mendoza.gov.ar\/prensa\/wp-json\/wp\/v2\/categories?post=490802"},{"taxonomy":"post_tag","embeddable":true,"href":"https:\/\/www.mendoza.gov.ar\/prensa\/wp-json\/wp\/v2\/tags?post=490802"}],"curies":[{"name":"wp","href":"https:\/\/api.w.org\/{rel}","templated":true}]}}