{"id":49091,"date":"2016-03-01T13:56:49","date_gmt":"2016-03-01T16:56:49","guid":{"rendered":"http:\/\/prensa.mendoza.gov.ar\/?p=49091"},"modified":"2016-03-01T13:56:49","modified_gmt":"2016-03-01T16:56:49","slug":"es-ley-la-emergencia-en-seguridad","status":"publish","type":"post","link":"https:\/\/www.mendoza.gov.ar\/prensa\/es-ley-la-emergencia-en-seguridad\/","title":{"rendered":"Es ley la Emergencia en Seguridad"},"content":{"rendered":"<!DOCTYPE html PUBLIC \"-\/\/W3C\/\/DTD HTML 4.0 Transitional\/\/EN\" \"http:\/\/www.w3.org\/TR\/REC-html40\/loose.dtd\">\n<html><body><p>La C&aacute;mara de Senadores dio sanci&oacute;n definitiva al proyecto del Poder Ejecutivo por el cual se declara la Emergencia en Seguridad en Mendoza. De esta manera, la Provincia adhiere al DNU 228\/16 del Poder Ejecutivo Nacional en los t&eacute;rminos y condiciones que all&iacute; se establecen.<\/p>\n<p>El aval de la C&aacute;mara Alta fue dado por 33 votos afirmativos, emitidos por la bancada oficialista, por el Frente para la Victoria y por Unidad Popular,&nbsp;y 2 negativos, del Frente de Izquierda.<\/p>\n<p>La sesi&oacute;n se realiz&oacute; este mediod&iacute;a en el Sal&oacute;n de los Pasos Perdidos, debido a&nbsp;las modificaciones que se est&aacute;n haciendo en el recinto.<\/p>\n<p>La Emergencia se establece por 18 meses, con la opci&oacute;n de que sea prorrogada por el Poder Legislativo por seis meses m&aacute;s.<\/p>\n<p>En la norma, se faculta al Ministerio de Seguridad a adoptar de&nbsp;forma inmediata todas las medidas que resulten necesarias para la prevenci&oacute;n del delito. En este sentido, el&nbsp;ministerio podr&aacute; reasignar partidas de bienes de capital a bienes y servicios corrientes dentro de su propia jurisdicci&oacute;n, de acuerdo con&nbsp;las necesidades de&nbsp;seguridad p&uacute;blica.<\/p>\n<p>La idea del Poder Legislativo es optimizar los recursos humanos, tecnol&oacute;gicos y materiales, as&iacute; como la adecuada prestaci&oacute;n del servicio en cada &aacute;rea, incluyendo las competencias parciales y complementarias, a fin de garantizar las mejores acciones preventivas operativas y de resocializaci&oacute;n. Adem&aacute;s, el proyecto contempla garantizar derechos, condiciones, elementos de trabajo y h&aacute;bitat laboral para que&nbsp;puedan cumplir y desarrollar correcta y eficientemente el servicio a su cargo.<\/p>\n<p>La Provincia invertir&aacute; 561 millones de pesos, que se destinar&aacute;n a la adquisici&oacute;n de m&oacute;viles con Sistema Tecnol&oacute;gico Inteligente distribuidos entre los 18 departamentos. Adem&aacute;s, se incorporar&aacute; equipamiento para 200 m&oacute;viles existentes, 10 esc&aacute;neres&nbsp;fijos y m&oacute;viles para los controles de fronteras, l&iacute;mites y lugares cr&iacute;ticos; se desarrollar&aacute; y actualizar&aacute; el Sistema de Informaci&oacute;n Policial y se sumar&aacute; equipamiento para seguridad vial, como identificadores de patentes, velocidad y radares, entre otros. Tambi&eacute;n se adquirir&aacute;n chalecos antibalas, uniformes policiales, pistolas 9 mm, municiones y equipamiento especial.<\/p>\n<p>El&nbsp;dinero&nbsp;tambi&eacute;n ser&aacute; destinado a la puesta en marcha de un plan de obras de mejoramiento y refacci&oacute;n de distintas dependencias policiales y unidades penitenciarias de todo el territorio provincial. Adem&aacute;s, la norma estipula la construcci&oacute;n y mejoramiento edilicio de la Comisar&iacute;a de la Mujer, de unidades fiscales en general y especiales contra la violencia familiar y de g&eacute;nero.<\/p>\n<p>Para la puesta en pr&aacute;ctica de la norma, el Ejecutivo provincial puede convocar al personal de las polic&iacute;as de la Provincia de Mendoza y del Servicio Penitenciario en situaci&oacute;n de retiro efectivo a prestar servicio en condiciones de igualdad en cuanto a lo remunerativo y a las condiciones laborales del personal en actividad.<\/p>\n<p>El Ministerio de Seguridad deber&aacute; enviar un informe cuatrimestral a la Comisi&oacute;n Bicameral de Seguridad de la Legislatura provincial respecto del avance de la norma.<br>\n<a href=\"https:\/\/www.mendoza.gov.ar\/prensa\/wp-content\/uploads\/sites\/23\/DSC7390.jpg\"><img loading=\"lazy\" class=\"aligncenter wp-image-49093 img-responsive center-block\" src=\"https:\/\/www.mendoza.gov.ar\/prensa\/wp-content\/uploads\/sites\/23\/DSC7390.jpg\" alt=\"_DSC7390\" width=\"650\" height=\"434\"><\/a><a href=\"https:\/\/www.mendoza.gov.ar\/prensa\/wp-content\/uploads\/sites\/23\/DSC7271.jpg\"><br>\n<\/a><\/p>\n<\/body><\/html>\n","protected":false},"excerpt":{"rendered":"Tendr\u00e1 vigencia por 18 meses prorrogables. Contempla mejorar la prestaci\u00f3n policial, incorporar tecnolog\u00eda y refaccionar penitenciar\u00edas y comisar\u00edas en toda la provincia.","protected":false},"author":3,"featured_media":49092,"comment_status":"open","ping_status":"open","sticky":false,"template":"","format":"standard","meta":[],"categories":[1],"tags":[],"_links":{"self":[{"href":"https:\/\/www.mendoza.gov.ar\/prensa\/wp-json\/wp\/v2\/posts\/49091"}],"collection":[{"href":"https:\/\/www.mendoza.gov.ar\/prensa\/wp-json\/wp\/v2\/posts"}],"about":[{"href":"https:\/\/www.mendoza.gov.ar\/prensa\/wp-json\/wp\/v2\/types\/post"}],"author":[{"embeddable":true,"href":"https:\/\/www.mendoza.gov.ar\/prensa\/wp-json\/wp\/v2\/users\/3"}],"replies":[{"embeddable":true,"href":"https:\/\/www.mendoza.gov.ar\/prensa\/wp-json\/wp\/v2\/comments?post=49091"}],"version-history":[{"count":0,"href":"https:\/\/www.mendoza.gov.ar\/prensa\/wp-json\/wp\/v2\/posts\/49091\/revisions"}],"wp:featuredmedia":[{"embeddable":true,"href":"https:\/\/www.mendoza.gov.ar\/prensa\/wp-json\/wp\/v2\/media\/49092"}],"wp:attachment":[{"href":"https:\/\/www.mendoza.gov.ar\/prensa\/wp-json\/wp\/v2\/media?parent=49091"}],"wp:term":[{"taxonomy":"category","embeddable":true,"href":"https:\/\/www.mendoza.gov.ar\/prensa\/wp-json\/wp\/v2\/categories?post=49091"},{"taxonomy":"post_tag","embeddable":true,"href":"https:\/\/www.mendoza.gov.ar\/prensa\/wp-json\/wp\/v2\/tags?post=49091"}],"curies":[{"name":"wp","href":"https:\/\/api.w.org\/{rel}","templated":true}]}}