{"id":49144,"date":"2016-03-01T21:55:00","date_gmt":"2016-03-02T00:55:00","guid":{"rendered":"http:\/\/prensa.mendoza.gov.ar\/?p=49144"},"modified":"2016-03-01T21:55:00","modified_gmt":"2016-03-02T00:55:00","slug":"la-legislatura-de-mendoza-agasajo-a-las-candidatas-departamentales","status":"publish","type":"post","link":"https:\/\/www.mendoza.gov.ar\/prensa\/la-legislatura-de-mendoza-agasajo-a-las-candidatas-departamentales\/","title":{"rendered":"La Legislatura agasaj\u00f3 a las candidatas departamentales"},"content":{"rendered":"<!DOCTYPE html PUBLIC \"-\/\/W3C\/\/DTD HTML 4.0 Transitional\/\/EN\" \"http:\/\/www.w3.org\/TR\/REC-html40\/loose.dtd\">\n<html><body><p>Desde hace m&aacute;s de 20&nbsp; a&ntilde;os, la Casa de las Leyes celebra la Vendimia en un encuentro&nbsp;en el que&nbsp;participan mendocinos y turistas.<\/p>\n<p>El acto fue encabezado por la vicegobernadora Laura Montero; el&nbsp; presidente provisional del Senado, Juan Carlos Jaliff, y el presidente de la C&aacute;mara de Diputados, N&eacute;stor Par&eacute;s. Asistieron&nbsp;legisladores, autoridades de ambas c&aacute;maras, funcionarios del Poder Ejecutivo y Judicial y c&oacute;nsules.<\/p>\n<p>Formaron parte del acto tambi&eacute;n la reina nacional de la Vendimia 2015, Roc&iacute;o Tonini; la virreina nacional, Camila Morales; la anfitriona, Mar&iacute;a Pardini, y la presidenta de la Corenave, Marin&eacute;s Babugia.<\/p>\n<p>Una a una fueron presentadas las candidatas de los departamentos: por Malarg&uuml;e, Paula Coronado; de Maip&uacute;, Mariana Encina; de Godoy Cruz, Mar&iacute;a Celeste L&oacute;pez; de Las Heras, Luciana Goyeneche; de Rivadavia, Leila Roc&iacute;o Amar; de La Paz, Roc&iacute;o Cravero; de Santa Rosa, Florencia Jos&eacute;; de Tunuy&aacute;n, Fernanda Cabrera; de San Rafael, Melanie Carrillo; de Jun&iacute;n, Julieta Avenda&ntilde;o; de Lavalle, Roc&iacute;o Silena Fuster; de Guaymall&eacute;n, Y&eacute;sica Rodr&iacute;guez; de Tupungato, Marianela Maggini; de San Carlos, Mariquena Rizzato; de General Alvear, Eugenia Paggio; de Luj&aacute;n de Cuyo, Giuliana Lucosky; y de San Mart&iacute;n, Antonella Bertana Lucero.<\/p>\n<p>Asimismo, la Legislatura de Mendoza cont&oacute; para la organizaci&oacute;n de este evento con la colaboraci&oacute;n de los ministerios de Econom&iacute;a, Infraestructura y Energ&iacute;a; y de Salud, Desarrollo Social y Deportes del Gobierno de Mendoza.<\/p>\n<p>Tras la presentaci&oacute;n de las candidatas, las autoridades entregaron presentes y luego mendocinos y turistas se retrataron con las reinas.<\/p>\n<p>Antes de dar comienzo formal al acto, hubo un manifiesto solidario hacia las familias de las j&oacute;venes Mar&iacute;a Jos&eacute; Coni y Marina Menegazzo, v&iacute;ctimas de la violencia. Como se recordar&aacute;, la C&aacute;mara Alta elabor&oacute; hoy un proyecto de resoluci&oacute;n conjunto de todos los bloques, aprobado durante la sesi&oacute;n, donde bregan por el pronto esclarecimiento de los hechos.<\/p>\n<\/body><\/html>\n","protected":false},"excerpt":{"rendered":"Las autoridades legislativas agasajaron a las candidatas departamentales. Hubo tambi\u00e9n un pronunciamiento de solidaridad con las familias de Mar\u00eda Jos\u00e9 Coni y Marina Menegazzo.","protected":false},"author":3,"featured_media":49145,"comment_status":"open","ping_status":"open","sticky":false,"template":"","format":"standard","meta":[],"categories":[1],"tags":[],"_links":{"self":[{"href":"https:\/\/www.mendoza.gov.ar\/prensa\/wp-json\/wp\/v2\/posts\/49144"}],"collection":[{"href":"https:\/\/www.mendoza.gov.ar\/prensa\/wp-json\/wp\/v2\/posts"}],"about":[{"href":"https:\/\/www.mendoza.gov.ar\/prensa\/wp-json\/wp\/v2\/types\/post"}],"author":[{"embeddable":true,"href":"https:\/\/www.mendoza.gov.ar\/prensa\/wp-json\/wp\/v2\/users\/3"}],"replies":[{"embeddable":true,"href":"https:\/\/www.mendoza.gov.ar\/prensa\/wp-json\/wp\/v2\/comments?post=49144"}],"version-history":[{"count":0,"href":"https:\/\/www.mendoza.gov.ar\/prensa\/wp-json\/wp\/v2\/posts\/49144\/revisions"}],"wp:featuredmedia":[{"embeddable":true,"href":"https:\/\/www.mendoza.gov.ar\/prensa\/wp-json\/wp\/v2\/media\/49145"}],"wp:attachment":[{"href":"https:\/\/www.mendoza.gov.ar\/prensa\/wp-json\/wp\/v2\/media?parent=49144"}],"wp:term":[{"taxonomy":"category","embeddable":true,"href":"https:\/\/www.mendoza.gov.ar\/prensa\/wp-json\/wp\/v2\/categories?post=49144"},{"taxonomy":"post_tag","embeddable":true,"href":"https:\/\/www.mendoza.gov.ar\/prensa\/wp-json\/wp\/v2\/tags?post=49144"}],"curies":[{"name":"wp","href":"https:\/\/api.w.org\/{rel}","templated":true}]}}