{"id":49237,"date":"2016-03-02T23:50:51","date_gmt":"2016-03-03T02:50:51","guid":{"rendered":"http:\/\/prensa.mendoza.gov.ar\/?p=49237"},"modified":"2016-03-02T23:50:51","modified_gmt":"2016-03-03T02:50:51","slug":"tango-folclore-y-rock-se-mezclaron-en-la-fiesta-de-la-cosecha","status":"publish","type":"post","link":"https:\/\/www.mendoza.gov.ar\/prensa\/tango-folclore-y-rock-se-mezclaron-en-la-fiesta-de-la-cosecha\/","title":{"rendered":"Tango, folclore y rock se mezclaron en la Fiesta de la Cosecha"},"content":{"rendered":"<!DOCTYPE html PUBLIC \"-\/\/W3C\/\/DTD HTML 4.0 Transitional\/\/EN\" \"http:\/\/www.w3.org\/TR\/REC-html40\/loose.dtd\">\n<html><body><p>Una gran cantidad de p&uacute;blico lleg&oacute; hasta el Aeropuerto Internacional El Plumerillo&nbsp;para celebrar una nueva edici&oacute;n de la Fiesta de la Cosecha. Como cada a&ntilde;o, la celebraci&oacute;n tuvo un fin solidario. Las entradas para asistir al espect&aacute;culo fueron canjeadas por leche en polvo, alimentos no perecederos o pa&ntilde;ales. En esta oportunidad todo lo recaudado se destinar&aacute; a la Cooperadora Hospital Doctor Humberto Notti.<\/p>\n<p>El sucesor de Cornejo en Godoy Cruz, Tadeo Garc&iacute;a Zalazar, fue el primer intendente en llegar,&nbsp;mientras tocaba Markama, grupo vocal e instrumental mendocino, que estuvo a cargo de la previa del espect&aacute;culo.<\/p>\n<p>Casi 15.000 personas fueron parte del encuentro al que llegaron las reinas, vestidas para la ocasi&oacute;n, para la tradicional cosecha de uva junto al Gobernador. Una&nbsp;zamba interpretada por&nbsp;Jaime Torres abri&oacute; el evento vitivin&iacute;cola y cultural donde se escuch&oacute; tambi&eacute;n a la Filarm&oacute;nica de Mendoza.<\/p>\n<p>El broche de oro vino de la mano del rock con Ricardo Mollo, quien se tom&oacute; unos minutos para concientizar sobre el cuidado del agua y reconocer a los m&uacute;sicos de la Filarm&oacute;nica que lo acompa&ntilde;aron durante su repertorio.<\/p>\n<\/body><\/html>\n","protected":false},"excerpt":{"rendered":"Con la actuaci\u00f3n especial de Ricardo Mollo, Jaime Torres y la Orquesta Filarm\u00f3nica de Mendoza, se realiz\u00f3 la 14\u00aa edici\u00f3n de la Fiesta de la Cosecha. El Gobernador Alfredo Cornejo particip\u00f3 acompa\u00f1ado por su gabinete. ","protected":false},"author":3,"featured_media":49260,"comment_status":"open","ping_status":"open","sticky":false,"template":"","format":"standard","meta":[],"categories":[19],"tags":[],"_links":{"self":[{"href":"https:\/\/www.mendoza.gov.ar\/prensa\/wp-json\/wp\/v2\/posts\/49237"}],"collection":[{"href":"https:\/\/www.mendoza.gov.ar\/prensa\/wp-json\/wp\/v2\/posts"}],"about":[{"href":"https:\/\/www.mendoza.gov.ar\/prensa\/wp-json\/wp\/v2\/types\/post"}],"author":[{"embeddable":true,"href":"https:\/\/www.mendoza.gov.ar\/prensa\/wp-json\/wp\/v2\/users\/3"}],"replies":[{"embeddable":true,"href":"https:\/\/www.mendoza.gov.ar\/prensa\/wp-json\/wp\/v2\/comments?post=49237"}],"version-history":[{"count":0,"href":"https:\/\/www.mendoza.gov.ar\/prensa\/wp-json\/wp\/v2\/posts\/49237\/revisions"}],"wp:featuredmedia":[{"embeddable":true,"href":"https:\/\/www.mendoza.gov.ar\/prensa\/wp-json\/wp\/v2\/media\/49260"}],"wp:attachment":[{"href":"https:\/\/www.mendoza.gov.ar\/prensa\/wp-json\/wp\/v2\/media?parent=49237"}],"wp:term":[{"taxonomy":"category","embeddable":true,"href":"https:\/\/www.mendoza.gov.ar\/prensa\/wp-json\/wp\/v2\/categories?post=49237"},{"taxonomy":"post_tag","embeddable":true,"href":"https:\/\/www.mendoza.gov.ar\/prensa\/wp-json\/wp\/v2\/tags?post=49237"}],"curies":[{"name":"wp","href":"https:\/\/api.w.org\/{rel}","templated":true}]}}