{"id":49256,"date":"2016-03-02T22:00:19","date_gmt":"2016-03-03T01:00:19","guid":{"rendered":"http:\/\/prensa.mendoza.gov.ar\/?p=49256"},"modified":"2016-03-02T22:00:19","modified_gmt":"2016-03-03T01:00:19","slug":"el-gobernador-llego-a-la-fiesta-de-la-cosecha","status":"publish","type":"post","link":"https:\/\/www.mendoza.gov.ar\/prensa\/el-gobernador-llego-a-la-fiesta-de-la-cosecha\/","title":{"rendered":"El Gobernador lleg\u00f3 a la Fiesta de la Cosecha"},"content":{"rendered":"<!DOCTYPE html PUBLIC \"-\/\/W3C\/\/DTD HTML 4.0 Transitional\/\/EN\" \"http:\/\/www.w3.org\/TR\/REC-html40\/loose.dtd\">\n<html><body><p>El Gobernador Alfredo Cornejo lleg&oacute; cerca de las 21.30 a los vi&ntilde;edos de malbec ubicados en el Aeropuerto El Plumerillo. Aplaudido por los presentes, se dispuso a celebrar una nueva edici&oacute;n de la Fiesta de la Cosecha junto a representantes del Ejecutivo provincial, intendentes y legisladores provinciales.<\/p>\n<p>De la mano de su esposa, Luc&iacute;a Pannocchia, Cornejo dialog&oacute; con los medios e hizo especial referencia al &Iacute;tem Aula. &ldquo;Un docente frente al aula es tan indispensable para mejorar la educaci&oacute;n como lo es un ni&ntilde;o que asiste a clases todos los d&iacute;as&rdquo;, expres&oacute;.<\/p>\n<p>Se&ntilde;al&oacute; tambi&eacute;n que &ldquo;si analizan lo que hemos propuesto para estos seis&nbsp;primeros meses, van a tener un porcentaje muy similar al que ofrecen otras provincias. Incluso en el primer semestre el porcentaje es m&aacute;s alto, ya que si uno proyecta el &Iacute;tem Aula al resto de los meses, nos da un porcentaje de hasta casi el 32% anual&rdquo;.<\/p>\n<p>Indic&oacute; que desde el Gobierno siguen abiertos al di&aacute;logo y concluy&oacute; al decir que &ldquo;el &Iacute;tem Aula mejora la educaci&oacute;n, el bolsillo del docente y nos obliga a pensar en la totalidad de los ni&ntilde;os&rdquo;.<\/p>\n<\/body><\/html>\n","protected":false},"excerpt":{"rendered":"Dialog\u00f3 ante la prensa apenas lleg\u00f3 al lugar y se refiri\u00f3 al \u00cdtem Aula en particular.","protected":false},"author":3,"featured_media":49257,"comment_status":"open","ping_status":"open","sticky":false,"template":"","format":"standard","meta":[],"categories":[19],"tags":[],"_links":{"self":[{"href":"https:\/\/www.mendoza.gov.ar\/prensa\/wp-json\/wp\/v2\/posts\/49256"}],"collection":[{"href":"https:\/\/www.mendoza.gov.ar\/prensa\/wp-json\/wp\/v2\/posts"}],"about":[{"href":"https:\/\/www.mendoza.gov.ar\/prensa\/wp-json\/wp\/v2\/types\/post"}],"author":[{"embeddable":true,"href":"https:\/\/www.mendoza.gov.ar\/prensa\/wp-json\/wp\/v2\/users\/3"}],"replies":[{"embeddable":true,"href":"https:\/\/www.mendoza.gov.ar\/prensa\/wp-json\/wp\/v2\/comments?post=49256"}],"version-history":[{"count":0,"href":"https:\/\/www.mendoza.gov.ar\/prensa\/wp-json\/wp\/v2\/posts\/49256\/revisions"}],"wp:featuredmedia":[{"embeddable":true,"href":"https:\/\/www.mendoza.gov.ar\/prensa\/wp-json\/wp\/v2\/media\/49257"}],"wp:attachment":[{"href":"https:\/\/www.mendoza.gov.ar\/prensa\/wp-json\/wp\/v2\/media?parent=49256"}],"wp:term":[{"taxonomy":"category","embeddable":true,"href":"https:\/\/www.mendoza.gov.ar\/prensa\/wp-json\/wp\/v2\/categories?post=49256"},{"taxonomy":"post_tag","embeddable":true,"href":"https:\/\/www.mendoza.gov.ar\/prensa\/wp-json\/wp\/v2\/tags?post=49256"}],"curies":[{"name":"wp","href":"https:\/\/api.w.org\/{rel}","templated":true}]}}