{"id":49327,"date":"2016-03-03T16:04:01","date_gmt":"2016-03-03T19:04:01","guid":{"rendered":"http:\/\/prensa.mendoza.gov.ar\/?p=49327"},"modified":"2016-03-03T16:04:01","modified_gmt":"2016-03-03T19:04:01","slug":"el-trabajo-de-mitigacion-de-granizo-sera-grabado-por-documentalistas-franceses","status":"publish","type":"post","link":"https:\/\/www.mendoza.gov.ar\/prensa\/el-trabajo-de-mitigacion-de-granizo-sera-grabado-por-documentalistas-franceses\/","title":{"rendered":"El trabajo de mitigaci\u00f3n de granizo ser\u00e1 grabado por documentalistas franceses"},"content":{"rendered":"<!DOCTYPE html PUBLIC \"-\/\/W3C\/\/DTD HTML 4.0 Transitional\/\/EN\" \"http:\/\/www.w3.org\/TR\/REC-html40\/loose.dtd\">\n<html><body><div>Un equipo de documentalistas franceses visit&oacute; la provincia para filmar un documental, que se denomina &ldquo;Civilizaciones del Vino&rdquo;. Este proyecto abarca a m&aacute;s de 20 pa&iacute;ses donde se filmar&aacute;n las caracter&iacute;sticas propias de cada regi&oacute;n y donde se pondr&aacute; atenci&oacute;n en los aspectos culturales y la intervenci&oacute;n que el hombre realiza en el ambiente, no tanto as&iacute; en el proceso de vinificaci&oacute;n.<\/div>\n<div><\/div>\n<div>Seg&uacute;n comentaron el director Pierre Goetshel y el coordinador Antoine Lassagne, la idea surge a partir de la necesidad de incluir material audiovisual para el lanzamiento de un centro de visitas sobre las diferentes civilizaciones del vino que se instalar&aacute; en la regi&oacute;n de Burdeos,&nbsp;Francia.<\/div>\n<div><\/div>\n<div>Este centro de interpretaci&oacute;n proyecta recibir m&aacute;s de 100.000 visitantes al a&ntilde;o, que buscan conocer m&aacute;s sobre las culturas y las diferentes caracter&iacute;sticas del vino alrededor del mundo. Adem&aacute;s, esta serie de documentales se proyectar&aacute; en el canal franco-alem&aacute;n ARTE y en un canal de Corea.<\/div>\n<div><\/div>\n<div>En el caso de nuestra provincia, los realizadores est&aacute;n principalmente interesados en la intervenci&oacute;n del hombre en el medio ambiente, esto a trav&eacute;s del trabajo de mitigaci&oacute;n de granizo con aviones y generadores de superficie. Lo que les llam&oacute; m&aacute;s la atenci&oacute;n es justamente la labor que realizan los aviones de la lucha antigranizo para proteger los cultivos mendocinos, que es la &uacute;nica con esta modalidad en todo el pa&iacute;s.<\/div>\n<div><\/div>\n<div>Seg&uacute;n expresaron los realizadores, su objetivo principal es que &ldquo;a trav&eacute;s del vino se pueda conocer a la civilizaci&oacute;n detr&aacute;s&rdquo;, y en el caso de Mendoza &ldquo;lo que se desarrolla para proteger los vi&ntilde;edos&rdquo;. Las tareas de grabaci&oacute;n se llevar&aacute;n a cabo hasta el 15 de marzo pr&oacute;ximo.<\/div>\n<\/body><\/html>\n","protected":false},"excerpt":{"rendered":"Un equipo de realizaci\u00f3n de la regi\u00f3n de Burdeos visit\u00f3 esta ma\u00f1ana las instalaciones de la sede central de la Direcci\u00f3n de Contingencias Clim\u00e1ticas. Su intenci\u00f3n es realizar un documental sobre la tarea que realiza el organismo .","protected":false},"author":3,"featured_media":48229,"comment_status":"open","ping_status":"open","sticky":false,"template":"","format":"standard","meta":[],"categories":[1],"tags":[],"_links":{"self":[{"href":"https:\/\/www.mendoza.gov.ar\/prensa\/wp-json\/wp\/v2\/posts\/49327"}],"collection":[{"href":"https:\/\/www.mendoza.gov.ar\/prensa\/wp-json\/wp\/v2\/posts"}],"about":[{"href":"https:\/\/www.mendoza.gov.ar\/prensa\/wp-json\/wp\/v2\/types\/post"}],"author":[{"embeddable":true,"href":"https:\/\/www.mendoza.gov.ar\/prensa\/wp-json\/wp\/v2\/users\/3"}],"replies":[{"embeddable":true,"href":"https:\/\/www.mendoza.gov.ar\/prensa\/wp-json\/wp\/v2\/comments?post=49327"}],"version-history":[{"count":0,"href":"https:\/\/www.mendoza.gov.ar\/prensa\/wp-json\/wp\/v2\/posts\/49327\/revisions"}],"wp:featuredmedia":[{"embeddable":true,"href":"https:\/\/www.mendoza.gov.ar\/prensa\/wp-json\/wp\/v2\/media\/48229"}],"wp:attachment":[{"href":"https:\/\/www.mendoza.gov.ar\/prensa\/wp-json\/wp\/v2\/media?parent=49327"}],"wp:term":[{"taxonomy":"category","embeddable":true,"href":"https:\/\/www.mendoza.gov.ar\/prensa\/wp-json\/wp\/v2\/categories?post=49327"},{"taxonomy":"post_tag","embeddable":true,"href":"https:\/\/www.mendoza.gov.ar\/prensa\/wp-json\/wp\/v2\/tags?post=49327"}],"curies":[{"name":"wp","href":"https:\/\/api.w.org\/{rel}","templated":true}]}}