{"id":49373,"date":"2016-03-04T07:30:34","date_gmt":"2016-03-04T10:30:34","guid":{"rendered":"http:\/\/prensa.mendoza.gov.ar\/?p=49373"},"modified":"2016-03-04T07:30:34","modified_gmt":"2016-03-04T10:30:34","slug":"la-pirotecnia-fria-sera-parte-de-la-vendimia-2016","status":"publish","type":"post","link":"https:\/\/www.mendoza.gov.ar\/prensa\/la-pirotecnia-fria-sera-parte-de-la-vendimia-2016\/","title":{"rendered":"La pirotecnia fr\u00eda ser\u00e1 parte de la Vendimia 2016"},"content":{"rendered":"<!DOCTYPE html PUBLIC \"-\/\/W3C\/\/DTD HTML 4.0 Transitional\/\/EN\" \"http:\/\/www.w3.org\/TR\/REC-html40\/loose.dtd\">\n<html><body><p>El secretario de Ambiente, Humberto Mingorance, se reuni&oacute; con su par&nbsp;de Cultura, Diego Gareca, para ultimar detalles sobre los&nbsp;fuegos artificiales que se podr&aacute;n disfrutar en la Fiesta Nacional de la Vendimia.&nbsp;En este encuentro cerraron el compromiso que se tom&oacute; hace mas de tres&nbsp;meses por el uso de pirotecnia fr&iacute;a, para preservar el cuidado de los animales del zoo y a los ni&ntilde;os que sufren de autismo, ya que el estruendo de la pirotecnia cl&aacute;sica causa estr&eacute;s auditivo en los ni&ntilde;os como en los animales.<\/p>\n<p>La pirotecnia fr&iacute;a es un fuego de artificio que no causa explosi&oacute;n ni produce altas temperaturas que generen fuego o riesgo de incendio, produce baja densidad de humo y no causa ruidos de explosi&oacute;n. Es por eso que se decidi&oacute; implementarla en Vendimia, ya que el teatro griego Frank&nbsp;Romero Day se encuentra a poca distancia del Zool&oacute;gico provincial. Esto permitir&aacute; cuidar y preservar la salud de los animales como tambi&eacute;n la de las personas hipersensibles a los estruendos, entre ellas quienes padecen autismo.<\/p>\n<p>El compromiso de utilizar pirotecnia fr&iacute;a se acord&oacute; a principios de la nueva gesti&oacute;n y&nbsp;fue plasmado en las condiciones del pliego que se utiliz&oacute; para la licitaci&oacute;n de los fuegos artificiales de la Fiesta Nacional de la Vendimia.<\/p>\n<\/body><\/html>\n","protected":false},"excerpt":{"rendered":"Esta iniciativa fue tomada por la Secretar\u00eda de Ambiente en conjunto con la Secretar\u00eda de Cultura de la provincia, para cuidar el bienestar de los animales del Zool\u00f3gico provincial y a personas con hipersensibilidad a los estruendos.","protected":false},"author":3,"featured_media":49375,"comment_status":"open","ping_status":"open","sticky":false,"template":"","format":"standard","meta":[],"categories":[3],"tags":[],"_links":{"self":[{"href":"https:\/\/www.mendoza.gov.ar\/prensa\/wp-json\/wp\/v2\/posts\/49373"}],"collection":[{"href":"https:\/\/www.mendoza.gov.ar\/prensa\/wp-json\/wp\/v2\/posts"}],"about":[{"href":"https:\/\/www.mendoza.gov.ar\/prensa\/wp-json\/wp\/v2\/types\/post"}],"author":[{"embeddable":true,"href":"https:\/\/www.mendoza.gov.ar\/prensa\/wp-json\/wp\/v2\/users\/3"}],"replies":[{"embeddable":true,"href":"https:\/\/www.mendoza.gov.ar\/prensa\/wp-json\/wp\/v2\/comments?post=49373"}],"version-history":[{"count":0,"href":"https:\/\/www.mendoza.gov.ar\/prensa\/wp-json\/wp\/v2\/posts\/49373\/revisions"}],"wp:featuredmedia":[{"embeddable":true,"href":"https:\/\/www.mendoza.gov.ar\/prensa\/wp-json\/wp\/v2\/media\/49375"}],"wp:attachment":[{"href":"https:\/\/www.mendoza.gov.ar\/prensa\/wp-json\/wp\/v2\/media?parent=49373"}],"wp:term":[{"taxonomy":"category","embeddable":true,"href":"https:\/\/www.mendoza.gov.ar\/prensa\/wp-json\/wp\/v2\/categories?post=49373"},{"taxonomy":"post_tag","embeddable":true,"href":"https:\/\/www.mendoza.gov.ar\/prensa\/wp-json\/wp\/v2\/tags?post=49373"}],"curies":[{"name":"wp","href":"https:\/\/api.w.org\/{rel}","templated":true}]}}