{"id":49413,"date":"2016-03-04T15:05:47","date_gmt":"2016-03-04T18:05:47","guid":{"rendered":"http:\/\/prensa.mendoza.gov.ar\/?p=49413"},"modified":"2016-03-04T15:05:47","modified_gmt":"2016-03-04T18:05:47","slug":"trabajan-para-mejorar-la-movilidad-urbana-en-el-area-metropolitana-de-mendoza","status":"publish","type":"post","link":"https:\/\/www.mendoza.gov.ar\/prensa\/trabajan-para-mejorar-la-movilidad-urbana-en-el-area-metropolitana-de-mendoza\/","title":{"rendered":"Trabajan para mejorar la movilidad urbana en el \u00e1rea metropolitana"},"content":{"rendered":"<!DOCTYPE html PUBLIC \"-\/\/W3C\/\/DTD HTML 4.0 Transitional\/\/EN\" \"http:\/\/www.w3.org\/TR\/REC-html40\/loose.dtd\">\n<html><body><div>\n<p>El gobernador Alfredo Cornejo recibi&oacute; esta ma&ntilde;ana al ministro de Transporte de la Naci&oacute;n, Guillermo Dietrich, y mantuvo una reuni&oacute;n en Casa de Gobierno con los intendentes del Gran Mendoza: Rodolfo Su&aacute;rez (Capital),&nbsp; Tadeo Garc&iacute;a Zalazar (Godoy Cruz), Daniel Orozco (Las Heras), Omar De Marchi (Luj&aacute;n de Cuyo) y Marcelino Iglesias (Guaymall&eacute;n). Adem&aacute;s, estuvieron en representaci&oacute;n de Unicipio el secretario de Ambiente y Ordenamiento Territorial, Humberto Mingorance, y el secretario de Servicios P&uacute;blicos, Sergio Marinelli.<\/p>\n<p>El encuentro sirvi&oacute; para fortalecer el proyecto de Unicipio, el plan de gesti&oacute;n interdepartamental que re&uacute;ne a las seis comunas del &aacute;rea metropolitana para resolver problemas interjurisdiccionales. Los intendentes&nbsp; se comprometieron a trabajar en conjunto para mejorar la movilidad urbana en el &aacute;rea metropolitana de Mendoza a trav&eacute;s del an&aacute;lisis integral de usos del suelo y de movilidad a escala metropolitana, el dise&ntilde;o de una red metropolitana de ciclov&iacute;as vinculando el Gran Mendoza, la generaci&oacute;n de &aacute;reas ambientales seguras a partir de la red de ciclov&iacute;as, la adecuaci&oacute;n de parques lineales a la movilidad saludable y la mejora en la informaci&oacute;n digital al usuario del transporte p&uacute;blico.<\/p>\n<p>En este sentido, el gobernador Alfredo Cornejo coment&oacute;: &ldquo;Hemos planteado un proyecto ambicioso con los seis intendentes del Gran Mendoza a trav&eacute;s de Unicipio y nos sentimos acompa&ntilde;ados por ellos. Queremos coordinar jurisdicciones dentro del ordenamiento territorial, para hacer m&aacute;s habitable Mendoza.<\/p>\n<p>&ldquo;Queremos planificar y mejorar la calidad de vida y solucionar los problemas comunes que tenemos como el tr&aacute;nsito y la movilidad urbana, los c&oacute;digos de edificaci&oacute;n, el tratamiento de residuos, y para eso necesitamos un trabajo conjunto entre los municipios, Mendoza y la Naci&oacute;n. Vamos a encarar a Unicipio como un pilar de nuestro gobierno, para avanzar en los distintos proyectos&rdquo;, agreg&oacute; Cornejo.<\/p>\n<\/div>\n<div><a href=\"https:\/\/www.mendoza.gov.ar\/prensa\/wp-content\/uploads\/sites\/23\/dietrich-cornejo.jpg\"><img loading=\"lazy\" class=\"alignnone wp-image-49434 img-responsive center-block\" src=\"https:\/\/www.mendoza.gov.ar\/prensa\/wp-content\/uploads\/sites\/23\/dietrich-cornejo.jpg\" alt=\"\" width=\"650\" height=\"432\"><\/a><\/div>\n<div><\/div>\n<div>\n<p>Para finalizar, el Gobernador destac&oacute;:&rdquo;Dietrich est&aacute; preparado para asistirnos t&eacute;cnica y pol&iacute;ticamente, y contamos con su experiencia en Buenos Aires con proyectos importantes como lo fueron Metro Bus y las Ciclov&iacute;as, le agradezco su presencia y que se sume a nuestro trabajo&rdquo;.<\/p>\n<p>A su vez, el secretario de Ambiente y Ordenamiento Territorial, Humberto Mingorance, explic&oacute;: &ldquo;Todo esto est&aacute; articulado dentro de nuestro Plan de Ordenamiento Territorial, por lo que se beneficiar&aacute; toda la sociedad&rdquo;. El funcionario tambi&eacute;n mencion&oacute; la gesti&oacute;n de residuos s&oacute;lidos urbanos y anunci&oacute;: &ldquo;Estamos haciendo gestiones con la Naci&oacute;n para conseguir fondos y retomar el trabajo en los dep&oacute;sitos de residuos de los departamentos del Gran Mendoza&rdquo;.<\/p>\n<p>El ministro de Transporte de la Naci&oacute;n, Guillermo Dietrich, expres&oacute;: &ldquo;Estoy muy contento de poder alentar esta iniciativa y trabajar en conjunto a corto y largo plazo en las ciudades del &aacute;rea metropolitana de Mendoza. Que seamos muchos en el mismo lugar nos genera un gran desaf&iacute;o y esta es una gran oportunidad. La Naci&oacute;n va a colaborar a trav&eacute;s de la Subsecretar&iacute;a de Movilidad Urbana y nuestro personal se sumar&aacute; al trabajo con una estrategia conjunta con los municipios&rdquo;.<\/p>\n<p>Otro punto de articulaci&oacute;n entre Mendoza y la Naci&oacute;n es el desarrollo de una pol&iacute;tica de seguridad vial. En este marco, hoy se inaugurar&aacute; una oficina de gesti&oacute;n de licencia de conducir nacional en Capital.<\/p>\n<p>Dietrich asegur&oacute; que la Naci&oacute;n brindar&aacute; todas las herramientas necesarias para desarrollar el transporte de cargas en el tramo Mendoza-Buenos Aires, y que de forma paulatina se remodelar&aacute;n las terminales de &oacute;mnibus de todo el pa&iacute;s.<\/p>\n<p>Por otro lado, Cornejo manifest&oacute; la necesidad de avanzar en la conectividad&nbsp; de Mendoza con el mundo,&nbsp; a trav&eacute;s de los vuelos directos a las grandes ciudades, como es el caso de Lima, Per&uacute;.<\/p>\n<p>Para finalizar, el secretario de Servicios P&uacute;blicos, Sergio Marinelli, detall&oacute;: &ldquo;Estamos recibiendo informaci&oacute;n y trabajando en el tema de insumos para el transporte p&uacute;blico de pasajeros de Mendoza y a su vez estamos realizando estudios para que luego podamos tomar decisiones a futuro en el &aacute;rea. La Naci&oacute;n va a apoyarnos t&eacute;cnica y financieramente y, cuando tengamos dise&ntilde;ada la integraci&oacute;n con todos los sistemas de transporte, presentaremos el plan&rdquo;.<\/p>\n<\/div>\n<div dir=\"ltr\"><\/div>\n<\/body><\/html>\n","protected":false},"excerpt":{"rendered":"El gobernador Alfredo Cornejo recibi\u00f3 al ministro de Transporte de la Naci\u00f3n y anunci\u00f3 medidas para mejorar la vinculaci\u00f3n entre los departamentos del Gran Mendoza.","protected":false},"author":3,"featured_media":49433,"comment_status":"open","ping_status":"open","sticky":false,"template":"","format":"standard","meta":[],"categories":[19],"tags":[],"_links":{"self":[{"href":"https:\/\/www.mendoza.gov.ar\/prensa\/wp-json\/wp\/v2\/posts\/49413"}],"collection":[{"href":"https:\/\/www.mendoza.gov.ar\/prensa\/wp-json\/wp\/v2\/posts"}],"about":[{"href":"https:\/\/www.mendoza.gov.ar\/prensa\/wp-json\/wp\/v2\/types\/post"}],"author":[{"embeddable":true,"href":"https:\/\/www.mendoza.gov.ar\/prensa\/wp-json\/wp\/v2\/users\/3"}],"replies":[{"embeddable":true,"href":"https:\/\/www.mendoza.gov.ar\/prensa\/wp-json\/wp\/v2\/comments?post=49413"}],"version-history":[{"count":0,"href":"https:\/\/www.mendoza.gov.ar\/prensa\/wp-json\/wp\/v2\/posts\/49413\/revisions"}],"wp:featuredmedia":[{"embeddable":true,"href":"https:\/\/www.mendoza.gov.ar\/prensa\/wp-json\/wp\/v2\/media\/49433"}],"wp:attachment":[{"href":"https:\/\/www.mendoza.gov.ar\/prensa\/wp-json\/wp\/v2\/media?parent=49413"}],"wp:term":[{"taxonomy":"category","embeddable":true,"href":"https:\/\/www.mendoza.gov.ar\/prensa\/wp-json\/wp\/v2\/categories?post=49413"},{"taxonomy":"post_tag","embeddable":true,"href":"https:\/\/www.mendoza.gov.ar\/prensa\/wp-json\/wp\/v2\/tags?post=49413"}],"curies":[{"name":"wp","href":"https:\/\/api.w.org\/{rel}","templated":true}]}}