{"id":49423,"date":"2016-03-04T15:28:13","date_gmt":"2016-03-04T18:28:13","guid":{"rendered":"http:\/\/prensa.mendoza.gov.ar\/?p=49423"},"modified":"2016-03-04T15:28:13","modified_gmt":"2016-03-04T18:28:13","slug":"en-la-legislatura-de-mendoza-se-realizara-una-asamblea-por-la-equidad","status":"publish","type":"post","link":"https:\/\/www.mendoza.gov.ar\/prensa\/en-la-legislatura-de-mendoza-se-realizara-una-asamblea-por-la-equidad\/","title":{"rendered":"D\u00eda de la Mujer: en la Legislatura de Mendoza se realizar\u00e1 una \u201cAsamblea por la Equidad\u201d"},"content":{"rendered":"<!DOCTYPE html PUBLIC \"-\/\/W3C\/\/DTD HTML 4.0 Transitional\/\/EN\" \"http:\/\/www.w3.org\/TR\/REC-html40\/loose.dtd\">\n<html><body><p>En el &nbsp;D&iacute;a Internacional de la Mujer, el &nbsp;pr&oacute;ximo martes, a las 9.30 en el Recinto de la Casa de las Leyes se realizar&aacute; una Asamblea por la Equidad.<\/p>\n<p>Representantes de&nbsp;los poderes&nbsp;Ejecutivo, Legislativo y Judicial promover&aacute;n el trabajo&nbsp;interdisciplinario&nbsp;en temas vinculados con&nbsp;la violencia de g&eacute;nero, la equidad laboral y los &aacute;mbitos de representaci&oacute;n.<\/p>\n<p>Al&nbsp;encuentro, denominado &ldquo;Asamblea por la Equidad, hacia una sociedad Humanizada e Integrada&rdquo;, asistir&aacute;n&nbsp;la &nbsp;vicegobernadora Laura Montero, la presidenta de la Comisi&oacute;n de G&eacute;nero de la C&aacute;mara de Senadores, Claudia Najul; la directora de G&eacute;nero y Diversidad del Gobierno de Mendoza, Silvina Anfuso, y la responsable&nbsp; de la Direcci&oacute;n de la Mujer &ldquo;Doctora Carmen Argibay&rdquo; del Poder Judicial, &nbsp;Stella Spezia.<\/p>\n<p>Luego de la apertura de la Asamblea, las responsables mencionadas anticipar&aacute;n &#8203;la tarea, proyectos y trabajo territorial interinstitucional que realizar&aacute;n&nbsp;durante este a&ntilde;o.<\/p>\n<p>Finalmente&#8203;, &#8203; se firmar&aacute; la &#8203;denominada &#8203;&ldquo;Agenda 2016 para la prevenci&oacute;n y erradicaci&oacute;n de la violencia en Mendoza&rdquo;, de forma institucional para actuar en forma integrada y coordinada con pol&iacute;ticas interdisciplinarias.<a href=\"https:\/\/www.mendoza.gov.ar\/prensa\/wp-content\/uploads\/sites\/23\/tarjeta-dia_de_la_mujer.jpg\"><img loading=\"lazy\" class=\"aligncenter wp-image-49426 img-responsive center-block\" src=\"https:\/\/www.mendoza.gov.ar\/prensa\/wp-content\/uploads\/sites\/23\/tarjeta-dia_de_la_mujer.jpg\" alt=\"tarjeta-dia_de_la_mujer\" width=\"650\" height=\"305\"><\/a><\/p>\n<p><strong>D&iacute;a Internacional de la Mujer<\/strong><\/p>\n<p>El 8 de marzo de 1975, Naciones Unidas declar&oacute; el A&ntilde;o Internacional de la Mujer. Dos a&ntilde;os m&aacute;s tarde, en diciembre de 1977, la Asamblea General adopt&oacute; una resoluci&oacute;n proclamando un d&iacute;a para los Derechos de la Mujer y la Paz Internacional, que los estados miembros pueden celebrar cualquier d&iacute;a del a&ntilde;o siguiendo su tradici&oacute;n hist&oacute;rica y nacional.<\/p>\n<p>Finalmente, la fecha surgi&oacute; de las actividades de los movimientos obreros a finales del siglo XX en Am&eacute;rica del Norte y Europa. El D&iacute;a Internacional de la Mujer ha adquirido una dimensi&oacute;n global para las mujeres de los pa&iacute;ses desarrollados y en desarrollo por igual. El creciente movimiento internacional de las mujeres, fortalecido por cuatro conferencias mundiales de&nbsp; Naciones Unidas sobre la mujer, ha ayudado a que su conmemoraci&oacute;n ofrezca la oportunidad de incrementar el apoyo a los derechos y la participaci&oacute;n de las mujeres en las esferas pol&iacute;tica y econ&oacute;mica.<\/p>\n<p>El D&iacute;a Internacional de la Mujer ha pasado a ser un momento de reflexi&oacute;n sobre los progresos alcanzados, un llamado al cambio y una celebraci&oacute;n de los actos de valor y determinaci&oacute;n tomados por mujeres corrientes que han tenido un papel extraordinario en la historia de sus pa&iacute;ses y sus comunidades.<\/p>\n<p>&nbsp;<\/p>\n<p><em>&nbsp;<\/em><\/p>\n<p><em>&nbsp;<\/em><\/p>\n<\/body><\/html>\n","protected":false},"excerpt":{"rendered":"Representantes de los poderes Ejecutivo, Legislativo y Judicial promover\u00e1n el trabajo conjunto en temas vinculados con la violencia de g\u00e9nero, la equidad laboral y los \u00e1mbitos de representaci\u00f3n.","protected":false},"author":3,"featured_media":49426,"comment_status":"open","ping_status":"open","sticky":false,"template":"","format":"standard","meta":[],"categories":[1],"tags":[],"_links":{"self":[{"href":"https:\/\/www.mendoza.gov.ar\/prensa\/wp-json\/wp\/v2\/posts\/49423"}],"collection":[{"href":"https:\/\/www.mendoza.gov.ar\/prensa\/wp-json\/wp\/v2\/posts"}],"about":[{"href":"https:\/\/www.mendoza.gov.ar\/prensa\/wp-json\/wp\/v2\/types\/post"}],"author":[{"embeddable":true,"href":"https:\/\/www.mendoza.gov.ar\/prensa\/wp-json\/wp\/v2\/users\/3"}],"replies":[{"embeddable":true,"href":"https:\/\/www.mendoza.gov.ar\/prensa\/wp-json\/wp\/v2\/comments?post=49423"}],"version-history":[{"count":0,"href":"https:\/\/www.mendoza.gov.ar\/prensa\/wp-json\/wp\/v2\/posts\/49423\/revisions"}],"wp:featuredmedia":[{"embeddable":true,"href":"https:\/\/www.mendoza.gov.ar\/prensa\/wp-json\/wp\/v2\/media\/49426"}],"wp:attachment":[{"href":"https:\/\/www.mendoza.gov.ar\/prensa\/wp-json\/wp\/v2\/media?parent=49423"}],"wp:term":[{"taxonomy":"category","embeddable":true,"href":"https:\/\/www.mendoza.gov.ar\/prensa\/wp-json\/wp\/v2\/categories?post=49423"},{"taxonomy":"post_tag","embeddable":true,"href":"https:\/\/www.mendoza.gov.ar\/prensa\/wp-json\/wp\/v2\/tags?post=49423"}],"curies":[{"name":"wp","href":"https:\/\/api.w.org\/{rel}","templated":true}]}}