{"id":49510,"date":"2016-03-04T22:06:47","date_gmt":"2016-03-05T01:06:47","guid":{"rendered":"http:\/\/prensa.mendoza.gov.ar\/?p=49510"},"modified":"2016-03-04T22:06:47","modified_gmt":"2016-03-05T01:06:47","slug":"diplomaticos-de-mas-de-30-paises-visitan-mendoza","status":"publish","type":"post","link":"https:\/\/www.mendoza.gov.ar\/prensa\/diplomaticos-de-mas-de-30-paises-visitan-mendoza\/","title":{"rendered":"Diplom\u00e1ticos de m\u00e1s de 30 pa\u00edses visitan Mendoza"},"content":{"rendered":"<!DOCTYPE html PUBLIC \"-\/\/W3C\/\/DTD HTML 4.0 Transitional\/\/EN\" \"http:\/\/www.w3.org\/TR\/REC-html40\/loose.dtd\">\n<html><body><p>Todo estaba previsto. Antes del desfile nocturno m&aacute;s popular de Mendoza, el gobernador &nbsp;Alfredo Cornejo recib&iacute;a el saludo protocolar del cuerpo diplom&aacute;tico extranjero acreditado en el pa&iacute;s. Y de inmediato, en el auditorio Angel Bustelo, presentaba a las candidatas al cetro vendimial 2016 ante los embajadores y &nbsp;funcionarios nacionales.<\/p>\n<p>El &nbsp;protocolo fue el rasgo distintivo de &nbsp;la tarde de este viernes de Vendimia, que marid&oacute; excelentes vinos con gastronom&iacute;a regional.<\/p>\n<p>El Saludo del Cuerpo Diplom&aacute;tico cumpli&oacute; con la etiqueta. Los anfitriones: Alfredo Cornejo y su esposa, Luc&iacute;a Pannocchia,&nbsp; recibieron la salutaci&oacute;n &nbsp;de &nbsp;los m&aacute;s de 30 diplom&aacute;ticos que llegaron a nuestra provincia a disfrutar de Vendimia y a encontrar puntos en com&uacute;n, tanto en negocios como en otras oportunidades de intercambio.<\/p>\n<p>Junto a Cornejo arribaron los ministros nacionales Ricardo&nbsp;Buryaile, a cargo de la cartera de Agricultura, y Guillermo Dietrich, responsable del &aacute;rea de Transporte, as&iacute; como el embajador de Argentina en Chile, Jos&eacute; Octavio Bord&oacute;n, y el &nbsp;gobernador de Salta, &nbsp;Juan Manuel Urtubey.<\/p>\n<p><a href=\"https:\/\/www.mendoza.gov.ar\/prensa\/wp-content\/uploads\/sites\/23\/cuerpo-diplom%C3%A1tico.jpg\"><img loading=\"lazy\" class=\"alignnone wp-image-49522 img-responsive center-block\" src=\"https:\/\/www.mendoza.gov.ar\/prensa\/wp-content\/uploads\/sites\/23\/cuerpo-diplom%C3%A1tico.jpg\" alt=\"\" width=\"650\" height=\"432\"><\/a><\/p>\n<p>La lista de&nbsp; diplom&aacute;ticos que visitan la provincia se nutre de varios continentes.&nbsp; Est&aacute;n en Mendoza, embajadores y encargados de negocios de Angola, Argelia, Belar&uacute;s, Bulgaria, &nbsp;Rep&uacute;blica Checa, Chile,&nbsp; China, Corea Del Sur, Croacia, Eslovaquia , Eslovenia, Finlandia, Grecia, Guatemala, Hait&iacute;, &nbsp;Honduras, Indonesia, Kuwait, L&iacute;bano, Liga De Estados &Aacute;rabes, Marruecos, Montenegro, Pakist&aacute;n, Panam&aacute;, Paraguay, Polonia, Rumania, &nbsp;Rusia, Serbia, &nbsp;Tailandia, T&uacute;nez, &nbsp;Ucrania, Naciones Unidas, Vietnam.<\/p>\n<p>Todos ellos,&nbsp; despu&eacute;s del saludo en el hall central del Centro de Congresos y Exposiciones Gobernador Emilio Civit, pasaron de inmediato &nbsp;al auditorio &Aacute;ngel Bustelo. Se abrieron las puertas que conectan ambos edificios y all&iacute; el gobernador encabez&oacute; la tradicional Presentaci&oacute;n de las Candidatas al cetro vendimial 2016 a diplom&aacute;ticos y funcionarios nacionales, provinciales y municipales.<\/p>\n<p>Mesas con delicias locales combinaron con la belleza de la&nbsp; mujer mendocina y completaron este tradicional cuadro vendimial. Unos minutos m&aacute;s tarde el palco oficial los esperaba.<\/p>\n<p>Uno a uno fueron subiendo a los micros que dejar&iacute;a a funcionarios argentinos y extranjeros a metros del kilometro cero de Mendoza para presenciar el Carrusel. Una vez en el palco, el contraste los esperaba en este segundo tramo de la noche: lo popular, el color, el ritmo inundar&aacute;n las calles y el esp&iacute;ritu de Mendoza.<\/p>\n<p>El&nbsp;&nbsp; programa oficial&nbsp; de actividades &nbsp;del cuerpo diplom&aacute;tico culmina el domingo.&nbsp; El s&aacute;bado participar&aacute;n del Carrusel y por la noche estar&aacute;n en el Teatro griego para participar del espect&aacute;culo Art&iacute;stico Central, Elecci&oacute;n, Proclamaci&oacute;n&nbsp; y Coronaci&oacute;n de la Reina&nbsp; Nacional de la Vendimia 2016. El domingo, el Cuerpo Consular de Mendoza ofrecer&aacute; al Cuerpo&nbsp; Diplom&aacute;tico un almuerzo en una bodega de Luj&aacute;n de Cuyo.<\/p>\n<p><strong>Embajadores, cargos y nombre<\/strong><\/p>\n<p>El listado completo de los embajadores confirmados por la Direcci&oacute;n de Ceremonial y Protocolo de la Provincia, son:<\/p>\n<p>Embajador de <strong>Angola, &nbsp;<\/strong>Dn. Hermonio Joaquim ESCORCIO<\/p>\n<p>Embajador de <strong>Argelia, <\/strong>Dn. Benaouda HAMEL<\/p>\n<p>Embajador de <strong>Belarus, <\/strong>Dn. V&iacute;ctor KOZINTSEV<\/p>\n<p>Embajador de <strong>Bulgaria, <\/strong>Dn.Maxim GAYTANDJIEV<\/p>\n<p>Embajador de &nbsp;<strong>Rep&uacute;blica&nbsp;Checa, Petr KOP&#344;IVA<\/strong><\/p>\n<p>Embajador de <strong>ChileE,&nbsp; <\/strong>Dn. Jos&eacute; Antonio C&eacute;sar Bernardo del Carmen VIERA-GALLO QUESNEY<\/p>\n<p>Embajador &nbsp;de <strong>ChinaA, <\/strong>Dn. Wanming YANG<\/p>\n<p>Embajador de <strong>Corea del Sur, <\/strong>Dn. Jong-Youn CHOO<\/p>\n<p>Embajador de <strong>Croacia, <\/strong>Dn. Zeljko BELAJ<\/p>\n<p>Embajador de<strong> Eslovaquia<\/strong>&nbsp;, . Branislav HITKA<\/p>\n<p>Embajador de <strong>Eslovenia, <\/strong>Da. Jadranka STURM KOCJAN<\/p>\n<p>Embajador &nbsp;de <strong>Finlandia, <\/strong>Jukka SIUKOSAARI<\/p>\n<p>Embajadora de <strong>Grecia, <\/strong>Da. Eleni LEIVADITOU<\/p>\n<p>Embajador de <strong>Guatemala, <\/strong>Dn. Jos&eacute; Arturo RODRIGUEZ D&Iacute;AZ<\/p>\n<p>Encargada de Negocios de <strong>Hait&iacute;, <\/strong>&nbsp;Jean&ccedil;ois JOSEPH<\/p>\n<p>Embajador de &nbsp;<strong>Honduras, <\/strong>Da. Ivonne Bonilla de D&iacute;az<\/p>\n<p>Embajador Extr de &nbsp;<strong>Indonesia, <\/strong>Dn. Jonny SINAGA<\/p>\n<p>Embajador de <strong>Kuwait, Salah Mubarak Muslek ALMUTAIRI<\/strong><\/p>\n<p>Embajador <strong>L&iacute;bano, <\/strong>Dn. Antonio Raymond ANDARY<\/p>\n<p>Embajador de <strong>Liga de Estados Arabes, <\/strong>Dn. Mahmoud Gaafar Elsharif Omer<\/p>\n<p>Embajador de <strong>Marruecos, Fouad YAZOURH<\/strong><\/p>\n<p>Embajador de <strong>Montenegro, <\/strong>Dn. Gordan STOJOVIC<\/p>\n<p>Embajador de la Rep&uacute;blica Isl&aacute;mica de <strong>Pakist&aacute;n, <\/strong>Dn. Imtiaz AHMAD<\/p>\n<p>Embajador de <strong>Panam&aacute;<\/strong>, Gracia Guill&eacute;n<\/p>\n<p>Encargado de <strong>Paraguay, <\/strong>Alfredo PORRO CAMPOS<\/p>\n<p>Embajador de <strong>Polonia, <\/strong>Dn. Marek PERNAL<\/p>\n<p>Embajador de &nbsp;<strong>Rumania, <\/strong>Da. Carmen Liliana PODGOREAN<\/p>\n<p>Embajador de &nbsp;<strong>Rusia, <\/strong>Dn. V&iacute;ctor KORONELLI<\/p>\n<p>Embajadora de&nbsp; <strong>Serbia, &nbsp;&nbsp;&nbsp;<\/strong>Da. Jela BACOVIC<\/p>\n<p>Embajador &nbsp;de <strong>Tailandia, <\/strong>Dn. Jesada CHAVARNBHARK<\/p>\n<p>Embajador de <strong>T&uacute;nez, <\/strong>Dn. Hichem BAYOUDH<\/p>\n<p>Embajador&nbsp; de <strong>Ucrania, <\/strong>Dn. Yurii DIUDIN<\/p>\n<p>Coordinador Residente del Sist. de <strong>Naciones Unidas, <\/strong>D. Ren&eacute; Mauricio VALDEZ<\/p>\n<p>Embajador de <strong>Vietnam, <\/strong>Thao, NGUYEN DINH<\/p>\n<\/body><\/html>\n","protected":false},"excerpt":{"rendered":"Previo a la V\u00eda Blanca el tradicional saludo protocolar abri\u00f3, en el Centro de Congresos, \u00a0las actividades de la tarde del viernes \u00a0\u00a0que \u00a0continuaron con el c\u00f3ctel de presentaci\u00f3n de las candidatas al cetro vendimial. Los embajadores estar\u00e1n hasta el domingo en Mendoza.","protected":false},"author":3,"featured_media":49518,"comment_status":"open","ping_status":"open","sticky":false,"template":"","format":"standard","meta":[],"categories":[19],"tags":[],"_links":{"self":[{"href":"https:\/\/www.mendoza.gov.ar\/prensa\/wp-json\/wp\/v2\/posts\/49510"}],"collection":[{"href":"https:\/\/www.mendoza.gov.ar\/prensa\/wp-json\/wp\/v2\/posts"}],"about":[{"href":"https:\/\/www.mendoza.gov.ar\/prensa\/wp-json\/wp\/v2\/types\/post"}],"author":[{"embeddable":true,"href":"https:\/\/www.mendoza.gov.ar\/prensa\/wp-json\/wp\/v2\/users\/3"}],"replies":[{"embeddable":true,"href":"https:\/\/www.mendoza.gov.ar\/prensa\/wp-json\/wp\/v2\/comments?post=49510"}],"version-history":[{"count":0,"href":"https:\/\/www.mendoza.gov.ar\/prensa\/wp-json\/wp\/v2\/posts\/49510\/revisions"}],"wp:featuredmedia":[{"embeddable":true,"href":"https:\/\/www.mendoza.gov.ar\/prensa\/wp-json\/wp\/v2\/media\/49518"}],"wp:attachment":[{"href":"https:\/\/www.mendoza.gov.ar\/prensa\/wp-json\/wp\/v2\/media?parent=49510"}],"wp:term":[{"taxonomy":"category","embeddable":true,"href":"https:\/\/www.mendoza.gov.ar\/prensa\/wp-json\/wp\/v2\/categories?post=49510"},{"taxonomy":"post_tag","embeddable":true,"href":"https:\/\/www.mendoza.gov.ar\/prensa\/wp-json\/wp\/v2\/tags?post=49510"}],"curies":[{"name":"wp","href":"https:\/\/api.w.org\/{rel}","templated":true}]}}