{"id":49595,"date":"2016-03-05T11:32:25","date_gmt":"2016-03-05T14:32:25","guid":{"rendered":"http:\/\/prensa.mendoza.gov.ar\/?p=49595"},"modified":"2016-03-05T11:32:25","modified_gmt":"2016-03-05T14:32:25","slug":"la-lucha-antigranizo-tuvo-importante-actividad-en-la-zona-noreste-de-la-provincia","status":"publish","type":"post","link":"https:\/\/www.mendoza.gov.ar\/prensa\/la-lucha-antigranizo-tuvo-importante-actividad-en-la-zona-noreste-de-la-provincia\/","title":{"rendered":"La lucha antigranizo tuvo importante actividad en la zona noreste de la Provincia"},"content":{"rendered":"<!DOCTYPE html PUBLIC \"-\/\/W3C\/\/DTD HTML 4.0 Transitional\/\/EN\" \"http:\/\/www.w3.org\/TR\/REC-html40\/loose.dtd\">\n<html><body><p>Durante la tarde noche de ayer, 4 de marzo, los aviones del sistema de&nbsp;mitigaci&oacute;n de la lucha antigranizo sembraron cuatro c&eacute;lulas de tormenta en&nbsp;la zona norte este de la Provincia.<\/p>\n<p>All&iacute;, fue donde m&aacute;s c&eacute;lulas se observaron, las cuales comenzaron con&nbsp;celdas que se originaron en el Valle de Uco y se desplazaron con rumbo&nbsp;Noreste, afectando con lluvia fuerte y granizo zona de campo, entre El&nbsp;Carrizal y Barrancas. Luego se desarrollaron nuevas celdas ya en zona&nbsp;cultivada con igual desplazamiento que afectan la misma con lluvia&nbsp;moderada a fuerte y con lluvia d&eacute;bil a moderada el resto del oasis<br>\ncultivados.<\/p>\n<p>Los lugares afectados con granizo, fuera del oasis cultivado, fueron Maip&uacute; y&nbsp;Luj&aacute;n y dentro del oasis cultivado fueron Luj&aacute;n, Maip&uacute;, Las Heras y<br>\nLavalle.<\/p>\n<p>Respecto al oasis centro, las primeras c&eacute;lulas observadas se generaron al&nbsp;sur de San Carlos con desplazamiento hacia el noreste afectando casi la&nbsp;totalidad del oasis cultivado, para salir del mismo y dirigirse hacia el&nbsp;noreste, con abundante lluvia fuerte. Se encendieron los generadores de<br>\nsuperficie durante&nbsp; 6 horas.<\/p>\n<\/body><\/html>\n","protected":false},"excerpt":{"rendered":"Los aviones comenzaron su trabajo luego de las 19 y finalizaron pasadas las 3.30 del s\u00e1bado 5, para combatir las c\u00e9lulas de tormenta observadas por el radar de Contingencias Clim\u00e1ticas.","protected":false},"author":3,"featured_media":48194,"comment_status":"open","ping_status":"open","sticky":false,"template":"","format":"standard","meta":[],"categories":[1],"tags":[],"_links":{"self":[{"href":"https:\/\/www.mendoza.gov.ar\/prensa\/wp-json\/wp\/v2\/posts\/49595"}],"collection":[{"href":"https:\/\/www.mendoza.gov.ar\/prensa\/wp-json\/wp\/v2\/posts"}],"about":[{"href":"https:\/\/www.mendoza.gov.ar\/prensa\/wp-json\/wp\/v2\/types\/post"}],"author":[{"embeddable":true,"href":"https:\/\/www.mendoza.gov.ar\/prensa\/wp-json\/wp\/v2\/users\/3"}],"replies":[{"embeddable":true,"href":"https:\/\/www.mendoza.gov.ar\/prensa\/wp-json\/wp\/v2\/comments?post=49595"}],"version-history":[{"count":0,"href":"https:\/\/www.mendoza.gov.ar\/prensa\/wp-json\/wp\/v2\/posts\/49595\/revisions"}],"wp:featuredmedia":[{"embeddable":true,"href":"https:\/\/www.mendoza.gov.ar\/prensa\/wp-json\/wp\/v2\/media\/48194"}],"wp:attachment":[{"href":"https:\/\/www.mendoza.gov.ar\/prensa\/wp-json\/wp\/v2\/media?parent=49595"}],"wp:term":[{"taxonomy":"category","embeddable":true,"href":"https:\/\/www.mendoza.gov.ar\/prensa\/wp-json\/wp\/v2\/categories?post=49595"},{"taxonomy":"post_tag","embeddable":true,"href":"https:\/\/www.mendoza.gov.ar\/prensa\/wp-json\/wp\/v2\/tags?post=49595"}],"curies":[{"name":"wp","href":"https:\/\/api.w.org\/{rel}","templated":true}]}}