{"id":49596,"date":"2016-03-05T11:36:45","date_gmt":"2016-03-05T14:36:45","guid":{"rendered":"http:\/\/prensa.mendoza.gov.ar\/?p=49596"},"modified":"2020-02-14T14:36:32","modified_gmt":"2020-02-14T17:36:32","slug":"cornejo-anuncio-el-lanzamiento-del-segundo-tramo-de-la-proviar","status":"publish","type":"post","link":"https:\/\/www.mendoza.gov.ar\/prensa\/cornejo-anuncio-el-lanzamiento-del-segundo-tramo-de-la-proviar\/","title":{"rendered":"Cornejo anunci\u00f3 el lanzamiento del segundo tramo de la Proviar"},"content":{"rendered":"<!DOCTYPE html PUBLIC \"-\/\/W3C\/\/DTD HTML 4.0 Transitional\/\/EN\" \"http:\/\/www.w3.org\/TR\/REC-html40\/loose.dtd\">\n<html><body><p>El gobernador Alfredo Cornejo particip&oacute; esta ma&ntilde;ana del Desayuno de Vendimia de la Corporaci&oacute;n Vitivin&iacute;cola Argentina (COVIAR), una de las actividades centrales de la Vendimia, en la que tanto el sector p&uacute;blico y el privado ponen de relieve el estado de situaci&oacute;n de la actividad madre de la producci&oacute;n mendocina.<\/p>\n<p>En la mesa acad&eacute;mica junto a Cornejo estuvieron presentes la presidente de la COVIAR, Hilda Wilhelm de Vaieretti y el ministro de Agroindustria de la Naci&oacute;n, Ricardo Buryaile, quienes fueron los oradores en este encuentro.<\/p>\n<p>El gobernador, frente a un auditorio conformado por autoridades nacionales, empresarios, intendentes y funcionarios provinciales, destac&oacute;, entre otros puntos, la necesidad de sanear el Estado para lograr el financiamiento necesario para seguir trabajando junto al sector privado.<\/p>\n<p>Tambi&eacute;n, se refiri&oacute; a la actualizaci&oacute;n del Plan Estrat&eacute;gico, la promoci&oacute;n del consumo del vino y del enoturismo, al emplazamiento de una f&aacute;brica de bengalas antigranizo, entre otros temas.<br>\n&ldquo;En el gobierno que represento, consideramos que la gravedad por la que atraviesan las finanzas p&uacute;blicas no deben ser una condici&oacute;n limitante para proyectar estrat&eacute;gicamente los tiempos que vienen a trav&eacute;s de la construcci&oacute;n de una mirada compartida entre todos los sectores que hacen a la vida mendocina&rdquo;, precis&oacute;.<\/p>\n<p>&ldquo;Nos proponemos, en la medida de las posibilidades, entonces, ir avanzando en la conciliaci&oacute;n de lo urgente con lo necesario&rdquo; a&ntilde;adi&oacute; el mandatario.<\/p>\n<p>Uno de los anuncios hechos por Cornejo es una medida emprendida junto a la Naci&oacute;n referida al lanzamiento del segundo tramo del programa Proviar, una herramienta que apunta a la integraci&oacute;n de peque&ntilde;os productores a la cadena vitivin&iacute;cola.<\/p>\n<p>Tambi&eacute;n, hizo referencia a otras l&iacute;neas de financiamiento cuando precis&oacute;: &ldquo;Para ampliar las oportunidades de cr&eacute;dito, vengo a anunciarles que vamos a ir por una negociaci&oacute;n con el agente financiero del Estado, que desde la salida de los bancos provinciales jam&aacute;s se alcanz&oacute;&rdquo;. Y a&ntilde;adi&oacute;: &ldquo;Es que sabemos que, a pesar del importante papel crediticio que juega, la tradicional l&iacute;nea de cr&eacute;dito de prefinanciaci&oacute;n para la cosecha y el acarreo, sola no alcanza. Necesitamos gestionar una amplia gama de cr&eacute;ditos para mejorar el capital de trabajo y la competitividad de la industria a tasas bajas razonables&rdquo;.<\/p>\n<p>Cornejo, a la vez indic&oacute; que en materia del impuesto a los espumantes, es necesario saldar definitivamente la discusi&oacute;n en favor del desarrollo de ese sector vitivin&iacute;cola, ya que se&ntilde;al&oacute; que se ha demostrado que existe un ciclo virtuoso de desconcentraci&oacute;n puesto de manifiesto tanto en la multiplicaci&oacute;n de productores como en la apertura del rango de precios que promueve el ingreso de nuevos consumidores de los m&aacute;s variados estratos, lo que resulta de gran valor para la econom&iacute;a regional.<\/p>\n<p>&ldquo;Hay argumentos s&oacute;lidos para defender la eximici&oacute;n, nosotros a trav&eacute;s del Ministerio de Econom&iacute;a de la Provincia lo estamos haciendo en el &aacute;mbito del Ministerio de Finanzas del Poder Ejecutivo Nacional&rdquo;, agreg&oacute;.<br>\nOtros de los puntos que subray&oacute; fue el referido a la lucha contra la Lobesia Botrana, una polilla que afecta a la producci&oacute;n vitivin&iacute;cola.<\/p>\n<p>&ldquo;Necesitamos trabajar para conseguir los recursos para haciendo que lo que es virtualmente una &ldquo;Ley sin plata&rdquo;, por su tratamiento posterior a la aprobaci&oacute;n del Presupuesto nacional en el Congreso, consiga estar entre las prioridades para los cambios de partida, al menos para atender las zonas cr&iacute;ticas, ya que constituye un enemigo serio para la calidad en momentos donde debemos atender especialmente la competitividad&rdquo;, adelant&oacute;.<\/p>\n<p>En su discurso Cornejo remarc&oacute; que las primeras se&ntilde;ales producidas por el Gobierno Nacional han sido alentadoras en ese sentido, haciendo todos los esfuerzos por volver a integrar a Argentina en el mundo, destrabando el tipo de cambio, eliminando retenciones, mejorando significativamente las posibilidades para el comercio exterior. &ldquo;Aunque sabemos que estos son los primeros pasos, tambi&eacute;n sabemos que son pasos claves para una econom&iacute;a muy vinculada al comercio exterior, como es la nuestra&rdquo;, destac&oacute; el gobernador.<\/p>\n<p>&ldquo;Por nuestra parte queremos que quede claro que este es un Gobierno Provincial que viene a ayudar. A&uacute;n reconociendo que la Provincia tiene pocos instrumentos de pol&iacute;tica econ&oacute;mica e impositiva para asistir a la industria como, he dicho reiteradamente desde antes de ser electo&rdquo;, a&ntilde;adi&oacute;.<\/p>\n<p>Por &uacute;ltimo, el gobernador se despidi&oacute; precisando: &ldquo;A pesar de las dificultades que atravesamos, brindo por la industria y por los buenos tiempos que deber&aacute;n venir para Mendoza, si somos capaces de trabajar juntos&rdquo;.<\/p>\n<p>Discurso completo, click <a href=\"https:\/\/www.mendoza.gov.ar\/prensa\/wp-content\/uploads\/sites\/23\/DISCURSO-COVIAR-2016.pdf\">aqu&iacute;<\/a><\/p>\n<\/body><\/html>\n","protected":false},"excerpt":{"rendered":"El gobernador pronunci\u00f3 su primer discurso en el Desayuno Vendimial de la COVIAR, y entre otros puntos destac\u00f3 la asistencia de peque\u00f1os productores a la cadena vitivin\u00edcola.","protected":false},"author":3,"featured_media":49605,"comment_status":"open","ping_status":"open","sticky":false,"template":"","format":"standard","meta":[],"categories":[19],"tags":[],"_links":{"self":[{"href":"https:\/\/www.mendoza.gov.ar\/prensa\/wp-json\/wp\/v2\/posts\/49596"}],"collection":[{"href":"https:\/\/www.mendoza.gov.ar\/prensa\/wp-json\/wp\/v2\/posts"}],"about":[{"href":"https:\/\/www.mendoza.gov.ar\/prensa\/wp-json\/wp\/v2\/types\/post"}],"author":[{"embeddable":true,"href":"https:\/\/www.mendoza.gov.ar\/prensa\/wp-json\/wp\/v2\/users\/3"}],"replies":[{"embeddable":true,"href":"https:\/\/www.mendoza.gov.ar\/prensa\/wp-json\/wp\/v2\/comments?post=49596"}],"version-history":[{"count":2,"href":"https:\/\/www.mendoza.gov.ar\/prensa\/wp-json\/wp\/v2\/posts\/49596\/revisions"}],"predecessor-version":[{"id":219558,"href":"https:\/\/www.mendoza.gov.ar\/prensa\/wp-json\/wp\/v2\/posts\/49596\/revisions\/219558"}],"wp:featuredmedia":[{"embeddable":true,"href":"https:\/\/www.mendoza.gov.ar\/prensa\/wp-json\/wp\/v2\/media\/49605"}],"wp:attachment":[{"href":"https:\/\/www.mendoza.gov.ar\/prensa\/wp-json\/wp\/v2\/media?parent=49596"}],"wp:term":[{"taxonomy":"category","embeddable":true,"href":"https:\/\/www.mendoza.gov.ar\/prensa\/wp-json\/wp\/v2\/categories?post=49596"},{"taxonomy":"post_tag","embeddable":true,"href":"https:\/\/www.mendoza.gov.ar\/prensa\/wp-json\/wp\/v2\/tags?post=49596"}],"curies":[{"name":"wp","href":"https:\/\/api.w.org\/{rel}","templated":true}]}}