{"id":496198,"date":"2025-08-31T21:57:36","date_gmt":"2025-09-01T00:57:36","guid":{"rendered":"https:\/\/www.mendoza.gov.ar\/prensa\/?p=496198"},"modified":"2025-09-01T00:36:29","modified_gmt":"2025-09-01T03:36:29","slug":"vialidad-trabaja-para-abrir-el-canon-del-atuel-y-calle-los-dos-alamos-cortados-tras-las-lluvias","status":"publish","type":"post","link":"https:\/\/www.mendoza.gov.ar\/prensa\/vialidad-trabaja-para-abrir-el-canon-del-atuel-y-calle-los-dos-alamos-cortados-tras-las-lluvias\/","title":{"rendered":"Vialidad trabaja para abrir el Ca\u00f1\u00f3n del Atuel y la calle Los Dos \u00c1lamos, cortados tras las lluvias"},"content":{"rendered":"<!DOCTYPE html PUBLIC \"-\/\/W3C\/\/DTD HTML 4.0 Transitional\/\/EN\" \"http:\/\/www.w3.org\/TR\/REC-html40\/loose.dtd\">\n<html><body><p><strong>El circuito tur&iacute;stico qued&oacute; interrumpido entre las centrales 1 y 2, y se detectaron derrumbes en otros sectores. La Ruta Provincial 222 a Las Le&ntilde;as oper&oacute; con normalidad.<\/strong><\/p>\n\n\n\n<p>Las lluvias generalizadas del fin de semana provocaron el corte de un tramo del camino del Ca&ntilde;&oacute;n del Atuel (Ruta Provincial 173), en San Rafael, por un desborde del cauce del r&iacute;o. Tambi&eacute;n hubo desprendimientos de rocas en otros sectores. Adem&aacute;s se interrumpieron las calles Los Dos &Aacute;lamos y Alberdi, donde Vialidad Mendoza inici&oacute; la reconstrucci&oacute;n de una alcantarilla.<\/p>\n\n\n\n<p>Para la madrugada y el amanecer del lunes contin&uacute;an los pron&oacute;sticos de lluvias, aunque en retirada, con descenso de la temperatura y riesgo de neblinas y formaci&oacute;n de hielo en la calzada, por lo que se recomienda transitar con precauci&oacute;n por las calles y las rutas provinciales.<\/p>\n\n\n\n<p>La tormenta del s&aacute;bado destruy&oacute; el desv&iacute;o para veh&iacute;culos que se hab&iacute;a montado en Los Dos &aacute;lamos y Alberdi, por lo que s&oacute;lo se podr&aacute; circular por esta calle ingresando y saliendo a trav&eacute;s de la Ruta Nacional 146 hasta que se remedie la situaci&oacute;n.<\/p>\n\n\n\n<p>Respecto del Ca&ntilde;&oacute;n del Atuel, la Direcci&oacute;n Provincial de Vialidad (DPV) lo cerr&oacute; preventivamente el viernes a las 20 y permanecer&aacute; as&iacute; en su totalidad durante los pr&oacute;ximos d&iacute;as, mientras eval&uacute;an los da&ntilde;os y se inician los trabajos para restablecer la transitabilidad.<\/p>\n\n\n\n<p>Un desborde del r&iacute;o Atuel, el s&aacute;bado, en la Roca del Astronauta (hito tur&iacute;stico) hacia el arroyo seco Aisol, que funciona como derivador natural,  inund&oacute; y destruy&oacute; el bad&eacute;n que hab&iacute;a sido trazado por el personal de la DPV.<\/p>\n\n\n\n<p>Ese sector corresponde al lugar donde hasta el 11 de enero pasado se encontraba el puente de ca&ntilde;os que fue arrasado por otra tormenta. Est&aacute; ubicado a 4,7 km de la Central Hidroel&eacute;ctrica 1, entre las centrales 1 y 2.<\/p>\n\n\n\n<p>Por este motivo, el Ca&ntilde;&oacute;n del Atuel est&aacute; intransitable entre las centrales 1 y 2, y continuar&aacute; cerrado en su totalidad, a fin de detectar otros desbordes y derrumbes.<\/p>\n\n\n\n<p>En cambio, s&iacute; permaneci&oacute; transitable la RP 173 hacia el dique Valle Grande, en el tramo asfaltado, que tuvo una breve interrupci&oacute;n el s&aacute;bado por la ma&ntilde;ana debido a dos desprendimientos de rocas que la DPV despej&oacute; en pocas horas.<\/p>\n\n\n\n<p>Por su parte, contin&uacute;a intransitable la Ruta Provincial 220 del circuito tur&iacute;stico del Sosneado, debido a las nevadas del fin de semana. Antes reg&iacute;a una restricci&oacute;n de paso a partir del Arroyo Blanco, pero la medida se extendi&oacute; ahora a toda la ruta hasta una nueva evaluaci&oacute;n.<\/p>\n\n\n\n<p>En tanto, la Ruta Provincial 222 hacia el centro de esqu&iacute; Las Le&ntilde;as, en Malarg&uuml;e, permaneci&oacute; transitable todo el fin de semana, atendida en forma permanente por la DPV, cuyo personal trabaj&oacute; de d&iacute;a y de madrugada para mantener el camino abierto en medio de la nevada.<\/p>\n\n\n\n<figure class=\"wp-block-gallery columns-3 is-cropped\"><ul class=\"blocks-gallery-grid\"><li class=\"blocks-gallery-item\"><figure><a href=\"https:\/\/www.mendoza.gov.ar\/wp-content\/uploads\/sites\/5\/2025\/08\/WhatsApp-Image-2025-08-31-at-00.46.07.jpeg\"><img loading=\"lazy\" width=\"700\" height=\"394\" src=\"https:\/\/www.mendoza.gov.ar\/wp-content\/uploads\/sites\/5\/2025\/08\/WhatsApp-Image-2025-08-31-at-00.46.07-700x394.jpeg\" alt=\"\" data-id=\"496200\" data-full-url=\"https:\/\/www.mendoza.gov.ar\/wp-content\/uploads\/sites\/5\/2025\/08\/WhatsApp-Image-2025-08-31-at-00.46.07.jpeg\" data-link=\"https:\/\/www.mendoza.gov.ar\/prensa\/?attachment_id=496200\" class=\"wp-image-496200 img-responsive center-block\" srcset=\"https:\/\/www.mendoza.gov.ar\/wp-content\/uploads\/sites\/5\/2025\/08\/WhatsApp-Image-2025-08-31-at-00.46.07-700x394.jpeg 700w, https:\/\/www.mendoza.gov.ar\/wp-content\/uploads\/sites\/5\/2025\/08\/WhatsApp-Image-2025-08-31-at-00.46.07-250x141.jpeg 250w, https:\/\/www.mendoza.gov.ar\/wp-content\/uploads\/sites\/5\/2025\/08\/WhatsApp-Image-2025-08-31-at-00.46.07-120x68.jpeg 120w, https:\/\/www.mendoza.gov.ar\/wp-content\/uploads\/sites\/5\/2025\/08\/WhatsApp-Image-2025-08-31-at-00.46.07.jpeg 720w\" sizes=\"(max-width: 700px) 100vw, 700px\"><\/a><\/figure><\/li><li class=\"blocks-gallery-item\"><figure><a href=\"https:\/\/www.mendoza.gov.ar\/wp-content\/uploads\/sites\/5\/2025\/08\/WhatsApp-Image-2025-08-30-at-11.00.40.jpeg\"><img loading=\"lazy\" width=\"700\" height=\"592\" src=\"https:\/\/www.mendoza.gov.ar\/wp-content\/uploads\/sites\/5\/2025\/08\/WhatsApp-Image-2025-08-30-at-11.00.40-700x592.jpeg\" alt=\"\" data-id=\"496201\" data-full-url=\"https:\/\/www.mendoza.gov.ar\/wp-content\/uploads\/sites\/5\/2025\/08\/WhatsApp-Image-2025-08-30-at-11.00.40.jpeg\" data-link=\"https:\/\/www.mendoza.gov.ar\/prensa\/?attachment_id=496201\" class=\"wp-image-496201 img-responsive center-block\" srcset=\"https:\/\/www.mendoza.gov.ar\/wp-content\/uploads\/sites\/5\/2025\/08\/WhatsApp-Image-2025-08-30-at-11.00.40-700x592.jpeg 700w, https:\/\/www.mendoza.gov.ar\/wp-content\/uploads\/sites\/5\/2025\/08\/WhatsApp-Image-2025-08-30-at-11.00.40-250x211.jpeg 250w, https:\/\/www.mendoza.gov.ar\/wp-content\/uploads\/sites\/5\/2025\/08\/WhatsApp-Image-2025-08-30-at-11.00.40-768x650.jpeg 768w, https:\/\/www.mendoza.gov.ar\/wp-content\/uploads\/sites\/5\/2025\/08\/WhatsApp-Image-2025-08-30-at-11.00.40-120x102.jpeg 120w, https:\/\/www.mendoza.gov.ar\/wp-content\/uploads\/sites\/5\/2025\/08\/WhatsApp-Image-2025-08-30-at-11.00.40.jpeg 960w\" sizes=\"(max-width: 700px) 100vw, 700px\"><\/a><\/figure><\/li><li class=\"blocks-gallery-item\"><figure><a href=\"https:\/\/www.mendoza.gov.ar\/wp-content\/uploads\/sites\/5\/2025\/08\/WhatsApp-Image-2025-08-31-at-00.44.05.jpeg\"><img loading=\"lazy\" width=\"700\" height=\"394\" src=\"https:\/\/www.mendoza.gov.ar\/wp-content\/uploads\/sites\/5\/2025\/08\/WhatsApp-Image-2025-08-31-at-00.44.05-700x394.jpeg\" alt=\"\" data-id=\"496202\" data-full-url=\"https:\/\/www.mendoza.gov.ar\/wp-content\/uploads\/sites\/5\/2025\/08\/WhatsApp-Image-2025-08-31-at-00.44.05.jpeg\" data-link=\"https:\/\/www.mendoza.gov.ar\/prensa\/?attachment_id=496202\" class=\"wp-image-496202 img-responsive center-block\" srcset=\"https:\/\/www.mendoza.gov.ar\/wp-content\/uploads\/sites\/5\/2025\/08\/WhatsApp-Image-2025-08-31-at-00.44.05-700x394.jpeg 700w, https:\/\/www.mendoza.gov.ar\/wp-content\/uploads\/sites\/5\/2025\/08\/WhatsApp-Image-2025-08-31-at-00.44.05-250x141.jpeg 250w, https:\/\/www.mendoza.gov.ar\/wp-content\/uploads\/sites\/5\/2025\/08\/WhatsApp-Image-2025-08-31-at-00.44.05-120x68.jpeg 120w, https:\/\/www.mendoza.gov.ar\/wp-content\/uploads\/sites\/5\/2025\/08\/WhatsApp-Image-2025-08-31-at-00.44.05.jpeg 720w\" sizes=\"(max-width: 700px) 100vw, 700px\"><\/a><\/figure><\/li><\/ul><\/figure>\n\n\n\n<p><\/p>\n<\/body><\/html>\n","protected":false},"excerpt":{"rendered":"El circuito tur&iacute;stico qued&oacute; interrumpido entre las centrales 1 y 2, y se detectaron derrumbes en otros sectores. La Ruta Provincial 222 a Las Le&ntilde;as oper&oacute; con normalidad. Las lluvias generalizadas del fin de semana provocaron el corte de un tramo del camino del Ca&ntilde;&oacute;n del Atuel (Ruta Provincial 173), en San Rafael, por un&#8230; <a class=\"view-article\" href=\"https:\/\/www.mendoza.gov.ar\/prensa\/vialidad-trabaja-para-abrir-el-canon-del-atuel-y-calle-los-dos-alamos-cortados-tras-las-lluvias\/\"><\/a>","protected":false},"author":78,"featured_media":496202,"comment_status":"open","ping_status":"open","sticky":false,"template":"","format":"standard","meta":[],"categories":[2999],"tags":[],"_links":{"self":[{"href":"https:\/\/www.mendoza.gov.ar\/prensa\/wp-json\/wp\/v2\/posts\/496198"}],"collection":[{"href":"https:\/\/www.mendoza.gov.ar\/prensa\/wp-json\/wp\/v2\/posts"}],"about":[{"href":"https:\/\/www.mendoza.gov.ar\/prensa\/wp-json\/wp\/v2\/types\/post"}],"author":[{"embeddable":true,"href":"https:\/\/www.mendoza.gov.ar\/prensa\/wp-json\/wp\/v2\/users\/78"}],"replies":[{"embeddable":true,"href":"https:\/\/www.mendoza.gov.ar\/prensa\/wp-json\/wp\/v2\/comments?post=496198"}],"version-history":[{"count":8,"href":"https:\/\/www.mendoza.gov.ar\/prensa\/wp-json\/wp\/v2\/posts\/496198\/revisions"}],"predecessor-version":[{"id":496212,"href":"https:\/\/www.mendoza.gov.ar\/prensa\/wp-json\/wp\/v2\/posts\/496198\/revisions\/496212"}],"wp:featuredmedia":[{"embeddable":true,"href":"https:\/\/www.mendoza.gov.ar\/prensa\/wp-json\/wp\/v2\/media\/496202"}],"wp:attachment":[{"href":"https:\/\/www.mendoza.gov.ar\/prensa\/wp-json\/wp\/v2\/media?parent=496198"}],"wp:term":[{"taxonomy":"category","embeddable":true,"href":"https:\/\/www.mendoza.gov.ar\/prensa\/wp-json\/wp\/v2\/categories?post=496198"},{"taxonomy":"post_tag","embeddable":true,"href":"https:\/\/www.mendoza.gov.ar\/prensa\/wp-json\/wp\/v2\/tags?post=496198"}],"curies":[{"name":"wp","href":"https:\/\/api.w.org\/{rel}","templated":true}]}}