{"id":496216,"date":"2025-09-01T08:25:20","date_gmt":"2025-09-01T11:25:20","guid":{"rendered":"https:\/\/www.mendoza.gov.ar\/prensa\/?p=496216"},"modified":"2025-09-01T10:20:53","modified_gmt":"2025-09-01T13:20:53","slug":"oscar-tato-mayorga-el-policia-que-ya-suma-46-ascensos-al-aconcagua-y-casi-dos-decadas-salvando-vidas-en-la-montana","status":"publish","type":"post","link":"https:\/\/www.mendoza.gov.ar\/prensa\/oscar-tato-mayorga-el-policia-que-ya-suma-46-ascensos-al-aconcagua-y-casi-dos-decadas-salvando-vidas-en-la-montana\/","title":{"rendered":"Oscar \u201cTato\u201d Mayorga, el polic\u00eda que ya suma 46 ascensos al Aconcagua y casi dos d\u00e9cadas salvando vidas en la monta\u00f1a"},"content":{"rendered":"<!DOCTYPE html PUBLIC \"-\/\/W3C\/\/DTD HTML 4.0 Transitional\/\/EN\" \"http:\/\/www.w3.org\/TR\/REC-html40\/loose.dtd\">\n<html><body><h5>Tiene 44 a&ntilde;os, es auxiliar tercero de la Polic&iacute;a de Mendoza y desde hace 18 temporadas integra la Patrulla de Rescate. Se ha convertido en el integrante m&aacute;s experimentado del cuerpo. Su historia combina disciplina, pasi&oacute;n por la monta&ntilde;a y el compromiso de un servidor p&uacute;blico que eligi&oacute; entregar su vida a cuidar la de los dem&aacute;s.<\/h5>\n\n\n\n<p>Oscar Ceferino <em>Tato<\/em> Mayorga naci&oacute; hace 44 a&ntilde;os en Mendoza y hoy es uno de los rostros m&aacute;s reconocidos de la Unidad Patrulla de Rescate y Auxilio en Monta&ntilde;a (UPRAM), la fuerza policial especializada en la alta cordillera que asiste y protege a los miles de turistas y andinistas que visitan cada a&ntilde;o el Parque Provincial Aconcagua.<\/p>\n\n\n\n<p>Con 21 a&ntilde;os en la Polic&iacute;a de Mendoza y 18 temporadas en la Patrulla de Rescate, Mayorga es actualmente el miembro m&aacute;s experimentado en actividad. En ese recorrido acumula un r&eacute;cord personal que tambi&eacute;n habla de su entrega: 46 ascensos al Aconcagua, la monta&ntilde;a m&aacute;s alta de Am&eacute;rica y uno de los desaf&iacute;os naturales m&aacute;s exigentes del mundo.<\/p>\n\n\n\n<p><strong>Comienzos en la fuerza<\/strong><\/p>\n\n\n\n<p>Mayorga ingres&oacute; a la polic&iacute;a siendo muy joven. Sus primeros pasos los dio en el &aacute;rea de Custodia y luego pas&oacute; por Infanter&iacute;a. Pero en 2007 encontr&oacute; lo que define como su &ldquo;verdadera vocaci&oacute;n&rdquo;: el rescate en la monta&ntilde;a. All&iacute; descubri&oacute; un &aacute;mbito donde pod&iacute;a unir el esp&iacute;ritu de servicio con el contacto con la naturaleza y la exigencia f&iacute;sica y mental que imponen los 6.962 metros del Aconcagua.<\/p>\n\n\n\n<p>&ldquo;Soy un polic&iacute;a al que la vida lo llev&oacute; a otro escenario. No somos superh&eacute;roes, somos servidores p&uacute;blicos entrenados para un ambiente extremo&rdquo;, resume cuando recuerda esa decisi&oacute;n que marc&oacute; su vida.<\/p>\n\n\n\n<p><strong>Una vida entre cumbres<\/strong><\/p>\n\n\n\n<p>Desde entonces, cada verano para Mayorga significa largas estad&iacute;as en campamentos de altura, guardias de patrullaje, capacitaciones permanentes y, sobre todo, decenas de operativos de auxilio. Su experiencia lo llev&oacute; a ser parte de rescates de enorme complejidad: turistas desorientados en medio de tormentas, deportistas con principios de edemas pulmonar y cerebral, accidentes por desprendimientos de rocas y traslados en camilla desde m&aacute;s de 6.000 metros de altitud.<\/p>\n\n\n\n<p>De sus 46 ascensos al Aconcagua, la mayor&iacute;a fueron durante operativos de rescate. &ldquo;Cada cumbre tiene un rostro, una historia. En la monta&ntilde;a no hay margen de error: cada paso puede definir si alguien vuelve con vida&rdquo;, se&ntilde;ala.<\/p>\n\n\n\n<p>Una de las situaciones que m&aacute;s lo marcaron ocurri&oacute; cuando debi&oacute; asistir a una andinista francesa atrapada en medio de un temporal a 5.500 metros sobre el nivel del mar. Tambi&eacute;n recuerda largas jornadas de m&aacute;s de 14 horas cargando una camilla desde la zona de Independencia. Incluso menciona el caso de la alpinista suiza que perdi&oacute; la vida tras un accidente a 6.400 metros. &ldquo;Hicimos todo lo posible, pero la monta&ntilde;a no perdona&rdquo;, confiesa con la serenidad de quien aprendi&oacute; que el rescate en altura tiene l&iacute;mites tan claros como inevitables.<\/p>\n\n\n\n<p><strong>Prevenci&oacute;n, la otra cara del rescate<\/strong><\/p>\n\n\n\n<p>Adem&aacute;s de las intervenciones de emergencia, la Patrulla de Rescate cumple un rol clave en la prevenci&oacute;n. Controla senderos, revisa equipos, las brinda charlas a visitantes y realiza patrullajes constantes dentro del parque. Para Mayorga, esas tareas menos visibles son igual de importantes: &ldquo;Una palabra a tiempo puede evitar que un turista suba sin abrigo o sin agua suficiente. Eso tambi&eacute;n salva vidas&rdquo;, asegura.<\/p>\n\n\n\n<p><strong>Disciplina y compromiso<\/strong><\/p>\n\n\n\n<p>Su rutina personal incluye entrenamientos regulares, preparaci&oacute;n f&iacute;sica durante todo el a&ntilde;o y un compromiso absoluto con la monta&ntilde;a. Lejos de verlo como un sacrificio, Mayorga lo vive como un prop&oacute;sito de vida: &ldquo;Mi lugar es estar donde me necesitan. La monta&ntilde;a es dura, pero tambi&eacute;n te ense&ntilde;a humildad y trabajo en equipo&rdquo;.<\/p>\n\n\n\n<p>En estos 18 a&ntilde;os dentro de la patrulla fue testigo de cambios en la tecnolog&iacute;a, en la capacitaci&oacute;n y en el perfil de los visitantes. Sin embargo afirma que lo esencial se mantiene: la vocaci&oacute;n de servicio. &ldquo;Lo que hacemos es simple: estar ah&iacute; cuando alguien m&aacute;s lo necesita&rdquo;.<\/p>\n\n\n\n<p><strong>Un legado en la monta&ntilde;a<\/strong><\/p>\n\n\n\n<p>Consciente de que hoy es el integrante m&aacute;s antiguo en actividad dentro de la Patrulla de Rescate, Mayorga sabe que su ejemplo inspira a los m&aacute;s j&oacute;venes que se suman a la unidad. &ldquo;La experiencia se transmite con hechos, no con palabras. Si ellos me ven dar todo en un rescate, van a entender cu&aacute;l es la esencia de esta tarea&rdquo;.<\/p>\n\n\n\n<p>La historia de <em>Tato<\/em> es, en definitiva, la de un polic&iacute;a que eligi&oacute; un camino distinto, donde cada jornada puede ser la diferencia entre la vida y la muerte de un andinista. Con 46 cumbres en el Aconcagua y cientos de vidas asistidas, su nombre ya forma parte de la memoria viva de la monta&ntilde;a.<\/p>\n\n\n\n<figure class=\"wp-block-gallery columns-3\"><ul class=\"blocks-gallery-grid\"><li class=\"blocks-gallery-item\"><figure><a href=\"https:\/\/www.mendoza.gov.ar\/wp-content\/uploads\/sites\/5\/2025\/09\/WhatsApp-Image-2025-09-01-at-08.13.20.jpeg\"><img loading=\"lazy\" width=\"700\" height=\"525\" src=\"https:\/\/www.mendoza.gov.ar\/wp-content\/uploads\/sites\/5\/2025\/09\/WhatsApp-Image-2025-09-01-at-08.13.20-700x525.jpeg\" alt=\"\" data-id=\"496219\" data-full-url=\"https:\/\/www.mendoza.gov.ar\/wp-content\/uploads\/sites\/5\/2025\/09\/WhatsApp-Image-2025-09-01-at-08.13.20.jpeg\" data-link=\"https:\/\/www.mendoza.gov.ar\/prensa\/?attachment_id=496219\" class=\"wp-image-496219 img-responsive center-block\" srcset=\"https:\/\/www.mendoza.gov.ar\/wp-content\/uploads\/sites\/5\/2025\/09\/WhatsApp-Image-2025-09-01-at-08.13.20-700x525.jpeg 700w, https:\/\/www.mendoza.gov.ar\/wp-content\/uploads\/sites\/5\/2025\/09\/WhatsApp-Image-2025-09-01-at-08.13.20-250x188.jpeg 250w, https:\/\/www.mendoza.gov.ar\/wp-content\/uploads\/sites\/5\/2025\/09\/WhatsApp-Image-2025-09-01-at-08.13.20-768x576.jpeg 768w, https:\/\/www.mendoza.gov.ar\/wp-content\/uploads\/sites\/5\/2025\/09\/WhatsApp-Image-2025-09-01-at-08.13.20-120x90.jpeg 120w, https:\/\/www.mendoza.gov.ar\/wp-content\/uploads\/sites\/5\/2025\/09\/WhatsApp-Image-2025-09-01-at-08.13.20.jpeg 1032w\" sizes=\"(max-width: 700px) 100vw, 700px\"><\/a><\/figure><\/li><li class=\"blocks-gallery-item\"><figure><a href=\"https:\/\/www.mendoza.gov.ar\/wp-content\/uploads\/sites\/5\/2025\/09\/WhatsApp-Image-2025-09-01-at-08.13.20-1.jpeg\"><img loading=\"lazy\" width=\"700\" height=\"933\" src=\"https:\/\/www.mendoza.gov.ar\/wp-content\/uploads\/sites\/5\/2025\/09\/WhatsApp-Image-2025-09-01-at-08.13.20-1-700x933.jpeg\" alt=\"\" data-id=\"496220\" data-full-url=\"https:\/\/www.mendoza.gov.ar\/wp-content\/uploads\/sites\/5\/2025\/09\/WhatsApp-Image-2025-09-01-at-08.13.20-1.jpeg\" data-link=\"https:\/\/www.mendoza.gov.ar\/prensa\/?attachment_id=496220\" class=\"wp-image-496220 img-responsive center-block\" srcset=\"https:\/\/www.mendoza.gov.ar\/wp-content\/uploads\/sites\/5\/2025\/09\/WhatsApp-Image-2025-09-01-at-08.13.20-1-700x933.jpeg 700w, https:\/\/www.mendoza.gov.ar\/wp-content\/uploads\/sites\/5\/2025\/09\/WhatsApp-Image-2025-09-01-at-08.13.20-1-250x333.jpeg 250w, https:\/\/www.mendoza.gov.ar\/wp-content\/uploads\/sites\/5\/2025\/09\/WhatsApp-Image-2025-09-01-at-08.13.20-1-768x1024.jpeg 768w, https:\/\/www.mendoza.gov.ar\/wp-content\/uploads\/sites\/5\/2025\/09\/WhatsApp-Image-2025-09-01-at-08.13.20-1-120x160.jpeg 120w, https:\/\/www.mendoza.gov.ar\/wp-content\/uploads\/sites\/5\/2025\/09\/WhatsApp-Image-2025-09-01-at-08.13.20-1.jpeg 774w\" sizes=\"(max-width: 700px) 100vw, 700px\"><\/a><\/figure><\/li><li class=\"blocks-gallery-item\"><figure><a href=\"https:\/\/www.mendoza.gov.ar\/wp-content\/uploads\/sites\/5\/2025\/09\/WhatsApp-Image-2025-09-01-at-08.13.21.jpeg\"><img loading=\"lazy\" width=\"700\" height=\"933\" src=\"https:\/\/www.mendoza.gov.ar\/wp-content\/uploads\/sites\/5\/2025\/09\/WhatsApp-Image-2025-09-01-at-08.13.21-700x933.jpeg\" alt=\"\" data-id=\"496221\" data-full-url=\"https:\/\/www.mendoza.gov.ar\/wp-content\/uploads\/sites\/5\/2025\/09\/WhatsApp-Image-2025-09-01-at-08.13.21.jpeg\" data-link=\"https:\/\/www.mendoza.gov.ar\/prensa\/?attachment_id=496221\" class=\"wp-image-496221 img-responsive center-block\" srcset=\"https:\/\/www.mendoza.gov.ar\/wp-content\/uploads\/sites\/5\/2025\/09\/WhatsApp-Image-2025-09-01-at-08.13.21-700x933.jpeg 700w, https:\/\/www.mendoza.gov.ar\/wp-content\/uploads\/sites\/5\/2025\/09\/WhatsApp-Image-2025-09-01-at-08.13.21-250x333.jpeg 250w, https:\/\/www.mendoza.gov.ar\/wp-content\/uploads\/sites\/5\/2025\/09\/WhatsApp-Image-2025-09-01-at-08.13.21-768x1024.jpeg 768w, https:\/\/www.mendoza.gov.ar\/wp-content\/uploads\/sites\/5\/2025\/09\/WhatsApp-Image-2025-09-01-at-08.13.21-120x160.jpeg 120w, https:\/\/www.mendoza.gov.ar\/wp-content\/uploads\/sites\/5\/2025\/09\/WhatsApp-Image-2025-09-01-at-08.13.21.jpeg 774w\" sizes=\"(max-width: 700px) 100vw, 700px\"><\/a><\/figure><\/li><li class=\"blocks-gallery-item\"><figure><a href=\"https:\/\/www.mendoza.gov.ar\/wp-content\/uploads\/sites\/5\/2025\/09\/WhatsApp-Image-2025-09-01-at-08.13.21-2.jpeg\"><img loading=\"lazy\" width=\"700\" height=\"525\" src=\"https:\/\/www.mendoza.gov.ar\/wp-content\/uploads\/sites\/5\/2025\/09\/WhatsApp-Image-2025-09-01-at-08.13.21-2-700x525.jpeg\" alt=\"\" data-id=\"496222\" data-full-url=\"https:\/\/www.mendoza.gov.ar\/wp-content\/uploads\/sites\/5\/2025\/09\/WhatsApp-Image-2025-09-01-at-08.13.21-2.jpeg\" data-link=\"https:\/\/www.mendoza.gov.ar\/prensa\/?attachment_id=496222\" class=\"wp-image-496222 img-responsive center-block\" srcset=\"https:\/\/www.mendoza.gov.ar\/wp-content\/uploads\/sites\/5\/2025\/09\/WhatsApp-Image-2025-09-01-at-08.13.21-2-700x525.jpeg 700w, https:\/\/www.mendoza.gov.ar\/wp-content\/uploads\/sites\/5\/2025\/09\/WhatsApp-Image-2025-09-01-at-08.13.21-2-250x188.jpeg 250w, https:\/\/www.mendoza.gov.ar\/wp-content\/uploads\/sites\/5\/2025\/09\/WhatsApp-Image-2025-09-01-at-08.13.21-2-768x576.jpeg 768w, https:\/\/www.mendoza.gov.ar\/wp-content\/uploads\/sites\/5\/2025\/09\/WhatsApp-Image-2025-09-01-at-08.13.21-2-120x90.jpeg 120w, https:\/\/www.mendoza.gov.ar\/wp-content\/uploads\/sites\/5\/2025\/09\/WhatsApp-Image-2025-09-01-at-08.13.21-2.jpeg 1032w\" sizes=\"(max-width: 700px) 100vw, 700px\"><\/a><\/figure><\/li><li class=\"blocks-gallery-item\"><figure><a href=\"https:\/\/www.mendoza.gov.ar\/wp-content\/uploads\/sites\/5\/2025\/09\/WhatsApp-Image-2025-09-01-at-08.13.21-1.jpeg\"><img loading=\"lazy\" width=\"700\" height=\"525\" src=\"https:\/\/www.mendoza.gov.ar\/wp-content\/uploads\/sites\/5\/2025\/09\/WhatsApp-Image-2025-09-01-at-08.13.21-1-700x525.jpeg\" alt=\"\" data-id=\"496223\" data-full-url=\"https:\/\/www.mendoza.gov.ar\/wp-content\/uploads\/sites\/5\/2025\/09\/WhatsApp-Image-2025-09-01-at-08.13.21-1.jpeg\" data-link=\"https:\/\/www.mendoza.gov.ar\/prensa\/?attachment_id=496223\" class=\"wp-image-496223 img-responsive center-block\" srcset=\"https:\/\/www.mendoza.gov.ar\/wp-content\/uploads\/sites\/5\/2025\/09\/WhatsApp-Image-2025-09-01-at-08.13.21-1-700x525.jpeg 700w, https:\/\/www.mendoza.gov.ar\/wp-content\/uploads\/sites\/5\/2025\/09\/WhatsApp-Image-2025-09-01-at-08.13.21-1-250x188.jpeg 250w, https:\/\/www.mendoza.gov.ar\/wp-content\/uploads\/sites\/5\/2025\/09\/WhatsApp-Image-2025-09-01-at-08.13.21-1-768x576.jpeg 768w, https:\/\/www.mendoza.gov.ar\/wp-content\/uploads\/sites\/5\/2025\/09\/WhatsApp-Image-2025-09-01-at-08.13.21-1-120x90.jpeg 120w, https:\/\/www.mendoza.gov.ar\/wp-content\/uploads\/sites\/5\/2025\/09\/WhatsApp-Image-2025-09-01-at-08.13.21-1.jpeg 1032w\" sizes=\"(max-width: 700px) 100vw, 700px\"><\/a><\/figure><\/li><li class=\"blocks-gallery-item\"><figure><a href=\"https:\/\/www.mendoza.gov.ar\/wp-content\/uploads\/sites\/5\/2025\/09\/WhatsApp-Image-2025-09-01-at-08.13.21-3.jpeg\"><img loading=\"lazy\" width=\"552\" height=\"414\" src=\"https:\/\/www.mendoza.gov.ar\/wp-content\/uploads\/sites\/5\/2025\/09\/WhatsApp-Image-2025-09-01-at-08.13.21-3.jpeg\" alt=\"\" data-id=\"496224\" data-full-url=\"https:\/\/www.mendoza.gov.ar\/wp-content\/uploads\/sites\/5\/2025\/09\/WhatsApp-Image-2025-09-01-at-08.13.21-3.jpeg\" data-link=\"https:\/\/www.mendoza.gov.ar\/prensa\/?attachment_id=496224\" class=\"wp-image-496224 img-responsive center-block\" srcset=\"https:\/\/www.mendoza.gov.ar\/wp-content\/uploads\/sites\/5\/2025\/09\/WhatsApp-Image-2025-09-01-at-08.13.21-3.jpeg 552w, https:\/\/www.mendoza.gov.ar\/wp-content\/uploads\/sites\/5\/2025\/09\/WhatsApp-Image-2025-09-01-at-08.13.21-3-250x188.jpeg 250w, https:\/\/www.mendoza.gov.ar\/wp-content\/uploads\/sites\/5\/2025\/09\/WhatsApp-Image-2025-09-01-at-08.13.21-3-120x90.jpeg 120w\" sizes=\"(max-width: 552px) 100vw, 552px\"><\/a><\/figure><\/li><li class=\"blocks-gallery-item\"><figure><a href=\"https:\/\/www.mendoza.gov.ar\/wp-content\/uploads\/sites\/5\/2025\/09\/WhatsApp-Image-2025-09-01-at-08.13.22.jpeg\"><img loading=\"lazy\" width=\"700\" height=\"1244\" src=\"https:\/\/www.mendoza.gov.ar\/wp-content\/uploads\/sites\/5\/2025\/09\/WhatsApp-Image-2025-09-01-at-08.13.22-700x1244.jpeg\" alt=\"\" data-id=\"496226\" data-full-url=\"https:\/\/www.mendoza.gov.ar\/wp-content\/uploads\/sites\/5\/2025\/09\/WhatsApp-Image-2025-09-01-at-08.13.22.jpeg\" data-link=\"https:\/\/www.mendoza.gov.ar\/prensa\/?attachment_id=496226\" class=\"wp-image-496226 img-responsive center-block\" srcset=\"https:\/\/www.mendoza.gov.ar\/wp-content\/uploads\/sites\/5\/2025\/09\/WhatsApp-Image-2025-09-01-at-08.13.22-700x1244.jpeg 700w, https:\/\/www.mendoza.gov.ar\/wp-content\/uploads\/sites\/5\/2025\/09\/WhatsApp-Image-2025-09-01-at-08.13.22-250x444.jpeg 250w, https:\/\/www.mendoza.gov.ar\/wp-content\/uploads\/sites\/5\/2025\/09\/WhatsApp-Image-2025-09-01-at-08.13.22-120x213.jpeg 120w, https:\/\/www.mendoza.gov.ar\/wp-content\/uploads\/sites\/5\/2025\/09\/WhatsApp-Image-2025-09-01-at-08.13.22.jpeg 720w\" sizes=\"(max-width: 700px) 100vw, 700px\"><\/a><\/figure><\/li><li class=\"blocks-gallery-item\"><figure><a href=\"https:\/\/www.mendoza.gov.ar\/wp-content\/uploads\/sites\/5\/2025\/09\/WhatsApp-Image-2025-09-01-at-08.13.23.jpeg\"><img loading=\"lazy\" width=\"700\" height=\"394\" src=\"https:\/\/www.mendoza.gov.ar\/wp-content\/uploads\/sites\/5\/2025\/09\/WhatsApp-Image-2025-09-01-at-08.13.23-700x394.jpeg\" alt=\"\" data-id=\"496227\" data-full-url=\"https:\/\/www.mendoza.gov.ar\/wp-content\/uploads\/sites\/5\/2025\/09\/WhatsApp-Image-2025-09-01-at-08.13.23.jpeg\" data-link=\"https:\/\/www.mendoza.gov.ar\/prensa\/?attachment_id=496227\" class=\"wp-image-496227 img-responsive center-block\" srcset=\"https:\/\/www.mendoza.gov.ar\/wp-content\/uploads\/sites\/5\/2025\/09\/WhatsApp-Image-2025-09-01-at-08.13.23-700x394.jpeg 700w, https:\/\/www.mendoza.gov.ar\/wp-content\/uploads\/sites\/5\/2025\/09\/WhatsApp-Image-2025-09-01-at-08.13.23-250x141.jpeg 250w, https:\/\/www.mendoza.gov.ar\/wp-content\/uploads\/sites\/5\/2025\/09\/WhatsApp-Image-2025-09-01-at-08.13.23-768x432.jpeg 768w, https:\/\/www.mendoza.gov.ar\/wp-content\/uploads\/sites\/5\/2025\/09\/WhatsApp-Image-2025-09-01-at-08.13.23-120x68.jpeg 120w, https:\/\/www.mendoza.gov.ar\/wp-content\/uploads\/sites\/5\/2025\/09\/WhatsApp-Image-2025-09-01-at-08.13.23.jpeg 1280w\" sizes=\"(max-width: 700px) 100vw, 700px\"><\/a><\/figure><\/li><li class=\"blocks-gallery-item\"><figure><a href=\"https:\/\/www.mendoza.gov.ar\/wp-content\/uploads\/sites\/5\/2025\/09\/WhatsApp-Image-2025-09-01-at-08.13.22-1.jpeg\"><img loading=\"lazy\" width=\"700\" height=\"394\" src=\"https:\/\/www.mendoza.gov.ar\/wp-content\/uploads\/sites\/5\/2025\/09\/WhatsApp-Image-2025-09-01-at-08.13.22-1-700x394.jpeg\" alt=\"\" data-id=\"496228\" data-full-url=\"https:\/\/www.mendoza.gov.ar\/wp-content\/uploads\/sites\/5\/2025\/09\/WhatsApp-Image-2025-09-01-at-08.13.22-1.jpeg\" data-link=\"https:\/\/www.mendoza.gov.ar\/prensa\/?attachment_id=496228\" class=\"wp-image-496228 img-responsive center-block\" srcset=\"https:\/\/www.mendoza.gov.ar\/wp-content\/uploads\/sites\/5\/2025\/09\/WhatsApp-Image-2025-09-01-at-08.13.22-1-700x394.jpeg 700w, https:\/\/www.mendoza.gov.ar\/wp-content\/uploads\/sites\/5\/2025\/09\/WhatsApp-Image-2025-09-01-at-08.13.22-1-250x141.jpeg 250w, https:\/\/www.mendoza.gov.ar\/wp-content\/uploads\/sites\/5\/2025\/09\/WhatsApp-Image-2025-09-01-at-08.13.22-1-768x432.jpeg 768w, https:\/\/www.mendoza.gov.ar\/wp-content\/uploads\/sites\/5\/2025\/09\/WhatsApp-Image-2025-09-01-at-08.13.22-1-120x68.jpeg 120w, https:\/\/www.mendoza.gov.ar\/wp-content\/uploads\/sites\/5\/2025\/09\/WhatsApp-Image-2025-09-01-at-08.13.22-1.jpeg 1280w\" sizes=\"(max-width: 700px) 100vw, 700px\"><\/a><\/figure><\/li><li class=\"blocks-gallery-item\"><figure><a href=\"https:\/\/www.mendoza.gov.ar\/wp-content\/uploads\/sites\/5\/2025\/09\/WhatsApp-Image-2025-09-01-at-08.13.22-2.jpeg\"><img loading=\"lazy\" width=\"700\" height=\"394\" src=\"https:\/\/www.mendoza.gov.ar\/wp-content\/uploads\/sites\/5\/2025\/09\/WhatsApp-Image-2025-09-01-at-08.13.22-2-700x394.jpeg\" alt=\"\" data-id=\"496230\" data-full-url=\"https:\/\/www.mendoza.gov.ar\/wp-content\/uploads\/sites\/5\/2025\/09\/WhatsApp-Image-2025-09-01-at-08.13.22-2.jpeg\" data-link=\"https:\/\/www.mendoza.gov.ar\/prensa\/?attachment_id=496230\" class=\"wp-image-496230 img-responsive center-block\" srcset=\"https:\/\/www.mendoza.gov.ar\/wp-content\/uploads\/sites\/5\/2025\/09\/WhatsApp-Image-2025-09-01-at-08.13.22-2-700x394.jpeg 700w, https:\/\/www.mendoza.gov.ar\/wp-content\/uploads\/sites\/5\/2025\/09\/WhatsApp-Image-2025-09-01-at-08.13.22-2-250x141.jpeg 250w, https:\/\/www.mendoza.gov.ar\/wp-content\/uploads\/sites\/5\/2025\/09\/WhatsApp-Image-2025-09-01-at-08.13.22-2-768x432.jpeg 768w, https:\/\/www.mendoza.gov.ar\/wp-content\/uploads\/sites\/5\/2025\/09\/WhatsApp-Image-2025-09-01-at-08.13.22-2-120x68.jpeg 120w, https:\/\/www.mendoza.gov.ar\/wp-content\/uploads\/sites\/5\/2025\/09\/WhatsApp-Image-2025-09-01-at-08.13.22-2.jpeg 1280w\" sizes=\"(max-width: 700px) 100vw, 700px\"><\/a><\/figure><\/li><li class=\"blocks-gallery-item\"><figure><a href=\"https:\/\/www.mendoza.gov.ar\/wp-content\/uploads\/sites\/5\/2025\/09\/WhatsApp-Image-2025-09-01-at-08.13.23-1.jpeg\"><img loading=\"lazy\" width=\"700\" height=\"394\" src=\"https:\/\/www.mendoza.gov.ar\/wp-content\/uploads\/sites\/5\/2025\/09\/WhatsApp-Image-2025-09-01-at-08.13.23-1-700x394.jpeg\" alt=\"\" data-id=\"496231\" data-full-url=\"https:\/\/www.mendoza.gov.ar\/wp-content\/uploads\/sites\/5\/2025\/09\/WhatsApp-Image-2025-09-01-at-08.13.23-1.jpeg\" data-link=\"https:\/\/www.mendoza.gov.ar\/prensa\/?attachment_id=496231\" class=\"wp-image-496231 img-responsive center-block\" srcset=\"https:\/\/www.mendoza.gov.ar\/wp-content\/uploads\/sites\/5\/2025\/09\/WhatsApp-Image-2025-09-01-at-08.13.23-1-700x394.jpeg 700w, https:\/\/www.mendoza.gov.ar\/wp-content\/uploads\/sites\/5\/2025\/09\/WhatsApp-Image-2025-09-01-at-08.13.23-1-250x141.jpeg 250w, https:\/\/www.mendoza.gov.ar\/wp-content\/uploads\/sites\/5\/2025\/09\/WhatsApp-Image-2025-09-01-at-08.13.23-1-768x432.jpeg 768w, https:\/\/www.mendoza.gov.ar\/wp-content\/uploads\/sites\/5\/2025\/09\/WhatsApp-Image-2025-09-01-at-08.13.23-1-120x68.jpeg 120w, https:\/\/www.mendoza.gov.ar\/wp-content\/uploads\/sites\/5\/2025\/09\/WhatsApp-Image-2025-09-01-at-08.13.23-1.jpeg 1280w\" sizes=\"(max-width: 700px) 100vw, 700px\"><\/a><\/figure><\/li><li class=\"blocks-gallery-item\"><figure><a href=\"https:\/\/www.mendoza.gov.ar\/wp-content\/uploads\/sites\/5\/2025\/09\/WhatsApp-Image-2025-09-01-at-08.13.24-2.jpeg\"><img loading=\"lazy\" width=\"700\" height=\"524\" src=\"https:\/\/www.mendoza.gov.ar\/wp-content\/uploads\/sites\/5\/2025\/09\/WhatsApp-Image-2025-09-01-at-08.13.24-2-700x524.jpeg\" alt=\"\" data-id=\"496232\" data-full-url=\"https:\/\/www.mendoza.gov.ar\/wp-content\/uploads\/sites\/5\/2025\/09\/WhatsApp-Image-2025-09-01-at-08.13.24-2.jpeg\" data-link=\"https:\/\/www.mendoza.gov.ar\/prensa\/?attachment_id=496232\" class=\"wp-image-496232 img-responsive center-block\" srcset=\"https:\/\/www.mendoza.gov.ar\/wp-content\/uploads\/sites\/5\/2025\/09\/WhatsApp-Image-2025-09-01-at-08.13.24-2-700x524.jpeg 700w, https:\/\/www.mendoza.gov.ar\/wp-content\/uploads\/sites\/5\/2025\/09\/WhatsApp-Image-2025-09-01-at-08.13.24-2-250x187.jpeg 250w, https:\/\/www.mendoza.gov.ar\/wp-content\/uploads\/sites\/5\/2025\/09\/WhatsApp-Image-2025-09-01-at-08.13.24-2-768x575.jpeg 768w, https:\/\/www.mendoza.gov.ar\/wp-content\/uploads\/sites\/5\/2025\/09\/WhatsApp-Image-2025-09-01-at-08.13.24-2-120x90.jpeg 120w, https:\/\/www.mendoza.gov.ar\/wp-content\/uploads\/sites\/5\/2025\/09\/WhatsApp-Image-2025-09-01-at-08.13.24-2.jpeg 1280w\" sizes=\"(max-width: 700px) 100vw, 700px\"><\/a><\/figure><\/li><li class=\"blocks-gallery-item\"><figure><a href=\"https:\/\/www.mendoza.gov.ar\/wp-content\/uploads\/sites\/5\/2025\/09\/WhatsApp-Image-2025-09-01-at-08.13.24-1.jpeg\"><img loading=\"lazy\" width=\"700\" height=\"524\" src=\"https:\/\/www.mendoza.gov.ar\/wp-content\/uploads\/sites\/5\/2025\/09\/WhatsApp-Image-2025-09-01-at-08.13.24-1-700x524.jpeg\" alt=\"\" data-id=\"496233\" data-full-url=\"https:\/\/www.mendoza.gov.ar\/wp-content\/uploads\/sites\/5\/2025\/09\/WhatsApp-Image-2025-09-01-at-08.13.24-1.jpeg\" data-link=\"https:\/\/www.mendoza.gov.ar\/prensa\/?attachment_id=496233\" class=\"wp-image-496233 img-responsive center-block\" srcset=\"https:\/\/www.mendoza.gov.ar\/wp-content\/uploads\/sites\/5\/2025\/09\/WhatsApp-Image-2025-09-01-at-08.13.24-1-700x524.jpeg 700w, https:\/\/www.mendoza.gov.ar\/wp-content\/uploads\/sites\/5\/2025\/09\/WhatsApp-Image-2025-09-01-at-08.13.24-1-250x187.jpeg 250w, https:\/\/www.mendoza.gov.ar\/wp-content\/uploads\/sites\/5\/2025\/09\/WhatsApp-Image-2025-09-01-at-08.13.24-1-768x575.jpeg 768w, https:\/\/www.mendoza.gov.ar\/wp-content\/uploads\/sites\/5\/2025\/09\/WhatsApp-Image-2025-09-01-at-08.13.24-1-120x90.jpeg 120w, https:\/\/www.mendoza.gov.ar\/wp-content\/uploads\/sites\/5\/2025\/09\/WhatsApp-Image-2025-09-01-at-08.13.24-1.jpeg 1280w\" sizes=\"(max-width: 700px) 100vw, 700px\"><\/a><\/figure><\/li><li class=\"blocks-gallery-item\"><figure><a href=\"https:\/\/www.mendoza.gov.ar\/wp-content\/uploads\/sites\/5\/2025\/09\/WhatsApp-Image-2025-09-01-at-08.13.24.jpeg\"><img loading=\"lazy\" width=\"700\" height=\"524\" src=\"https:\/\/www.mendoza.gov.ar\/wp-content\/uploads\/sites\/5\/2025\/09\/WhatsApp-Image-2025-09-01-at-08.13.24-700x524.jpeg\" alt=\"\" data-id=\"496234\" data-full-url=\"https:\/\/www.mendoza.gov.ar\/wp-content\/uploads\/sites\/5\/2025\/09\/WhatsApp-Image-2025-09-01-at-08.13.24.jpeg\" data-link=\"https:\/\/www.mendoza.gov.ar\/prensa\/?attachment_id=496234\" class=\"wp-image-496234 img-responsive center-block\" srcset=\"https:\/\/www.mendoza.gov.ar\/wp-content\/uploads\/sites\/5\/2025\/09\/WhatsApp-Image-2025-09-01-at-08.13.24-700x524.jpeg 700w, https:\/\/www.mendoza.gov.ar\/wp-content\/uploads\/sites\/5\/2025\/09\/WhatsApp-Image-2025-09-01-at-08.13.24-250x187.jpeg 250w, https:\/\/www.mendoza.gov.ar\/wp-content\/uploads\/sites\/5\/2025\/09\/WhatsApp-Image-2025-09-01-at-08.13.24-768x575.jpeg 768w, https:\/\/www.mendoza.gov.ar\/wp-content\/uploads\/sites\/5\/2025\/09\/WhatsApp-Image-2025-09-01-at-08.13.24-120x90.jpeg 120w, https:\/\/www.mendoza.gov.ar\/wp-content\/uploads\/sites\/5\/2025\/09\/WhatsApp-Image-2025-09-01-at-08.13.24.jpeg 1280w\" sizes=\"(max-width: 700px) 100vw, 700px\"><\/a><\/figure><\/li><li class=\"blocks-gallery-item\"><figure><a href=\"https:\/\/www.mendoza.gov.ar\/wp-content\/uploads\/sites\/5\/2025\/09\/PORTADA-12-1.jpeg\"><img loading=\"lazy\" width=\"700\" height=\"524\" src=\"https:\/\/www.mendoza.gov.ar\/wp-content\/uploads\/sites\/5\/2025\/09\/PORTADA-12-1-700x524.jpeg\" alt=\"\" data-id=\"496235\" data-full-url=\"https:\/\/www.mendoza.gov.ar\/wp-content\/uploads\/sites\/5\/2025\/09\/PORTADA-12-1.jpeg\" data-link=\"https:\/\/www.mendoza.gov.ar\/prensa\/?attachment_id=496235\" class=\"wp-image-496235 img-responsive center-block\" srcset=\"https:\/\/www.mendoza.gov.ar\/wp-content\/uploads\/sites\/5\/2025\/09\/PORTADA-12-1-700x524.jpeg 700w, https:\/\/www.mendoza.gov.ar\/wp-content\/uploads\/sites\/5\/2025\/09\/PORTADA-12-1-250x187.jpeg 250w, https:\/\/www.mendoza.gov.ar\/wp-content\/uploads\/sites\/5\/2025\/09\/PORTADA-12-1-768x575.jpeg 768w, https:\/\/www.mendoza.gov.ar\/wp-content\/uploads\/sites\/5\/2025\/09\/PORTADA-12-1-120x90.jpeg 120w, https:\/\/www.mendoza.gov.ar\/wp-content\/uploads\/sites\/5\/2025\/09\/PORTADA-12-1.jpeg 1280w\" sizes=\"(max-width: 700px) 100vw, 700px\"><\/a><\/figure><\/li><\/ul><\/figure>\n<\/body><\/html>\n","protected":false},"excerpt":{"rendered":"Tiene 44 a&ntilde;os, es auxiliar tercero de la Polic&iacute;a de Mendoza y desde hace 18 temporadas integra la Patrulla de Rescate. Se ha convertido en el integrante m&aacute;s experimentado del cuerpo. Su historia combina disciplina, pasi&oacute;n por la monta&ntilde;a y el compromiso de un servidor p&uacute;blico que eligi&oacute; entregar su vida a cuidar la de&#8230; <a class=\"view-article\" href=\"https:\/\/www.mendoza.gov.ar\/prensa\/oscar-tato-mayorga-el-policia-que-ya-suma-46-ascensos-al-aconcagua-y-casi-dos-decadas-salvando-vidas-en-la-montana\/\"><\/a>","protected":false},"author":61,"featured_media":496235,"comment_status":"open","ping_status":"open","sticky":false,"template":"","format":"standard","meta":[],"categories":[33],"tags":[],"_links":{"self":[{"href":"https:\/\/www.mendoza.gov.ar\/prensa\/wp-json\/wp\/v2\/posts\/496216"}],"collection":[{"href":"https:\/\/www.mendoza.gov.ar\/prensa\/wp-json\/wp\/v2\/posts"}],"about":[{"href":"https:\/\/www.mendoza.gov.ar\/prensa\/wp-json\/wp\/v2\/types\/post"}],"author":[{"embeddable":true,"href":"https:\/\/www.mendoza.gov.ar\/prensa\/wp-json\/wp\/v2\/users\/61"}],"replies":[{"embeddable":true,"href":"https:\/\/www.mendoza.gov.ar\/prensa\/wp-json\/wp\/v2\/comments?post=496216"}],"version-history":[{"count":5,"href":"https:\/\/www.mendoza.gov.ar\/prensa\/wp-json\/wp\/v2\/posts\/496216\/revisions"}],"predecessor-version":[{"id":496273,"href":"https:\/\/www.mendoza.gov.ar\/prensa\/wp-json\/wp\/v2\/posts\/496216\/revisions\/496273"}],"wp:featuredmedia":[{"embeddable":true,"href":"https:\/\/www.mendoza.gov.ar\/prensa\/wp-json\/wp\/v2\/media\/496235"}],"wp:attachment":[{"href":"https:\/\/www.mendoza.gov.ar\/prensa\/wp-json\/wp\/v2\/media?parent=496216"}],"wp:term":[{"taxonomy":"category","embeddable":true,"href":"https:\/\/www.mendoza.gov.ar\/prensa\/wp-json\/wp\/v2\/categories?post=496216"},{"taxonomy":"post_tag","embeddable":true,"href":"https:\/\/www.mendoza.gov.ar\/prensa\/wp-json\/wp\/v2\/tags?post=496216"}],"curies":[{"name":"wp","href":"https:\/\/api.w.org\/{rel}","templated":true}]}}