{"id":49628,"date":"2016-03-05T13:51:34","date_gmt":"2016-03-05T16:51:34","guid":{"rendered":"http:\/\/prensa.mendoza.gov.ar\/?p=49628"},"modified":"2016-03-05T13:51:34","modified_gmt":"2016-03-05T16:51:34","slug":"cornejo-reconocio-el-compromiso-del-sector-privado-para-la-realizacion-de-la-fiesta-de-vendimia","status":"publish","type":"post","link":"https:\/\/www.mendoza.gov.ar\/prensa\/cornejo-reconocio-el-compromiso-del-sector-privado-para-la-realizacion-de-la-fiesta-de-vendimia\/","title":{"rendered":"Cornejo reconoci\u00f3 el compromiso del sector privado para la realizaci\u00f3n de la Fiesta de la Vendimia"},"content":{"rendered":"<!DOCTYPE html PUBLIC \"-\/\/W3C\/\/DTD HTML 4.0 Transitional\/\/EN\" \"http:\/\/www.w3.org\/TR\/REC-html40\/loose.dtd\">\n<html><body><p>&ldquo;En &nbsp;lo personal es un orgullo estar gobernando la provincia en una Fiesta de la Vendimia. &nbsp;Pero lo personal importa poco, este festejo &nbsp;trasciende lo personal. La Vendimia es la fiesta emblem&aacute;tica de Mendoza, es una fiesta representativa del trabajo y la producci&oacute;n de la Argentina y, sin dudas, una de las m&aacute;s importantes &nbsp;del pa&iacute;s y con gran proyecci&oacute;n internacional&rdquo;, respondi&oacute; &nbsp;el Gobernador Alfredo Cornejo, a la pregunta de los periodistas que llegaron hasta el palco oficial &nbsp;desde donde el mandatario &nbsp;presenciaba el Carrusel.<\/p>\n<p>Junto a su esposa, Luc&iacute;a Pannocchia, funcionarios de su gabinete e invitados especiales a nuestra &nbsp;Fiesta Nacional, Cornejo disfrut&oacute; del colorido desfile que congreg&oacute;, en las calles del Centro, &nbsp;a miles de mendocinos.<\/p>\n<p>El Gobernador &nbsp;destac&oacute; &nbsp;la participaci&oacute;n del sector privado en la realizaci&oacute;n de los festejos vendimiales. &ldquo;La Fiesta viene mejorando a&ntilde;o a a&ntilde;o, &nbsp;independientemente de los gobiernos y &nbsp;con un gran esfuerzo del sector privado que acompa&ntilde;a al sector p&uacute;blico para que sea cada vez mejor&rdquo;, resalt&oacute;.<\/p>\n<p>En su primera Vendimia como Gobernador, Alfredo Cornejo se adelant&oacute; &nbsp;tambi&eacute;n &nbsp;algunas l&iacute;neas en las que trabajar&aacute; su gesti&oacute;n para apoyar al sector vitivin&iacute;cola. Sobre el proyecto&nbsp; de edulcoraci&oacute;n con mosto, &nbsp;el&nbsp; mandatario afirm&oacute; que &nbsp;&ldquo;si bien existe&nbsp; una gran resistencia de la industria azucarera, &nbsp;debemos convencer a todos los sectores de que, si bien es m&aacute;s caro, es m&aacute;s beneficioso&nbsp; para el producto y la salud. La forma de edulcorar en la actualidad es da&ntilde;ina para el organismo humano y la forma que proponemos, con fruta, como la uva, es &uacute;til para la sanidad para la salud de las personas&rdquo;, dijo. Y agreg&oacute;: &ldquo;es un tema a trabajar lentamente, no con ansiedad, pero en el que tenemos que ir avanzando&rdquo;.<\/p>\n<p>Respecto a medidas para atenuar la vulnerabilidad de los productores mendocinos ante las inclemencias clim&aacute;ticas, el Gobernador plante&oacute; como necesario contar con un Seguro Agr&iacute;cola eficiente. &nbsp;&ldquo;Necesitamos que haya un seguro que funcione independientemente de la plata que tiene el Estado y que ese seguro sea privado, con subsidio estatal, pero privado, para que la l&oacute;gica del mercado asegurador genere las condiciones para que&nbsp; las personas y las empresas afectadas por una emergencia puedan recuperarse en base a su seguro&rdquo;, se&ntilde;al&oacute; Cornejo.<\/p>\n<\/body><\/html>\n","protected":false},"excerpt":{"rendered":"\u201cLa Fiesta viene mejorando a\u00f1o a a\u00f1o,  independientemente de los gobiernos y  con un gran esfuerzo del sector privado que acompa\u00f1a al sector p\u00fablico para que sea cada vez mejor\u201d, dijo el Gobernador. ","protected":false},"author":3,"featured_media":49630,"comment_status":"open","ping_status":"open","sticky":false,"template":"","format":"standard","meta":[],"categories":[19],"tags":[],"_links":{"self":[{"href":"https:\/\/www.mendoza.gov.ar\/prensa\/wp-json\/wp\/v2\/posts\/49628"}],"collection":[{"href":"https:\/\/www.mendoza.gov.ar\/prensa\/wp-json\/wp\/v2\/posts"}],"about":[{"href":"https:\/\/www.mendoza.gov.ar\/prensa\/wp-json\/wp\/v2\/types\/post"}],"author":[{"embeddable":true,"href":"https:\/\/www.mendoza.gov.ar\/prensa\/wp-json\/wp\/v2\/users\/3"}],"replies":[{"embeddable":true,"href":"https:\/\/www.mendoza.gov.ar\/prensa\/wp-json\/wp\/v2\/comments?post=49628"}],"version-history":[{"count":0,"href":"https:\/\/www.mendoza.gov.ar\/prensa\/wp-json\/wp\/v2\/posts\/49628\/revisions"}],"wp:featuredmedia":[{"embeddable":true,"href":"https:\/\/www.mendoza.gov.ar\/prensa\/wp-json\/wp\/v2\/media\/49630"}],"wp:attachment":[{"href":"https:\/\/www.mendoza.gov.ar\/prensa\/wp-json\/wp\/v2\/media?parent=49628"}],"wp:term":[{"taxonomy":"category","embeddable":true,"href":"https:\/\/www.mendoza.gov.ar\/prensa\/wp-json\/wp\/v2\/categories?post=49628"},{"taxonomy":"post_tag","embeddable":true,"href":"https:\/\/www.mendoza.gov.ar\/prensa\/wp-json\/wp\/v2\/tags?post=49628"}],"curies":[{"name":"wp","href":"https:\/\/api.w.org\/{rel}","templated":true}]}}