{"id":49643,"date":"2016-03-05T16:38:14","date_gmt":"2016-03-05T19:38:14","guid":{"rendered":"http:\/\/prensa.mendoza.gov.ar\/?p=49643"},"modified":"2016-03-05T16:38:14","modified_gmt":"2016-03-05T19:38:14","slug":"la-nacion-colabora-en-la-actividad-vitivinicola-de-mendoza","status":"publish","type":"post","link":"https:\/\/www.mendoza.gov.ar\/prensa\/la-nacion-colabora-en-la-actividad-vitivinicola-de-mendoza\/","title":{"rendered":"La Naci\u00f3n colabora en la actividad vitivin\u00edcola de Mendoza"},"content":{"rendered":"<!DOCTYPE html PUBLIC \"-\/\/W3C\/\/DTD HTML 4.0 Transitional\/\/EN\" \"http:\/\/www.w3.org\/TR\/REC-html40\/loose.dtd\">\n<html><body><p>Enrique Vaquie, Ministro de&nbsp;Econom&iacute;a, Infraestructura y Energ&iacute;a de Mendoza manifest&oacute; durante su discurso, en el tradicional almuerzo de Vendimia que &ldquo;se viene el cambio de clima, la relaci&oacute;n entre Municipio, Provincia y Naci&oacute;n, la relaci&oacute;n entre sector p&uacute;blico y privado; todos vamos a dialogar para encontrar la mejor soluci&oacute;n, esa es la indicaci&oacute;n que nos han marcado Cornejo y Macri: el di&aacute;logo.<\/p>\n<p>&ldquo;Vamos a trabajar para que juntos la vitivinicultura no tenga problemas. Vamos hacia una reconversi&oacute;n que apunte al consumidor, para que lo que producimos tenga mercado. Un paso central lo dio el INV, que ha vuelto a ser un lugar profesional, de medici&oacute;n y de buenas herramientas&rdquo;.<\/p>\n<p>Tambi&eacute;n manifest&oacute; que &ldquo;queremos que el pron&oacute;stico de cosecha sea por varietal, para que podamos tomar mejores decisiones. Estamos trabajando para mejorar el acuerdo Mendoza &ndash; San Juan en cuenta a la diversificaci&oacute;n del mercado. Vamos a dar el cr&eacute;dito Proviar, para integrar a los peque&ntilde;os productores. Esta herramienta de la Naci&oacute;n dispone de 20 millones de d&oacute;lares, de los cuales 10 millones son para cr&eacute;dito. Este es un instrumento que sirve pero no puede ser est&aacute;tico por lo que lo iremos ajustando&rdquo;.<\/p>\n<p>As&iacute; mismo el funcionario reconoci&oacute; que &ldquo;necesitamos tambi&eacute;n que el tipo de cambio real sea competitivo y que la inflaci&oacute;n baje&rdquo;.<\/p>\n<p>Respecto del sector privado afirm&oacute; que &ldquo;debe comprometerse en la discusi&oacute;n presupuestaria de la Provincia y que no sea s&oacute;lo un tema del gobierno y los gremios. El sector privado no puede quedarse afuera por lo que les pido que participen. Hay que encontrar consenso en este sector para la nueva Ley Laboral que de empleo de calidad y vamos a luchar contra la concentraci&oacute;n de sectores comerciales lo que implica una pol&iacute;tica comercial m&aacute;s agresiva que acompa&ntilde;e el crecimiento del sector&rdquo;.<\/p>\n<p>Respecto a la pr&oacute;rroga del impuesto al champagne Vaquie se mostr&oacute; confiado en el el gobierno Nacional &ldquo;va a entender que este sector est&aacute; diversificado y en franco crecimiento y por eso debemos seguir apoy&aacute;ndolo para que de m&aacute;s trabajo y rentabilidad&rdquo;.<\/p>\n<p>Tambi&eacute;n dijo que &ldquo;vamos a&nbsp;implementar la comercializaci&oacute;n del mosto y que se utilice como endulzante de bebidas, debemos encontrar el camino sin perjudicar a otro sector&rdquo;.<\/p>\n<p>En el final de su discurso expres&oacute; &ldquo;les pedimos que nos acompa&ntilde;en, nuestro gobierno es abierto, vamos a escuchar y tratar de ayudar en lo que se pueda. Mi objetivo es ser embajador mendocino en Buenos Aires para avanzar en estos temas y ayudar al sector del vino&rdquo;.<\/p>\n<p><strong>Bodegas de Argentina acompa&ntilde;a la gesti&oacute;n<\/strong><\/p>\n<p>El presidente de &nbsp;Bodegas de Argentina, Walter Bressia, durante el almuerzo enfatiz&oacute;: &ldquo;estamos esperanzados ante las nuevas medidas del gobierno. Celebramos la nueva orientaci&oacute;n del INV, organismo t&eacute;cnico que controla y garantiza la calidad&rdquo;.<\/p>\n<p>Tambi&eacute;n expres&oacute; que &ldquo;acompa&ntilde;aremos la gesti&oacute;n para que sea eficiente y &uacute;til a los desaf&iacute;os de la industria porque debemos trabajar en una vitivinicultura de calidad&rdquo; y asegur&oacute; que &ldquo;trabajaremos en formas de relaciones no conflictivas, trabajaremos unidos para plantear la vitivinicultura de los pr&oacute;ximos 50 a&ntilde;os&rdquo;.<\/p>\n<\/body><\/html>\n","protected":false},"excerpt":{"rendered":"As\u00ed lo comunic\u00f3 Enrique Vaquie durante su discurso, en el tradicional almuerzo de Vendimia. Adem\u00e1s inform\u00f3 que se est\u00e1 trabajando para mejorar el acuerdo Mendoza &#8211; San Juan en cuenta a la diversificaci\u00f3n del mercado.","protected":false},"author":3,"featured_media":49661,"comment_status":"open","ping_status":"open","sticky":false,"template":"","format":"standard","meta":[],"categories":[1],"tags":[],"_links":{"self":[{"href":"https:\/\/www.mendoza.gov.ar\/prensa\/wp-json\/wp\/v2\/posts\/49643"}],"collection":[{"href":"https:\/\/www.mendoza.gov.ar\/prensa\/wp-json\/wp\/v2\/posts"}],"about":[{"href":"https:\/\/www.mendoza.gov.ar\/prensa\/wp-json\/wp\/v2\/types\/post"}],"author":[{"embeddable":true,"href":"https:\/\/www.mendoza.gov.ar\/prensa\/wp-json\/wp\/v2\/users\/3"}],"replies":[{"embeddable":true,"href":"https:\/\/www.mendoza.gov.ar\/prensa\/wp-json\/wp\/v2\/comments?post=49643"}],"version-history":[{"count":0,"href":"https:\/\/www.mendoza.gov.ar\/prensa\/wp-json\/wp\/v2\/posts\/49643\/revisions"}],"wp:featuredmedia":[{"embeddable":true,"href":"https:\/\/www.mendoza.gov.ar\/prensa\/wp-json\/wp\/v2\/media\/49661"}],"wp:attachment":[{"href":"https:\/\/www.mendoza.gov.ar\/prensa\/wp-json\/wp\/v2\/media?parent=49643"}],"wp:term":[{"taxonomy":"category","embeddable":true,"href":"https:\/\/www.mendoza.gov.ar\/prensa\/wp-json\/wp\/v2\/categories?post=49643"},{"taxonomy":"post_tag","embeddable":true,"href":"https:\/\/www.mendoza.gov.ar\/prensa\/wp-json\/wp\/v2\/tags?post=49643"}],"curies":[{"name":"wp","href":"https:\/\/api.w.org\/{rel}","templated":true}]}}