{"id":496803,"date":"2025-09-02T20:44:26","date_gmt":"2025-09-02T23:44:26","guid":{"rendered":"https:\/\/www.mendoza.gov.ar\/prensa\/?p=496803"},"modified":"2025-09-03T08:11:29","modified_gmt":"2025-09-03T11:11:29","slug":"vargas-arizu-participo-del-panel-de-politicas-publicas-para-el-desarrollo-en-la-expo-foro-2025-mendoza-industrial","status":"publish","type":"post","link":"https:\/\/www.mendoza.gov.ar\/prensa\/vargas-arizu-participo-del-panel-de-politicas-publicas-para-el-desarrollo-en-la-expo-foro-2025-mendoza-industrial\/","title":{"rendered":"Vargas Arizu particip\u00f3 en el Panel de Pol\u00edticas P\u00fablicas para el Desarrollo, en la Expo y Foro 2025 Mendoza Industrial"},"content":{"rendered":"<!DOCTYPE html PUBLIC \"-\/\/W3C\/\/DTD HTML 4.0 Transitional\/\/EN\" \"http:\/\/www.w3.org\/TR\/REC-html40\/loose.dtd\">\n<html><body><h5>Junto a referentes del sector industrial y cooperativo, debati&oacute; sobre estrategias para fortalecer la capacitaci&oacute;n, la innovaci&oacute;n y la competitividad en Mendoza.<\/h5>\n\n\n\n<p>En el marco de la Expo y Foro 2025 Mendoza Industrial, el ministro de Producci&oacute;n, Rodolfo Vargas Arizu, particip&oacute; en el Panel de Pol&iacute;ticas P&uacute;blicas para el Desarrollo, un espacio destinado a debatir estrategias y acciones orientadas al crecimiento industrial y productivo de la provincia.<\/p>\n\n\n\n<p>La actividad fue en el Espacio Cultural Julio Le Parc, en Guaymall&eacute;n, y cont&oacute; con la participaci&oacute;n de destacados referentes del sector industrial y cooperativo. Entre ellos estuvieron Fabi&aacute;n Sol&iacute;s, presidente de la Asinmet; Mat&iacute;as D&iacute;az Telli, titular de la Uni&oacute;n Industrial de Mendoza (UIM), y Nicol&aacute;s Vicchi, gerente de la Asociaci&oacute;n de Cooperativas.<\/p>\n\n\n\n<p>Durante el panel, los expositores analizaron pol&iacute;ticas p&uacute;blicas y articulaciones p&uacute;blico-privadas que buscan fortalecer la capacitaci&oacute;n, la innovaci&oacute;n y la competitividad de los sectores productivos, promoviendo as&iacute; oportunidades de empleo y desarrollo sostenible.<\/p>\n\n\n\n<p>Vargas Arizu destac&oacute;: &ldquo;Estos espacios de di&aacute;logo nos permitieron conocer de primera mano las necesidades de la industria y generar pol&iacute;ticas p&uacute;blicas que respondan a las demandas reales del sector. Nuestro objetivo es fomentar un desarrollo industrial inclusivo y con oportunidades para todos los mendocinos&rdquo;.<\/p>\n\n\n\n<p>La actividad form&oacute; parte de la agenda oficial de la Expo y Foro 2025 Mendoza Industrial, que reuni&oacute; a empresas, cooperativas, instituciones educativas y organismos p&uacute;blicos para promover la innovaci&oacute;n, la formaci&oacute;n y la competitividad en la provincia.<\/p>\n\n\n\n<figure class=\"wp-block-gallery columns-3\"><ul class=\"blocks-gallery-grid\"><li class=\"blocks-gallery-item\"><figure><a href=\"https:\/\/www.mendoza.gov.ar\/wp-content\/uploads\/sites\/5\/2025\/09\/DAN_6094-1406.jpg\"><img loading=\"lazy\" width=\"700\" height=\"467\" src=\"https:\/\/www.mendoza.gov.ar\/wp-content\/uploads\/sites\/5\/2025\/09\/DAN_6094-1406-700x467.jpg\" alt=\"\" data-id=\"496811\" data-full-url=\"https:\/\/www.mendoza.gov.ar\/wp-content\/uploads\/sites\/5\/2025\/09\/DAN_6094-1406.jpg\" data-link=\"https:\/\/www.mendoza.gov.ar\/prensa\/?attachment_id=496811\" class=\"wp-image-496811 img-responsive center-block\" srcset=\"https:\/\/www.mendoza.gov.ar\/wp-content\/uploads\/sites\/5\/2025\/09\/DAN_6094-1406-700x467.jpg 700w, https:\/\/www.mendoza.gov.ar\/wp-content\/uploads\/sites\/5\/2025\/09\/DAN_6094-1406-250x167.jpg 250w, https:\/\/www.mendoza.gov.ar\/wp-content\/uploads\/sites\/5\/2025\/09\/DAN_6094-1406-768x512.jpg 768w, https:\/\/www.mendoza.gov.ar\/wp-content\/uploads\/sites\/5\/2025\/09\/DAN_6094-1406-1536x1024.jpg 1536w, https:\/\/www.mendoza.gov.ar\/wp-content\/uploads\/sites\/5\/2025\/09\/DAN_6094-1406-2048x1365.jpg 2048w, https:\/\/www.mendoza.gov.ar\/wp-content\/uploads\/sites\/5\/2025\/09\/DAN_6094-1406-120x80.jpg 120w\" sizes=\"(max-width: 700px) 100vw, 700px\"><\/a><\/figure><\/li><li class=\"blocks-gallery-item\"><figure><a href=\"https:\/\/www.mendoza.gov.ar\/wp-content\/uploads\/sites\/5\/2025\/09\/DAN_6091-1407.jpg\"><img loading=\"lazy\" width=\"700\" height=\"467\" src=\"https:\/\/www.mendoza.gov.ar\/wp-content\/uploads\/sites\/5\/2025\/09\/DAN_6091-1407-700x467.jpg\" alt=\"\" data-id=\"496812\" data-full-url=\"https:\/\/www.mendoza.gov.ar\/wp-content\/uploads\/sites\/5\/2025\/09\/DAN_6091-1407.jpg\" data-link=\"https:\/\/www.mendoza.gov.ar\/prensa\/?attachment_id=496812\" class=\"wp-image-496812 img-responsive center-block\" srcset=\"https:\/\/www.mendoza.gov.ar\/wp-content\/uploads\/sites\/5\/2025\/09\/DAN_6091-1407-700x467.jpg 700w, https:\/\/www.mendoza.gov.ar\/wp-content\/uploads\/sites\/5\/2025\/09\/DAN_6091-1407-250x167.jpg 250w, https:\/\/www.mendoza.gov.ar\/wp-content\/uploads\/sites\/5\/2025\/09\/DAN_6091-1407-768x512.jpg 768w, https:\/\/www.mendoza.gov.ar\/wp-content\/uploads\/sites\/5\/2025\/09\/DAN_6091-1407-1536x1024.jpg 1536w, https:\/\/www.mendoza.gov.ar\/wp-content\/uploads\/sites\/5\/2025\/09\/DAN_6091-1407-2048x1365.jpg 2048w, https:\/\/www.mendoza.gov.ar\/wp-content\/uploads\/sites\/5\/2025\/09\/DAN_6091-1407-120x80.jpg 120w\" sizes=\"(max-width: 700px) 100vw, 700px\"><\/a><\/figure><\/li><li class=\"blocks-gallery-item\"><figure><a href=\"https:\/\/www.mendoza.gov.ar\/wp-content\/uploads\/sites\/5\/2025\/09\/DAN_6074-1413.jpg\"><img loading=\"lazy\" width=\"700\" height=\"467\" src=\"https:\/\/www.mendoza.gov.ar\/wp-content\/uploads\/sites\/5\/2025\/09\/DAN_6074-1413-700x467.jpg\" alt=\"\" data-id=\"496813\" data-full-url=\"https:\/\/www.mendoza.gov.ar\/wp-content\/uploads\/sites\/5\/2025\/09\/DAN_6074-1413.jpg\" data-link=\"https:\/\/www.mendoza.gov.ar\/prensa\/?attachment_id=496813\" class=\"wp-image-496813 img-responsive center-block\" srcset=\"https:\/\/www.mendoza.gov.ar\/wp-content\/uploads\/sites\/5\/2025\/09\/DAN_6074-1413-700x467.jpg 700w, https:\/\/www.mendoza.gov.ar\/wp-content\/uploads\/sites\/5\/2025\/09\/DAN_6074-1413-250x167.jpg 250w, https:\/\/www.mendoza.gov.ar\/wp-content\/uploads\/sites\/5\/2025\/09\/DAN_6074-1413-768x512.jpg 768w, https:\/\/www.mendoza.gov.ar\/wp-content\/uploads\/sites\/5\/2025\/09\/DAN_6074-1413-1536x1024.jpg 1536w, https:\/\/www.mendoza.gov.ar\/wp-content\/uploads\/sites\/5\/2025\/09\/DAN_6074-1413-2048x1365.jpg 2048w, https:\/\/www.mendoza.gov.ar\/wp-content\/uploads\/sites\/5\/2025\/09\/DAN_6074-1413-120x80.jpg 120w\" sizes=\"(max-width: 700px) 100vw, 700px\"><\/a><\/figure><\/li><\/ul><\/figure>\n<\/body><\/html>\n","protected":false},"excerpt":{"rendered":"Junto a referentes del sector industrial y cooperativo, debati&oacute; sobre estrategias para fortalecer la capacitaci&oacute;n, la innovaci&oacute;n y la competitividad en Mendoza. En el marco de la Expo y Foro 2025 Mendoza Industrial, el ministro de Producci&oacute;n, Rodolfo Vargas Arizu, particip&oacute; en el Panel de Pol&iacute;ticas P&uacute;blicas para el Desarrollo, un espacio destinado a debatir&#8230; <a class=\"view-article\" href=\"https:\/\/www.mendoza.gov.ar\/prensa\/vargas-arizu-participo-del-panel-de-politicas-publicas-para-el-desarrollo-en-la-expo-foro-2025-mendoza-industrial\/\"><\/a>","protected":false},"author":68,"featured_media":496813,"comment_status":"open","ping_status":"open","sticky":false,"template":"","format":"standard","meta":[],"categories":[2711,15],"tags":[],"_links":{"self":[{"href":"https:\/\/www.mendoza.gov.ar\/prensa\/wp-json\/wp\/v2\/posts\/496803"}],"collection":[{"href":"https:\/\/www.mendoza.gov.ar\/prensa\/wp-json\/wp\/v2\/posts"}],"about":[{"href":"https:\/\/www.mendoza.gov.ar\/prensa\/wp-json\/wp\/v2\/types\/post"}],"author":[{"embeddable":true,"href":"https:\/\/www.mendoza.gov.ar\/prensa\/wp-json\/wp\/v2\/users\/68"}],"replies":[{"embeddable":true,"href":"https:\/\/www.mendoza.gov.ar\/prensa\/wp-json\/wp\/v2\/comments?post=496803"}],"version-history":[{"count":5,"href":"https:\/\/www.mendoza.gov.ar\/prensa\/wp-json\/wp\/v2\/posts\/496803\/revisions"}],"predecessor-version":[{"id":496848,"href":"https:\/\/www.mendoza.gov.ar\/prensa\/wp-json\/wp\/v2\/posts\/496803\/revisions\/496848"}],"wp:featuredmedia":[{"embeddable":true,"href":"https:\/\/www.mendoza.gov.ar\/prensa\/wp-json\/wp\/v2\/media\/496813"}],"wp:attachment":[{"href":"https:\/\/www.mendoza.gov.ar\/prensa\/wp-json\/wp\/v2\/media?parent=496803"}],"wp:term":[{"taxonomy":"category","embeddable":true,"href":"https:\/\/www.mendoza.gov.ar\/prensa\/wp-json\/wp\/v2\/categories?post=496803"},{"taxonomy":"post_tag","embeddable":true,"href":"https:\/\/www.mendoza.gov.ar\/prensa\/wp-json\/wp\/v2\/tags?post=496803"}],"curies":[{"name":"wp","href":"https:\/\/api.w.org\/{rel}","templated":true}]}}