{"id":496927,"date":"2025-09-03T11:53:20","date_gmt":"2025-09-03T14:53:20","guid":{"rendered":"https:\/\/www.mendoza.gov.ar\/prensa\/?p=496927"},"modified":"2025-09-03T13:03:13","modified_gmt":"2025-09-03T16:03:13","slug":"cornejo-y-latorre-se-reunieron-con-el-nuevo-ceo-de-aconcagua-energia-quien-destaco-el-petroleo-no-convencional-de-mendoza","status":"publish","type":"post","link":"https:\/\/www.mendoza.gov.ar\/prensa\/cornejo-y-latorre-se-reunieron-con-el-nuevo-ceo-de-aconcagua-energia-quien-destaco-el-petroleo-no-convencional-de-mendoza\/","title":{"rendered":"Cornejo y Latorre se reunieron con el nuevo CEO de Aconcagua Energ\u00eda, quien destac\u00f3 el petr\u00f3leo no convencional de Mendoza"},"content":{"rendered":"<!DOCTYPE html PUBLIC \"-\/\/W3C\/\/DTD HTML 4.0 Transitional\/\/EN\" \"http:\/\/www.w3.org\/TR\/REC-html40\/loose.dtd\">\n<html><body><h5>El Gobernador y la ministra de Energ&iacute;a y Ambiente recibieron en Mendoza al nuevo CEO de Aconcagua Energ&iacute;a, Pablo Iuliano. El directivo explic&oacute; las acciones que van a realizar para mantener los niveles de producci&oacute;n e incluso buscar incrementarlos.<\/h5>\n\n\n\n<p>Tras el proceso de reestructuraci&oacute;n que vivi&oacute; Aconcagua Energ&iacute;a en las &uacute;ltimas semanas, el Gobernador Alfredo Cornejo, acompa&ntilde;ado por la ministra de Energ&iacute;a y Ambiente, Jimena Latorre, recibi&oacute; una comitiva de los nuevos due&ntilde;os de la empresa energ&eacute;tica, encabezada por su director ejecutivo o <em>chief executive officer <\/em>(CEO), Pablo Iuliano. <\/p>\n\n\n\n<p>En la reuni&oacute;n participaron tambi&eacute;n el subsecretario de Energ&iacute;a y Miner&iacute;a, Manuel S&aacute;nchez Bandini, y el director de Hidrocarburos, Lucas Erio. Por el lado de Aconcagua Energ&iacute;a, Diego Cela&aacute;, director de finanzas o <em>chief financial officer <\/em>(CFO); Andr&eacute;s Ponce, gerente de Operaciones, y Juan Crespo, gerente de Relaciones Institucionales e Inversi&oacute;n Social.<\/p>\n\n\n\n<p>Al finalizar el encuentro, Latorre asegur&oacute; que los nuevos directivos &ldquo;destacaron cu&aacute;les son las perspectivas que tienen respecto de las inversiones de la empresa en Mendoza, y las acciones que van a realizar para mantener los niveles de producci&oacute;n e incluso buscar incrementarlos&rdquo;.<\/p>\n\n\n\n<p>&ldquo;A su vez, los directivos destacaron el potencial no convencional de la provincia de Mendoza y nos comentaron los trabajos que se est&aacute;n proponiendo para desarrollar esas oportunidades, con especial foco en el (no convencional) NOC del &aacute;rea de Pay&uacute;n Oeste&rdquo;, agreg&oacute; Latorre.<\/p>\n\n\n\n<p>Por su parte, Pablo Iuliano, nuevo CEO de Aconcagua Energ&iacute;a, destac&oacute; que &ldquo;Mendoza con el no convencional tiene una oportunidad que no se ha explorado del todo ni desarrollado. Para entender c&oacute;mo funciona el sistema no convencional se requiere seguir avanzando. Sabemos que el recurso est&aacute;, y creemos que se trata de una gran oportunidad para el futuro energ&eacute;tico de la provincia&rdquo;.<\/p>\n\n\n\n<p>Iuliano tambi&eacute;n resalt&oacute; la importancia de fortalecer la producci&oacute;n convencional. &ldquo;Hay un negocio que todav&iacute;a tiene margen para crecer. Debemos ser eficientes y avanzar en la incorporaci&oacute;n de capital y materiales. Vamos a estabilizar la producci&oacute;n. Eso es clave para apuntalar el desarrollo inmediato&rdquo;, asegur&oacute;.<\/p>\n\n\n\n<p>Aconcagua Energ&iacute;a ratific&oacute; su inter&eacute;s en seguir apostando por Mendoza aprovechando la solidez de sus profesionales y las condiciones naturales de la provincia, que la posicionan como un actor estrat&eacute;gico en el mapa energ&eacute;tico nacional.<\/p>\n\n\n\n<p><strong>El plan de trabajo<\/strong><\/p>\n\n\n\n<p>El proyecto hidrocarbur&iacute;fero Pay&uacute;n Oeste, ubicado en Malarg&uuml;e, ten&iacute;a previsto invertir 8 millones de d&oacute;lares en los pr&oacute;ximos diez a&ntilde;os, de los cuales 7 millones se ejecutar&aacute;n en los primeros cinco.<\/p>\n\n\n\n<p>El plan de trabajo &#9472;contempla la reactivaci&oacute;n de pozos inactivos, estudios geol&oacute;gicos avanzados, la perforaci&oacute;n de un nuevo pozo, la instalaci&oacute;n de infraestructura de superficie y el saneamiento de pasivos ambientales&#9472; se mantendr&aacute; tal como fue planificado.<\/p>\n\n\n\n<p>Se trata de un bloque que llevaba m&aacute;s de una d&eacute;cada sin actividad y cuya puesta en valor aportar&aacute; producci&oacute;n incremental, generaci&oacute;n de empleo y nuevas regal&iacute;as para la Provincia.<\/p>\n\n\n\n<p>Pay&uacute;n Oeste se ubica sobre la lengua mendocina de Vaca Muerta y presenta un potencial no convencional validado por estudios provinciales, con par&aacute;metros de calidad de roca favorables para proyectos de ese tipo.<\/p>\n\n\n\n<p>Adem&aacute;s de Pay&uacute;n Oeste, Aconcagua Energ&iacute;a opera en Mendoza las &aacute;reas Cha&ntilde;ares Herrados, Puesto Pozo Cercado Oriental, Atuel Norte Explotaci&oacute;n y Confluencia Sur, lo que representa m&aacute;s de 130 millones de d&oacute;lares comprometidos en proyectos de <em>oil and gas<\/em> (petr&oacute;leo y gas) donde han sobrecumplido los montos de inversi&oacute;n.<\/p>\n\n\n\n<p>En el campo de las renovables, la empresa concluy&oacute; la construcci&oacute;n y la puesta en marcha de los parques solares Aconcagua I (90 MW) y Aconcagua III (25 MW), ambos en Luj&aacute;n de Cuyo, que ya inyectan energ&iacute;a al sistema el&eacute;ctrico nacional.<\/p>\n\n\n\n<p><strong>Reestructuraci&oacute;n financiera y nuevos accionistas<\/strong><\/p>\n\n\n\n<p>La visita de Iuliano se dio en el marco del proceso de reestructuraci&oacute;n financiera y comercial que llev&oacute; adelante la compa&ntilde;&iacute;a con un nivel de adhesi&oacute;n superior al 94,4% de su pasivo. En este contexto, Tango Energy adquiri&oacute; el 93% del capital social de Aconcagua Energ&iacute;a y de su subsidiaria Aconcagua Energ&iacute;a Servicios, convirti&eacute;ndose as&iacute; en la accionista controlante.<\/p>\n\n\n\n<p>La operaci&oacute;n incluy&oacute; una capitalizaci&oacute;n de 36 millones de d&oacute;lares, recursos que &#9472;seg&uacute;n destac&oacute; la empresa en un comunicado a la Comisi&oacute;n Nacional de Valores&#9472; fortalecer&aacute;n el patrimonio y respaldar&aacute;n una visi&oacute;n de crecimiento sostenido, con foco en la eficiencia operativa, el desarrollo de Vaca Muerta, la sustentabilidad y la consolidaci&oacute;n de la red de operaciones en Argentina.<\/p>\n\n\n\n<p>En simult&aacute;neo, la asamblea de accionistas aprob&oacute; un aumento de capital mediante la emisi&oacute;n de m&aacute;s de 26,6 millones de acciones ordinarias Clase A, suscriptas &iacute;ntegramente por Tango Energy. Con esta integraci&oacute;n de $ 12.138 millones, el capital social de Aconcagua Energ&iacute;a se elev&oacute; de $ 2 millones a $28,5 millones.<\/p>\n\n\n\n<figure class=\"wp-block-gallery columns-3\"><ul class=\"blocks-gallery-grid\"><li class=\"blocks-gallery-item\"><figure><a href=\"https:\/\/www.mendoza.gov.ar\/wp-content\/uploads\/sites\/5\/2025\/09\/1DSC_9526.jpg\"><img loading=\"lazy\" width=\"700\" height=\"466\" src=\"https:\/\/www.mendoza.gov.ar\/wp-content\/uploads\/sites\/5\/2025\/09\/1DSC_9526-700x466.jpg\" alt=\"\" data-id=\"496938\" data-full-url=\"https:\/\/www.mendoza.gov.ar\/wp-content\/uploads\/sites\/5\/2025\/09\/1DSC_9526.jpg\" data-link=\"https:\/\/www.mendoza.gov.ar\/prensa\/?attachment_id=496938\" class=\"wp-image-496938 img-responsive center-block\" srcset=\"https:\/\/www.mendoza.gov.ar\/wp-content\/uploads\/sites\/5\/2025\/09\/1DSC_9526-700x466.jpg 700w, https:\/\/www.mendoza.gov.ar\/wp-content\/uploads\/sites\/5\/2025\/09\/1DSC_9526-250x166.jpg 250w, https:\/\/www.mendoza.gov.ar\/wp-content\/uploads\/sites\/5\/2025\/09\/1DSC_9526-768x511.jpg 768w, https:\/\/www.mendoza.gov.ar\/wp-content\/uploads\/sites\/5\/2025\/09\/1DSC_9526-1536x1022.jpg 1536w, https:\/\/www.mendoza.gov.ar\/wp-content\/uploads\/sites\/5\/2025\/09\/1DSC_9526-2048x1363.jpg 2048w, https:\/\/www.mendoza.gov.ar\/wp-content\/uploads\/sites\/5\/2025\/09\/1DSC_9526-120x80.jpg 120w\" sizes=\"(max-width: 700px) 100vw, 700px\"><\/a><\/figure><\/li><li class=\"blocks-gallery-item\"><figure><a href=\"https:\/\/www.mendoza.gov.ar\/wp-content\/uploads\/sites\/5\/2025\/09\/1DSC_9559.jpg\"><img loading=\"lazy\" width=\"700\" height=\"466\" src=\"https:\/\/www.mendoza.gov.ar\/wp-content\/uploads\/sites\/5\/2025\/09\/1DSC_9559-700x466.jpg\" alt=\"\" data-id=\"496939\" data-full-url=\"https:\/\/www.mendoza.gov.ar\/wp-content\/uploads\/sites\/5\/2025\/09\/1DSC_9559.jpg\" data-link=\"https:\/\/www.mendoza.gov.ar\/prensa\/?attachment_id=496939\" class=\"wp-image-496939 img-responsive center-block\" srcset=\"https:\/\/www.mendoza.gov.ar\/wp-content\/uploads\/sites\/5\/2025\/09\/1DSC_9559-700x466.jpg 700w, https:\/\/www.mendoza.gov.ar\/wp-content\/uploads\/sites\/5\/2025\/09\/1DSC_9559-250x166.jpg 250w, https:\/\/www.mendoza.gov.ar\/wp-content\/uploads\/sites\/5\/2025\/09\/1DSC_9559-768x511.jpg 768w, https:\/\/www.mendoza.gov.ar\/wp-content\/uploads\/sites\/5\/2025\/09\/1DSC_9559-1536x1022.jpg 1536w, https:\/\/www.mendoza.gov.ar\/wp-content\/uploads\/sites\/5\/2025\/09\/1DSC_9559-2048x1363.jpg 2048w, https:\/\/www.mendoza.gov.ar\/wp-content\/uploads\/sites\/5\/2025\/09\/1DSC_9559-120x80.jpg 120w\" sizes=\"(max-width: 700px) 100vw, 700px\"><\/a><\/figure><\/li><li class=\"blocks-gallery-item\"><figure><a href=\"https:\/\/www.mendoza.gov.ar\/wp-content\/uploads\/sites\/5\/2025\/09\/1DSC_9565.jpg\"><img loading=\"lazy\" width=\"700\" height=\"466\" src=\"https:\/\/www.mendoza.gov.ar\/wp-content\/uploads\/sites\/5\/2025\/09\/1DSC_9565-700x466.jpg\" alt=\"\" data-id=\"496940\" data-full-url=\"https:\/\/www.mendoza.gov.ar\/wp-content\/uploads\/sites\/5\/2025\/09\/1DSC_9565.jpg\" data-link=\"https:\/\/www.mendoza.gov.ar\/prensa\/?attachment_id=496940\" class=\"wp-image-496940 img-responsive center-block\" srcset=\"https:\/\/www.mendoza.gov.ar\/wp-content\/uploads\/sites\/5\/2025\/09\/1DSC_9565-700x466.jpg 700w, https:\/\/www.mendoza.gov.ar\/wp-content\/uploads\/sites\/5\/2025\/09\/1DSC_9565-250x166.jpg 250w, https:\/\/www.mendoza.gov.ar\/wp-content\/uploads\/sites\/5\/2025\/09\/1DSC_9565-768x511.jpg 768w, https:\/\/www.mendoza.gov.ar\/wp-content\/uploads\/sites\/5\/2025\/09\/1DSC_9565-1536x1022.jpg 1536w, https:\/\/www.mendoza.gov.ar\/wp-content\/uploads\/sites\/5\/2025\/09\/1DSC_9565-2048x1363.jpg 2048w, https:\/\/www.mendoza.gov.ar\/wp-content\/uploads\/sites\/5\/2025\/09\/1DSC_9565-120x80.jpg 120w\" sizes=\"(max-width: 700px) 100vw, 700px\"><\/a><\/figure><\/li><li class=\"blocks-gallery-item\"><figure><a href=\"https:\/\/www.mendoza.gov.ar\/wp-content\/uploads\/sites\/5\/2025\/09\/1DSC_9570.jpg\"><img loading=\"lazy\" width=\"700\" height=\"466\" src=\"https:\/\/www.mendoza.gov.ar\/wp-content\/uploads\/sites\/5\/2025\/09\/1DSC_9570-700x466.jpg\" alt=\"\" data-id=\"496941\" data-full-url=\"https:\/\/www.mendoza.gov.ar\/wp-content\/uploads\/sites\/5\/2025\/09\/1DSC_9570.jpg\" data-link=\"https:\/\/www.mendoza.gov.ar\/prensa\/?attachment_id=496941\" class=\"wp-image-496941 img-responsive center-block\" srcset=\"https:\/\/www.mendoza.gov.ar\/wp-content\/uploads\/sites\/5\/2025\/09\/1DSC_9570-700x466.jpg 700w, https:\/\/www.mendoza.gov.ar\/wp-content\/uploads\/sites\/5\/2025\/09\/1DSC_9570-250x166.jpg 250w, https:\/\/www.mendoza.gov.ar\/wp-content\/uploads\/sites\/5\/2025\/09\/1DSC_9570-768x511.jpg 768w, https:\/\/www.mendoza.gov.ar\/wp-content\/uploads\/sites\/5\/2025\/09\/1DSC_9570-1536x1022.jpg 1536w, https:\/\/www.mendoza.gov.ar\/wp-content\/uploads\/sites\/5\/2025\/09\/1DSC_9570-2048x1363.jpg 2048w, https:\/\/www.mendoza.gov.ar\/wp-content\/uploads\/sites\/5\/2025\/09\/1DSC_9570-120x80.jpg 120w\" sizes=\"(max-width: 700px) 100vw, 700px\"><\/a><\/figure><\/li><li class=\"blocks-gallery-item\"><figure><a href=\"https:\/\/www.mendoza.gov.ar\/wp-content\/uploads\/sites\/5\/2025\/09\/1DSC_9571.jpg\"><img loading=\"lazy\" width=\"700\" height=\"463\" src=\"https:\/\/www.mendoza.gov.ar\/wp-content\/uploads\/sites\/5\/2025\/09\/1DSC_9571-700x463.jpg\" alt=\"\" data-id=\"496942\" data-full-url=\"https:\/\/www.mendoza.gov.ar\/wp-content\/uploads\/sites\/5\/2025\/09\/1DSC_9571.jpg\" data-link=\"https:\/\/www.mendoza.gov.ar\/prensa\/?attachment_id=496942\" class=\"wp-image-496942 img-responsive center-block\" srcset=\"https:\/\/www.mendoza.gov.ar\/wp-content\/uploads\/sites\/5\/2025\/09\/1DSC_9571-700x463.jpg 700w, https:\/\/www.mendoza.gov.ar\/wp-content\/uploads\/sites\/5\/2025\/09\/1DSC_9571-250x165.jpg 250w, https:\/\/www.mendoza.gov.ar\/wp-content\/uploads\/sites\/5\/2025\/09\/1DSC_9571-768x508.jpg 768w, https:\/\/www.mendoza.gov.ar\/wp-content\/uploads\/sites\/5\/2025\/09\/1DSC_9571-1536x1017.jpg 1536w, https:\/\/www.mendoza.gov.ar\/wp-content\/uploads\/sites\/5\/2025\/09\/1DSC_9571-2048x1355.jpg 2048w, https:\/\/www.mendoza.gov.ar\/wp-content\/uploads\/sites\/5\/2025\/09\/1DSC_9571-120x79.jpg 120w\" sizes=\"(max-width: 700px) 100vw, 700px\"><\/a><\/figure><\/li><li class=\"blocks-gallery-item\"><figure><a href=\"https:\/\/www.mendoza.gov.ar\/wp-content\/uploads\/sites\/5\/2025\/09\/1DSC_9574.jpg\"><img loading=\"lazy\" width=\"700\" height=\"466\" src=\"https:\/\/www.mendoza.gov.ar\/wp-content\/uploads\/sites\/5\/2025\/09\/1DSC_9574-700x466.jpg\" alt=\"\" data-id=\"496943\" data-full-url=\"https:\/\/www.mendoza.gov.ar\/wp-content\/uploads\/sites\/5\/2025\/09\/1DSC_9574.jpg\" data-link=\"https:\/\/www.mendoza.gov.ar\/prensa\/?attachment_id=496943\" class=\"wp-image-496943 img-responsive center-block\" srcset=\"https:\/\/www.mendoza.gov.ar\/wp-content\/uploads\/sites\/5\/2025\/09\/1DSC_9574-700x466.jpg 700w, https:\/\/www.mendoza.gov.ar\/wp-content\/uploads\/sites\/5\/2025\/09\/1DSC_9574-250x166.jpg 250w, https:\/\/www.mendoza.gov.ar\/wp-content\/uploads\/sites\/5\/2025\/09\/1DSC_9574-768x511.jpg 768w, https:\/\/www.mendoza.gov.ar\/wp-content\/uploads\/sites\/5\/2025\/09\/1DSC_9574-1536x1022.jpg 1536w, https:\/\/www.mendoza.gov.ar\/wp-content\/uploads\/sites\/5\/2025\/09\/1DSC_9574-2048x1363.jpg 2048w, https:\/\/www.mendoza.gov.ar\/wp-content\/uploads\/sites\/5\/2025\/09\/1DSC_9574-120x80.jpg 120w\" sizes=\"(max-width: 700px) 100vw, 700px\"><\/a><\/figure><\/li><li class=\"blocks-gallery-item\"><figure><a href=\"https:\/\/www.mendoza.gov.ar\/wp-content\/uploads\/sites\/5\/2025\/09\/1DSC_9576.jpg\"><img loading=\"lazy\" width=\"700\" height=\"466\" src=\"https:\/\/www.mendoza.gov.ar\/wp-content\/uploads\/sites\/5\/2025\/09\/1DSC_9576-700x466.jpg\" alt=\"\" data-id=\"496944\" data-full-url=\"https:\/\/www.mendoza.gov.ar\/wp-content\/uploads\/sites\/5\/2025\/09\/1DSC_9576.jpg\" data-link=\"https:\/\/www.mendoza.gov.ar\/prensa\/?attachment_id=496944\" class=\"wp-image-496944 img-responsive center-block\" srcset=\"https:\/\/www.mendoza.gov.ar\/wp-content\/uploads\/sites\/5\/2025\/09\/1DSC_9576-700x466.jpg 700w, https:\/\/www.mendoza.gov.ar\/wp-content\/uploads\/sites\/5\/2025\/09\/1DSC_9576-250x166.jpg 250w, https:\/\/www.mendoza.gov.ar\/wp-content\/uploads\/sites\/5\/2025\/09\/1DSC_9576-768x511.jpg 768w, https:\/\/www.mendoza.gov.ar\/wp-content\/uploads\/sites\/5\/2025\/09\/1DSC_9576-1536x1022.jpg 1536w, https:\/\/www.mendoza.gov.ar\/wp-content\/uploads\/sites\/5\/2025\/09\/1DSC_9576-2048x1363.jpg 2048w, https:\/\/www.mendoza.gov.ar\/wp-content\/uploads\/sites\/5\/2025\/09\/1DSC_9576-120x80.jpg 120w\" sizes=\"(max-width: 700px) 100vw, 700px\"><\/a><\/figure><\/li><li class=\"blocks-gallery-item\"><figure><a href=\"https:\/\/www.mendoza.gov.ar\/wp-content\/uploads\/sites\/5\/2025\/09\/1DSC_9578.jpg\"><img src=\"https:\/\/www.mendoza.gov.ar\/wp-content\/uploads\/sites\/5\/2025\/09\/1DSC_9578-700x466.jpg\" alt=\"\" data-id=\"496945\" data-full-url=\"https:\/\/www.mendoza.gov.ar\/wp-content\/uploads\/sites\/5\/2025\/09\/1DSC_9578.jpg\" data-link=\"https:\/\/www.mendoza.gov.ar\/prensa\/?attachment_id=496945\" class=\"wp-image-496945 img-responsive center-block\"><\/a><\/figure><\/li><li class=\"blocks-gallery-item\"><figure><a href=\"https:\/\/www.mendoza.gov.ar\/wp-content\/uploads\/sites\/5\/2025\/09\/DSC_9588.jpg\"><img loading=\"lazy\" width=\"700\" height=\"466\" src=\"https:\/\/www.mendoza.gov.ar\/wp-content\/uploads\/sites\/5\/2025\/09\/DSC_9588-700x466.jpg\" alt=\"\" data-id=\"496946\" data-full-url=\"https:\/\/www.mendoza.gov.ar\/wp-content\/uploads\/sites\/5\/2025\/09\/DSC_9588.jpg\" data-link=\"https:\/\/www.mendoza.gov.ar\/prensa\/?attachment_id=496946\" class=\"wp-image-496946 img-responsive center-block\" srcset=\"https:\/\/www.mendoza.gov.ar\/wp-content\/uploads\/sites\/5\/2025\/09\/DSC_9588-700x466.jpg 700w, https:\/\/www.mendoza.gov.ar\/wp-content\/uploads\/sites\/5\/2025\/09\/DSC_9588-250x166.jpg 250w, https:\/\/www.mendoza.gov.ar\/wp-content\/uploads\/sites\/5\/2025\/09\/DSC_9588-768x511.jpg 768w, https:\/\/www.mendoza.gov.ar\/wp-content\/uploads\/sites\/5\/2025\/09\/DSC_9588-1536x1022.jpg 1536w, https:\/\/www.mendoza.gov.ar\/wp-content\/uploads\/sites\/5\/2025\/09\/DSC_9588-2048x1363.jpg 2048w, https:\/\/www.mendoza.gov.ar\/wp-content\/uploads\/sites\/5\/2025\/09\/DSC_9588-120x80.jpg 120w\" sizes=\"(max-width: 700px) 100vw, 700px\"><\/a><\/figure><\/li><\/ul><\/figure>\n<\/body><\/html>\n","protected":false},"excerpt":{"rendered":"El Gobernador y la ministra de Energ&iacute;a y Ambiente recibieron en Mendoza al nuevo CEO de Aconcagua Energ&iacute;a, Pablo Iuliano. El directivo explic&oacute; las acciones que van a realizar para mantener los niveles de producci&oacute;n e incluso buscar incrementarlos. Tras el proceso de reestructuraci&oacute;n que vivi&oacute; Aconcagua Energ&iacute;a en las &uacute;ltimas semanas, el Gobernador Alfredo&#8230; <a class=\"view-article\" href=\"https:\/\/www.mendoza.gov.ar\/prensa\/cornejo-y-latorre-se-reunieron-con-el-nuevo-ceo-de-aconcagua-energia-quien-destaco-el-petroleo-no-convencional-de-mendoza\/\"><\/a>","protected":false},"author":62,"featured_media":496945,"comment_status":"open","ping_status":"open","sticky":false,"template":"","format":"standard","meta":[],"categories":[19],"tags":[],"_links":{"self":[{"href":"https:\/\/www.mendoza.gov.ar\/prensa\/wp-json\/wp\/v2\/posts\/496927"}],"collection":[{"href":"https:\/\/www.mendoza.gov.ar\/prensa\/wp-json\/wp\/v2\/posts"}],"about":[{"href":"https:\/\/www.mendoza.gov.ar\/prensa\/wp-json\/wp\/v2\/types\/post"}],"author":[{"embeddable":true,"href":"https:\/\/www.mendoza.gov.ar\/prensa\/wp-json\/wp\/v2\/users\/62"}],"replies":[{"embeddable":true,"href":"https:\/\/www.mendoza.gov.ar\/prensa\/wp-json\/wp\/v2\/comments?post=496927"}],"version-history":[{"count":17,"href":"https:\/\/www.mendoza.gov.ar\/prensa\/wp-json\/wp\/v2\/posts\/496927\/revisions"}],"predecessor-version":[{"id":496979,"href":"https:\/\/www.mendoza.gov.ar\/prensa\/wp-json\/wp\/v2\/posts\/496927\/revisions\/496979"}],"wp:featuredmedia":[{"embeddable":true,"href":"https:\/\/www.mendoza.gov.ar\/prensa\/wp-json\/wp\/v2\/media\/496945"}],"wp:attachment":[{"href":"https:\/\/www.mendoza.gov.ar\/prensa\/wp-json\/wp\/v2\/media?parent=496927"}],"wp:term":[{"taxonomy":"category","embeddable":true,"href":"https:\/\/www.mendoza.gov.ar\/prensa\/wp-json\/wp\/v2\/categories?post=496927"},{"taxonomy":"post_tag","embeddable":true,"href":"https:\/\/www.mendoza.gov.ar\/prensa\/wp-json\/wp\/v2\/tags?post=496927"}],"curies":[{"name":"wp","href":"https:\/\/api.w.org\/{rel}","templated":true}]}}