{"id":49745,"date":"2016-03-06T17:54:29","date_gmt":"2016-03-06T20:54:29","guid":{"rendered":"http:\/\/prensa.mendoza.gov.ar\/?p=49745"},"modified":"2016-03-06T17:54:29","modified_gmt":"2016-03-06T20:54:29","slug":"cornejo-les-pido-que-muestren-afuera-la-mendoza-que-vieron","status":"publish","type":"post","link":"https:\/\/www.mendoza.gov.ar\/prensa\/cornejo-les-pido-que-muestren-afuera-la-mendoza-que-vieron\/","title":{"rendered":"Cornejo: \u201cLes pido que muestren afuera la Mendoza que vieron\u201d"},"content":{"rendered":"<!DOCTYPE html PUBLIC \"-\/\/W3C\/\/DTD HTML 4.0 Transitional\/\/EN\" \"http:\/\/www.w3.org\/TR\/REC-html40\/loose.dtd\">\n<html><body><p>El Gobernador Alfredo Cornejo particip&oacute; del &ldquo;Almuerzo del Cuerpo Consular&rdquo; que todos los a&ntilde;os se realiza en&nbsp;la Bodega&nbsp;Vistalba de Luj&aacute;n de Cuyo. Hasta el lugar llegaron miembros del Ejecutivo provincial, adem&aacute;s de 29 embajadores y 19 c&oacute;nsules que representaron a casi 50 pa&iacute;ses en los festejos vendimiales. All&iacute; Cornejo les confi&oacute; la tarea de atraer inversiones y turismo para Mendoza.<\/p>\n<p>&ldquo;Hay un n&uacute;mero importante de pa&iacute;ses representados en este almuerzo&rdquo;, se&ntilde;al&oacute; el Gobernador tras agradecerles a los c&oacute;nsules y embajadores que trabajan por la Provincia. &ldquo;Ustedes nos mejoran como gobernantes. Son un veh&iacute;culo importante para llegar al mundo&rdquo; les dijo a los presentes.<\/p>\n<p>Cornejo les pidi&oacute; colaboraci&oacute;n para &ldquo;recuperar mercados con la mayor rapidez posible y sobre todo con la m&aacute;xima colaboraci&oacute;n, para incrementar as&iacute; las relaciones que nos permitan hacer crecer la econom&iacute;a de Mendoza&rdquo;.<\/p>\n<h4><strong>El decano del Cuerpo Consular y C&oacute;nsul de Italia, Pede Pasquale, se tom&oacute; unos minutos para hacer una rese&ntilde;a de la historia de Vendimia y se&ntilde;al&oacute; que &ldquo;las mejores cosechadoras son las argentinas&rdquo;. Luego hizo referencia a la dif&iacute;cil tarea de los c&oacute;nsules al indicar:&nbsp;&ldquo;Estamos al servicio no s&oacute;lo de los poderosos sino tambi&eacute;n de los humildes. Nuestro trabajo es pocas veces reconocido&rdquo;.<\/strong><\/h4>\n<h4>El embajador de Argelia, Hamel Benaouda, tambi&eacute;n tom&oacute; la palabra durante el encuentro: &ldquo;Es un placer estar en Mendoza, hoy me siento mendocino. Esta provincia mantiene lazos de amistad y cooperaci&oacute;n con nuestros pa&iacute;ses&rdquo;.<\/h4>\n<p>Adem&aacute;s, Benaouda hizo hincapi&eacute; en la necesidad de &ldquo;profundizar las relaciones con las nuevas perspectivas que se han abierto en la Argentina tras el cambio de gobierno&rdquo;.<\/p>\n<h4>El cuerpo diplom&aacute;tico<\/h4>\n<p>El&nbsp;cuerpo diplom&aacute;tico extranjero acompa&ntilde;&oacute; al Gobernador durante todas las actividades que hacen a la Fiesta Nacional de la Vendimia, comenzando por la recepci&oacute;n protocolar del viernes por la noche antes de la V&iacute;a Blanca, cuando&nbsp;conocieron a las reinas que participaron por la corona, y culminando con el almuerzo de despedida organizado en la bodega de la familia Pulenta.<\/p>\n<p>Junto al cuerpo consular de Mendoza, visitaron&nbsp;la provincia embajadores y encargados de negocios de Angola, Argelia, Belar&uacute;s, Bulgaria, Rep&uacute;blica Checa, Chile, China, Corea del Sur, Croacia, Eslovaquia , Eslovenia, Finlandia, Grecia, Guatemala, Hait&iacute;, Honduras, Indonesia, Kuwait, L&iacute;bano, Liga de Estados &Aacute;rabes, Marruecos, Montenegro, Pakist&aacute;n, Panam&aacute;, Paraguay, Polonia, Rumania, Rusia, Serbia, Tailandia, T&uacute;nez, Ucrania, Naciones Unidas y Vietnam.<\/p>\n<p>Durante estos d&iacute;as, adem&aacute;s de participar en todos&nbsp;los festejos vendimiales, los embajadores dialogaron con el Gobernador sobre la realidad de cada pa&iacute;s en el objetivo de encontrar puntos en com&uacute;n, tanto en negocios como en otras oportunidades de intercambio.<\/p>\n<\/body><\/html>\n","protected":false},"excerpt":{"rendered":"Alrededor de 50 pa\u00edses participaron de la Vendimia a trav\u00e9s de sus embajadores. El Gobernador les pidi\u00f3 que muestren en el mundo c\u00f3mo es Mendoza para atraer inversiones y turismo.","protected":false},"author":3,"featured_media":49751,"comment_status":"open","ping_status":"open","sticky":false,"template":"","format":"standard","meta":[],"categories":[19],"tags":[],"_links":{"self":[{"href":"https:\/\/www.mendoza.gov.ar\/prensa\/wp-json\/wp\/v2\/posts\/49745"}],"collection":[{"href":"https:\/\/www.mendoza.gov.ar\/prensa\/wp-json\/wp\/v2\/posts"}],"about":[{"href":"https:\/\/www.mendoza.gov.ar\/prensa\/wp-json\/wp\/v2\/types\/post"}],"author":[{"embeddable":true,"href":"https:\/\/www.mendoza.gov.ar\/prensa\/wp-json\/wp\/v2\/users\/3"}],"replies":[{"embeddable":true,"href":"https:\/\/www.mendoza.gov.ar\/prensa\/wp-json\/wp\/v2\/comments?post=49745"}],"version-history":[{"count":0,"href":"https:\/\/www.mendoza.gov.ar\/prensa\/wp-json\/wp\/v2\/posts\/49745\/revisions"}],"wp:featuredmedia":[{"embeddable":true,"href":"https:\/\/www.mendoza.gov.ar\/prensa\/wp-json\/wp\/v2\/media\/49751"}],"wp:attachment":[{"href":"https:\/\/www.mendoza.gov.ar\/prensa\/wp-json\/wp\/v2\/media?parent=49745"}],"wp:term":[{"taxonomy":"category","embeddable":true,"href":"https:\/\/www.mendoza.gov.ar\/prensa\/wp-json\/wp\/v2\/categories?post=49745"},{"taxonomy":"post_tag","embeddable":true,"href":"https:\/\/www.mendoza.gov.ar\/prensa\/wp-json\/wp\/v2\/tags?post=49745"}],"curies":[{"name":"wp","href":"https:\/\/api.w.org\/{rel}","templated":true}]}}