{"id":49779,"date":"2016-03-07T09:25:51","date_gmt":"2016-03-07T12:25:51","guid":{"rendered":"http:\/\/prensa.mendoza.gov.ar\/?p=49779"},"modified":"2016-03-07T09:25:51","modified_gmt":"2016-03-07T12:25:51","slug":"desvio-de-colectivos-en-maipu","status":"publish","type":"post","link":"https:\/\/www.mendoza.gov.ar\/prensa\/desvio-de-colectivos-en-maipu\/","title":{"rendered":"Desv\u00edo de colectivos en Maip\u00fa"},"content":{"rendered":"<!DOCTYPE html PUBLIC \"-\/\/W3C\/\/DTD HTML 4.0 Transitional\/\/EN\" \"http:\/\/www.w3.org\/TR\/REC-html40\/loose.dtd\">\n<html><body><p>Esta ma&ntilde;ana comenz&oacute; el desv&iacute;o de los servicios de colectivos por cortes en el Carril G&oacute;mez, entre calle Liniers y Ruiz, de Guti&eacute;rrez, Maip&uacute;. El desv&iacute;o&nbsp;finalizar&aacute; el pr&oacute;ximo 17 de mayo.<\/p>\n<p>Los servicios afectados son los siguientes:<\/p>\n<p><strong>Grupo 10&nbsp;<\/strong><strong>L&iacute;nea<\/strong> <strong>171&nbsp;<\/strong><\/p>\n<p><strong>Grupo 9 L&iacute;neas 151 y 162<\/strong><\/p>\n<p>Los desv&iacute;os se realizar&aacute;n de acuerdo con el&nbsp;siguiente detalle:<\/p>\n<p>Desde el Centro a zona: recorrer&aacute; las calles Maza, G&oacute;mez, Liniers, Bruno Mor&oacute;n, Ruiz y retorna a su recorrido habitual.<\/p>\n<p>Desde zona a Centro: &nbsp;por G&oacute;mez, Ruiz, Bruno Mor&oacute;n, Ruiz, y vuelve a su recorrido normal<\/p>\n<p>&nbsp;<\/p>\n<p>&nbsp;<\/p>\n<\/body><\/html>\n","protected":false},"excerpt":{"rendered":"Comienza a regir desde esta ma\u00f1ana y se extender\u00e1 hasta el 17 de mayo, por corte en el Carril G\u00f3mez.","protected":false},"author":3,"featured_media":38096,"comment_status":"open","ping_status":"open","sticky":false,"template":"","format":"standard","meta":[],"categories":[1],"tags":[],"_links":{"self":[{"href":"https:\/\/www.mendoza.gov.ar\/prensa\/wp-json\/wp\/v2\/posts\/49779"}],"collection":[{"href":"https:\/\/www.mendoza.gov.ar\/prensa\/wp-json\/wp\/v2\/posts"}],"about":[{"href":"https:\/\/www.mendoza.gov.ar\/prensa\/wp-json\/wp\/v2\/types\/post"}],"author":[{"embeddable":true,"href":"https:\/\/www.mendoza.gov.ar\/prensa\/wp-json\/wp\/v2\/users\/3"}],"replies":[{"embeddable":true,"href":"https:\/\/www.mendoza.gov.ar\/prensa\/wp-json\/wp\/v2\/comments?post=49779"}],"version-history":[{"count":0,"href":"https:\/\/www.mendoza.gov.ar\/prensa\/wp-json\/wp\/v2\/posts\/49779\/revisions"}],"wp:featuredmedia":[{"embeddable":true,"href":"https:\/\/www.mendoza.gov.ar\/prensa\/wp-json\/wp\/v2\/media\/38096"}],"wp:attachment":[{"href":"https:\/\/www.mendoza.gov.ar\/prensa\/wp-json\/wp\/v2\/media?parent=49779"}],"wp:term":[{"taxonomy":"category","embeddable":true,"href":"https:\/\/www.mendoza.gov.ar\/prensa\/wp-json\/wp\/v2\/categories?post=49779"},{"taxonomy":"post_tag","embeddable":true,"href":"https:\/\/www.mendoza.gov.ar\/prensa\/wp-json\/wp\/v2\/tags?post=49779"}],"curies":[{"name":"wp","href":"https:\/\/api.w.org\/{rel}","templated":true}]}}