{"id":49865,"date":"2016-03-07T18:54:12","date_gmt":"2016-03-07T21:54:12","guid":{"rendered":"http:\/\/prensa.mendoza.gov.ar\/?p=49865"},"modified":"2016-03-07T18:54:12","modified_gmt":"2016-03-07T21:54:12","slug":"diputados-realizara-un-acto-por-el-dia-internacional-de-la-mujer","status":"publish","type":"post","link":"https:\/\/www.mendoza.gov.ar\/prensa\/diputados-realizara-un-acto-por-el-dia-internacional-de-la-mujer\/","title":{"rendered":"Diputados realizar\u00e1 un acto por el D\u00eda Internacional de la Mujer"},"content":{"rendered":"<!DOCTYPE html PUBLIC \"-\/\/W3C\/\/DTD HTML 4.0 Transitional\/\/EN\" \"http:\/\/www.w3.org\/TR\/REC-html40\/loose.dtd\">\n<html><body><p>La C&aacute;mara de Diputados realizar&aacute; el pr&oacute;ximo mi&eacute;rcoles 9 de marzo, a las 10, un acto en conmemoraci&oacute;n del D&iacute;a Internacional de la Mujer. En la sesi&oacute;n de tablas, se distinguir&aacute; a dos mujeres por departamento, quienes han sido propuestas por cada intendencia por su destacada trayectoria y compromiso social.<\/p>\n<p>En el mismo sentido, se entregar&aacute; una distinci&oacute;n a dos mujeres por cada bloque parlamentario, propuestas por los mismos legisladores.<\/p>\n<p>Asimismo, por iniciativa de las diputadas, a partir de este a&ntilde;o se dispondr&aacute; en la explanada de la legislatura provincial de un espacio por municipio a fin de lograr una Exposici&oacute;n Federal de los trabajos de cada comunidad.<\/p>\n<p>En el marco de esta celebraci&oacute;n, cabe recordar que por Ley 8457 se instituy&oacute; en Mendoza al 8 de marzo como &ldquo;D&iacute;a de la Mujer del A&ntilde;o&rdquo;, en reconocimiento &ldquo;y revaloraci&oacute;n del rol de la mujer, en las m&aacute;s diversas acciones de la vida cotidiana en pos de la igualdad de derechos y la paz mundial&rdquo;.<\/p>\n<\/body><\/html>\n","protected":false},"excerpt":{"rendered":"Se distinguir\u00e1 a mujeres de cada departamento, destacadas por trayectoria y compromiso social. Adem\u00e1s, se reconocer\u00e1 la labor de diputadas de cada Bloque Parlamentario.","protected":false},"author":3,"featured_media":49869,"comment_status":"open","ping_status":"open","sticky":false,"template":"","format":"standard","meta":[],"categories":[1],"tags":[],"_links":{"self":[{"href":"https:\/\/www.mendoza.gov.ar\/prensa\/wp-json\/wp\/v2\/posts\/49865"}],"collection":[{"href":"https:\/\/www.mendoza.gov.ar\/prensa\/wp-json\/wp\/v2\/posts"}],"about":[{"href":"https:\/\/www.mendoza.gov.ar\/prensa\/wp-json\/wp\/v2\/types\/post"}],"author":[{"embeddable":true,"href":"https:\/\/www.mendoza.gov.ar\/prensa\/wp-json\/wp\/v2\/users\/3"}],"replies":[{"embeddable":true,"href":"https:\/\/www.mendoza.gov.ar\/prensa\/wp-json\/wp\/v2\/comments?post=49865"}],"version-history":[{"count":0,"href":"https:\/\/www.mendoza.gov.ar\/prensa\/wp-json\/wp\/v2\/posts\/49865\/revisions"}],"wp:featuredmedia":[{"embeddable":true,"href":"https:\/\/www.mendoza.gov.ar\/prensa\/wp-json\/wp\/v2\/media\/49869"}],"wp:attachment":[{"href":"https:\/\/www.mendoza.gov.ar\/prensa\/wp-json\/wp\/v2\/media?parent=49865"}],"wp:term":[{"taxonomy":"category","embeddable":true,"href":"https:\/\/www.mendoza.gov.ar\/prensa\/wp-json\/wp\/v2\/categories?post=49865"},{"taxonomy":"post_tag","embeddable":true,"href":"https:\/\/www.mendoza.gov.ar\/prensa\/wp-json\/wp\/v2\/tags?post=49865"}],"curies":[{"name":"wp","href":"https:\/\/api.w.org\/{rel}","templated":true}]}}