{"id":50116,"date":"2016-03-09T21:58:52","date_gmt":"2016-03-10T00:58:52","guid":{"rendered":"http:\/\/prensa.mendoza.gov.ar\/?p=50116"},"modified":"2016-03-09T21:58:52","modified_gmt":"2016-03-10T00:58:52","slug":"cornejo-recibio-al-gobernador-de-gran-polonia","status":"publish","type":"post","link":"https:\/\/www.mendoza.gov.ar\/prensa\/cornejo-recibio-al-gobernador-de-gran-polonia\/","title":{"rendered":"Cornejo recibi\u00f3 al gobernador de Gran Polonia"},"content":{"rendered":"<!DOCTYPE html PUBLIC \"-\/\/W3C\/\/DTD HTML 4.0 Transitional\/\/EN\" \"http:\/\/www.w3.org\/TR\/REC-html40\/loose.dtd\">\n<html><body><p>En la tarde de este mi&eacute;rcoles, el gobernador Alfredo Cornejo, junto al presidente de Pro Mendoza, Gabriel Fidel, recibi&oacute; en su despacho a la comitiva del ejecutivo de Gran Polonia, encabezada por su gobernador, Marek Wozniak, y parte de su gabinete.<\/p>\n<p>Durante el encuentro se trataron temas como obras, econom&iacute;a, inversiones e infraestructura hidr&aacute;ulica para proyectar en un futuro en tierras mendocinas.<\/p>\n<p>Alfredo Cornejo, por su parte, destac&oacute; las cualidades econ&oacute;micas provinciales, como la ubicaci&oacute;n estrat&eacute;gica de&nbsp;Mendoza en la geograf&iacute;a del Mercosur, como tambi&eacute;n de la importancia de ser un polo log&iacute;stico al estar cerca de Chile.<\/p>\n<p>Entre los principales temas, se habl&oacute; del proyecto del Corredor Bioce&aacute;nico, donde el gobernador Wozniak y su gabinete mostraron gran inter&eacute;s en sumarse al plan. En este sentido, Cornejo les brind&oacute; detalles del plan que se est&aacute; llevando adelante, coment&oacute; adem&aacute;s el inter&eacute;s que tienen empresas de pa&iacute;ses como Jap&oacute;n, China y Brasil en participar de la creaci&oacute;n del Corredor,&nbsp;y les agradeci&oacute; el inter&eacute;s.<\/p>\n<p>Adem&aacute;s, hablaron sobre proyectos de represas hidr&aacute;ulizas y obras relacionadas con el agua en Mendoza.<\/p>\n<p>&ldquo;La idea es trabajar de manera conjunta y m&aacute;s estrecha, para llegar a objetivos comunes&rdquo;, destac&oacute; Marek Wozniak al finalizar la reuni&oacute;n.<\/p>\n<p>Durante este jueves, Gabriel Fidel los acompa&ntilde;ar&aacute; durante varias reuniones que se realizar&aacute;n con el objetivo de tratar nuevos proyectos para trabajar en Mendoza.<\/p>\n<\/body><\/html>\n","protected":false},"excerpt":{"rendered":"En el encuentro tambi\u00e9n particip\u00f3 Gabriel Fidel, presidente de Pro Mendoza, y autoridades polacas. Se trataron temas de infraestructura, econom\u00eda e irrigaci\u00f3n, entre otros. Durante la semana continuar\u00e1n las reuniones.","protected":false},"author":3,"featured_media":50117,"comment_status":"open","ping_status":"open","sticky":false,"template":"","format":"standard","meta":[],"categories":[19],"tags":[],"_links":{"self":[{"href":"https:\/\/www.mendoza.gov.ar\/prensa\/wp-json\/wp\/v2\/posts\/50116"}],"collection":[{"href":"https:\/\/www.mendoza.gov.ar\/prensa\/wp-json\/wp\/v2\/posts"}],"about":[{"href":"https:\/\/www.mendoza.gov.ar\/prensa\/wp-json\/wp\/v2\/types\/post"}],"author":[{"embeddable":true,"href":"https:\/\/www.mendoza.gov.ar\/prensa\/wp-json\/wp\/v2\/users\/3"}],"replies":[{"embeddable":true,"href":"https:\/\/www.mendoza.gov.ar\/prensa\/wp-json\/wp\/v2\/comments?post=50116"}],"version-history":[{"count":0,"href":"https:\/\/www.mendoza.gov.ar\/prensa\/wp-json\/wp\/v2\/posts\/50116\/revisions"}],"wp:featuredmedia":[{"embeddable":true,"href":"https:\/\/www.mendoza.gov.ar\/prensa\/wp-json\/wp\/v2\/media\/50117"}],"wp:attachment":[{"href":"https:\/\/www.mendoza.gov.ar\/prensa\/wp-json\/wp\/v2\/media?parent=50116"}],"wp:term":[{"taxonomy":"category","embeddable":true,"href":"https:\/\/www.mendoza.gov.ar\/prensa\/wp-json\/wp\/v2\/categories?post=50116"},{"taxonomy":"post_tag","embeddable":true,"href":"https:\/\/www.mendoza.gov.ar\/prensa\/wp-json\/wp\/v2\/tags?post=50116"}],"curies":[{"name":"wp","href":"https:\/\/api.w.org\/{rel}","templated":true}]}}