{"id":50240,"date":"2016-03-10T22:42:45","date_gmt":"2016-03-11T01:42:45","guid":{"rendered":"http:\/\/prensa.mendoza.gov.ar\/?p=50240"},"modified":"2016-03-10T22:42:45","modified_gmt":"2016-03-11T01:42:45","slug":"un-menor-plazo-ofrecio-la-nacion-para-reintegrar-la-coparticipacion-a-las-provincias","status":"publish","type":"post","link":"https:\/\/www.mendoza.gov.ar\/prensa\/un-menor-plazo-ofrecio-la-nacion-para-reintegrar-la-coparticipacion-a-las-provincias\/","title":{"rendered":"Un menor plazo ofreci\u00f3 la Naci\u00f3n para reintegrar la coparticipaci\u00f3n a las provincias"},"content":{"rendered":"<!DOCTYPE html PUBLIC \"-\/\/W3C\/\/DTD HTML 4.0 Transitional\/\/EN\" \"http:\/\/www.w3.org\/TR\/REC-html40\/loose.dtd\">\n<html><body><p class=\"ecxMsoNormal\">La vicegobernadora Laura Montero particip&oacute; hoy al mediod&iacute;a, junto a los gobernadores de las provincias y al jefe de Gobierno porte&ntilde;o, en&nbsp;la reuni&oacute;n desarrollada en Casa Rosada con el ministro del Interior, Rogelio Frigerio, y funcionarios nacionales para discutir c&oacute;mo se cumplir&aacute; el fallo de la Corte Suprema que devuelve a las provincias el 15% de impuestos coparticipables que reten&iacute;a.<\/p>\n<p class=\"ecxMsoNormal\">&ldquo;Fue una muy buena reuni&oacute;n y en principio la propuesta &ndash;superadora&ndash; fue vista con buenos ojos por la mayor&iacute;a de los gobernadores. Este porcentaje se devuelve a la provincia en cuatro a&ntilde;os&rdquo;, se&ntilde;al&oacute; Montero.<\/p>\n<p class=\"ecxMsoNormal\"><a href=\"https:\/\/www.mendoza.gov.ar\/prensa\/wp-content\/uploads\/sites\/23\/INT_8371.jpg\"><img loading=\"lazy\" class=\"aligncenter wp-image-50243 img-responsive center-block\" src=\"https:\/\/www.mendoza.gov.ar\/prensa\/wp-content\/uploads\/sites\/23\/INT_8371.jpg\" alt=\"INT_8371\" width=\"650\" height=\"475\"><\/a><\/p>\n<p class=\"ecxMsoNormal\">Sobre el desarrollo de la reuni&oacute;n, Montero explic&oacute;: &ldquo;Hubo una explicaci&oacute;n amplia del ministro Rogelio Frigerio respecto de&nbsp;c&oacute;mo est&aacute; la situaci&oacute;n nacional, con datos puntuales en cuanto a la macroeconom&iacute;a. Detalles de c&oacute;mo est&aacute;n manejando las cuentas fiscales, c&oacute;mo redujeron el d&eacute;ficit, la tarea de recuperaci&oacute;n institucional del Banco Central, entre otros puntos. Se sinceraron n&uacute;meros y con estos datos reales, analizamos la propuesta&rdquo;.<\/p>\n<p class=\"ecxMsoNormal\">&ldquo;Abrir las puertas y discutir institucionalmente como corresponde, predispone a la b&uacute;squeda de coincidencias y soluciones&rdquo;, dijo la vicegobernadora ponderando el di&aacute;logo franco con los mandatarios provinciales y agreg&oacute; que se quiere plantear un encuentro mensual para discutir la coparticipaci&oacute;n en forma completa.<\/p>\n<p class=\"ecxMsoNormal\">Finalmente, Montero sostuvo que aquellas transferencias que se hicieron de modo discrecional en la gesti&oacute;n anterior &ldquo;ser&iacute;a bueno que se avance en hacerlo por v&iacute;as institucionales y en forma autom&aacute;tica&rdquo;.<\/p>\n<p class=\"ecxMsoNormal\">La propuesta oficial para los gobernadores implica una cuota inicial del 3% en efectivo al que se le sumar&iacute;a 3%&nbsp; adicional con un bono, del que a&uacute;n no se tienen mayores precisiones.<\/p>\n<p class=\"ecxMsoNormal\">Como se recordar&aacute;, la vicegobernadora concurri&oacute; a Buenos Aires en lugar del Gobernador Alfredo Cornejo, quien recibi&oacute; hoy a la ministra de Seguridad, Patricia Bullrich.<\/p>\n<\/body><\/html>\n","protected":false},"excerpt":{"rendered":"La vicegobernadora Laura Montero asegur\u00f3 que hay una propuesta superadora tras participar en la reuni\u00f3n con el ministro del Interior, Rogelio Frigerio.","protected":false},"author":3,"featured_media":50242,"comment_status":"open","ping_status":"open","sticky":false,"template":"","format":"standard","meta":[],"categories":[1],"tags":[],"_links":{"self":[{"href":"https:\/\/www.mendoza.gov.ar\/prensa\/wp-json\/wp\/v2\/posts\/50240"}],"collection":[{"href":"https:\/\/www.mendoza.gov.ar\/prensa\/wp-json\/wp\/v2\/posts"}],"about":[{"href":"https:\/\/www.mendoza.gov.ar\/prensa\/wp-json\/wp\/v2\/types\/post"}],"author":[{"embeddable":true,"href":"https:\/\/www.mendoza.gov.ar\/prensa\/wp-json\/wp\/v2\/users\/3"}],"replies":[{"embeddable":true,"href":"https:\/\/www.mendoza.gov.ar\/prensa\/wp-json\/wp\/v2\/comments?post=50240"}],"version-history":[{"count":0,"href":"https:\/\/www.mendoza.gov.ar\/prensa\/wp-json\/wp\/v2\/posts\/50240\/revisions"}],"wp:featuredmedia":[{"embeddable":true,"href":"https:\/\/www.mendoza.gov.ar\/prensa\/wp-json\/wp\/v2\/media\/50242"}],"wp:attachment":[{"href":"https:\/\/www.mendoza.gov.ar\/prensa\/wp-json\/wp\/v2\/media?parent=50240"}],"wp:term":[{"taxonomy":"category","embeddable":true,"href":"https:\/\/www.mendoza.gov.ar\/prensa\/wp-json\/wp\/v2\/categories?post=50240"},{"taxonomy":"post_tag","embeddable":true,"href":"https:\/\/www.mendoza.gov.ar\/prensa\/wp-json\/wp\/v2\/tags?post=50240"}],"curies":[{"name":"wp","href":"https:\/\/api.w.org\/{rel}","templated":true}]}}