{"id":50251,"date":"2016-03-11T11:09:43","date_gmt":"2016-03-11T14:09:43","guid":{"rendered":"http:\/\/prensa.mendoza.gov.ar\/?p=50251"},"modified":"2016-03-11T11:09:43","modified_gmt":"2016-03-11T14:09:43","slug":"vaquie-se-reunio-con-el-ministro-de-trabajo-de-la-nacion-por-la-situacion-de-obreros-vinateros","status":"publish","type":"post","link":"https:\/\/www.mendoza.gov.ar\/prensa\/vaquie-se-reunio-con-el-ministro-de-trabajo-de-la-nacion-por-la-situacion-de-obreros-vinateros\/","title":{"rendered":"Vaqui\u00e9 abord\u00f3 con el ministro de Trabajo de la Naci\u00f3n la situaci\u00f3n de obreros vi\u00f1ateros"},"content":{"rendered":"<!DOCTYPE html PUBLIC \"-\/\/W3C\/\/DTD HTML 4.0 Transitional\/\/EN\" \"http:\/\/www.w3.org\/TR\/REC-html40\/loose.dtd\">\n<html><body><div>Reducir la edad de jubilatoria para los obreros de vi&ntilde;a, plantear un esquema de pago de la corresponsabilidad gremial y evitar que el atraso repercuta en el Sindicato de Obreros de Vi&ntilde;a (Soeva) fueron parte de la agenda de temas que el ministro de Econom&iacute;a, Infraestructura y Energ&iacute;a de la Provincia, Enrique Vaqui&eacute;, abord&oacute; en una reuni&oacute;n con el ministro de Trabajo de la Naci&oacute;n, Jorge Triaca, en Buenos Aires.<\/div>\n<div><\/div>\n<div>&ldquo;Queremos mejorar la situaci&oacute;n de los productores y tambi&eacute;n de los obreros de vi&ntilde;a y creemos que el Gobierno nacional tiene los instrumentos que necesitamos para empezar a resolver temas que se arrastran desde hace muchos a&ntilde;os&rdquo;, explic&oacute; Vaqui&eacute;.<\/div>\n<div><\/div>\n<div>En este sentido, record&oacute; que en 2012, cuando ocupaba una banca en el Congreso como diputado nacional, presentaron junto a la entonces&nbsp;legisladora Mariana Juri un proyecto de ley para reducir a 57 a&ntilde;os la edad jubilatoria de los obreros de vi&ntilde;a o para poder percibir el beneficio previsional tras 25 a&ntilde;os de servicio.<\/div>\n<div><\/div>\n<div>&ldquo;Aquel nuevo r&eacute;gimen de trabajo rural qued&oacute; archivado por el gobierno anterior. Pensamos que ser&iacute;a una reparaci&oacute;n hist&oacute;rica para miles de trabajadores&rdquo;, agreg&oacute; el funcionario, quien afirm&oacute; que Triaca se habr&iacute;a mostrado a favor del avance de la ley y se hab&iacute;a comprometido a que legisladores oficialistas volvieran a plantearla en el Congreso de la Naci&oacute;n.<\/div>\n<div><\/div>\n<div>Del encuentro tambi&eacute;n participaron el secretario de Seguridad Social, Juan Carlos Paulucci; el secretario de Empleo, Miguel &Aacute;ngel Ponte, y el diputado provincial, Gabriel Mir&oacute;.<\/div>\n<div><\/div>\n<div>Otro aspecto que se abord&oacute; en el encuentro fue la situaci&oacute;n del pago de la corresponsabilidad gremial, que fue prorrogada por las anteriores autoridades del Instituto Nacional de Vitivinicultura (INV). &ldquo;Estamos buscando un mecanismo que, sin dejar que los aportes lleguen a los beneficiarios, los productores puedan cumplir con su obligaci&oacute;n como patronal&rdquo;, coment&oacute; Vaqui&eacute;.<\/div>\n<div><\/div>\n<div>Hay que recordar que, a mediados del 2015, el INV acord&oacute; la extensi&oacute;n de los plazos de pago del Convenio de Corresponsabilidad Gremial a febrero de este a&ntilde;o y tambi&eacute;n ampli&oacute; el tiempo para adherir a la moratoria por deudas contra&iacute;das durante los ciclos 2012, 2013 y 2014. Seg&uacute;n estimaciones, la deuda de los productores y bodegueros alcanzar&iacute;a los $100 millones.<\/div>\n<div><\/div>\n<div>Por &uacute;ltimo, Vaqui&eacute; destac&oacute; que &ldquo;el acuerdo que se alcance no puede ser en detrimento de los ingresos de Soeva. Por eso, deberemos ser creativos para encontrar un mecanismo en el que podamos intervenir para resolver esta compleja situaci&oacute;n&rdquo;.<\/div>\n<div><\/div>\n<div dir=\"ltr\">Desde las organizaciones gremiales del sector afirman que unos 35 mil trabajadores ser&iacute;an los beneficiarios de las medidas que puedan acordarse.<\/div>\n<\/body><\/html>\n","protected":false},"excerpt":{"rendered":"El ministro de Econom\u00eda, Infraestructura y Energ\u00eda mantuvo un encuentro con Jorge Triaca para avanzar en beneficios a los trabajadores del sector y el pago de la corresponsabilidad gremial.\n","protected":false},"author":3,"featured_media":50259,"comment_status":"open","ping_status":"open","sticky":false,"template":"","format":"standard","meta":[],"categories":[1],"tags":[],"_links":{"self":[{"href":"https:\/\/www.mendoza.gov.ar\/prensa\/wp-json\/wp\/v2\/posts\/50251"}],"collection":[{"href":"https:\/\/www.mendoza.gov.ar\/prensa\/wp-json\/wp\/v2\/posts"}],"about":[{"href":"https:\/\/www.mendoza.gov.ar\/prensa\/wp-json\/wp\/v2\/types\/post"}],"author":[{"embeddable":true,"href":"https:\/\/www.mendoza.gov.ar\/prensa\/wp-json\/wp\/v2\/users\/3"}],"replies":[{"embeddable":true,"href":"https:\/\/www.mendoza.gov.ar\/prensa\/wp-json\/wp\/v2\/comments?post=50251"}],"version-history":[{"count":0,"href":"https:\/\/www.mendoza.gov.ar\/prensa\/wp-json\/wp\/v2\/posts\/50251\/revisions"}],"wp:featuredmedia":[{"embeddable":true,"href":"https:\/\/www.mendoza.gov.ar\/prensa\/wp-json\/wp\/v2\/media\/50259"}],"wp:attachment":[{"href":"https:\/\/www.mendoza.gov.ar\/prensa\/wp-json\/wp\/v2\/media?parent=50251"}],"wp:term":[{"taxonomy":"category","embeddable":true,"href":"https:\/\/www.mendoza.gov.ar\/prensa\/wp-json\/wp\/v2\/categories?post=50251"},{"taxonomy":"post_tag","embeddable":true,"href":"https:\/\/www.mendoza.gov.ar\/prensa\/wp-json\/wp\/v2\/tags?post=50251"}],"curies":[{"name":"wp","href":"https:\/\/api.w.org\/{rel}","templated":true}]}}