{"id":50265,"date":"2016-03-11T11:57:00","date_gmt":"2016-03-11T14:57:00","guid":{"rendered":"http:\/\/prensa.mendoza.gov.ar\/?p=50265"},"modified":"2016-03-11T11:57:00","modified_gmt":"2016-03-11T14:57:00","slug":"capacitaran-sobre-estrategias-de-comercializacion-a-la-union-fruticola-argentina","status":"publish","type":"post","link":"https:\/\/www.mendoza.gov.ar\/prensa\/capacitaran-sobre-estrategias-de-comercializacion-a-la-union-fruticola-argentina\/","title":{"rendered":"Capacitar\u00e1n sobre estrategias de comercializaci\u00f3n a la Uni\u00f3n Frut\u00edcola Argentina"},"content":{"rendered":"<!DOCTYPE html PUBLIC \"-\/\/W3C\/\/DTD HTML 4.0 Transitional\/\/EN\" \"http:\/\/www.w3.org\/TR\/REC-html40\/loose.dtd\">\n<html><body><div>El gerente general del Instituto de Desarrollo Comercial (IDC), Daniel Dimartino, se reuni&oacute; con el director de la Uni&oacute;n Frutihort&iacute;cola Argentina (UFHA), Omar Carrasco.<\/div>\n<div><\/div>\n<div>Dimartino se&ntilde;al&oacute;: &ldquo;Desde el IDC se est&aacute;n llevando a cabo varias reuniones con la intenci&oacute;n de abarcar distintas necesidades del comercio. Queremos que nuestro aporte profesional sea una herramienta que est&eacute; a mano de todo el sector en pos de incrementar sus ventas. Los mercados cooperativos reciben, a diario, a miles de personas. Trabajar conjuntamente, brindando capacitaciones, no s&oacute;lo a los due&ntilde;os sino tambi&eacute;n a los empleados, ser&aacute; un desaf&iacute;o para nuestro equipo&rdquo;.<\/div>\n<div><\/div>\n<div>Por su parte, Carrasco remarc&oacute; lo importante que ser&iacute;a para los comerciantes de los cinco&nbsp;mercados cooperativos de Mendoza contar con capacitaci&oacute;n que impulse sus ventas.<\/div>\n<div><\/div>\n<div>&ldquo;Entendemos que es un sector sumamente importante para la provincia, son la referencia de miles de comercios y supermercados de todo el pa&iacute;s. Que cuenten con mejores herramientas de comercializaci&oacute;n mejorar&aacute; sustancialmente la calidad de atenci&oacute;n y los vol&uacute;menes en sus ventas&rdquo;, sostuvo Carrasco.<\/div>\n<div><\/div>\n<div>El Instituto de Desarrollo Comercial,&nbsp;dependiente del Ministerio de Econom&iacute;a, Infraestructura y Energ&iacute;a, trabaja en distintos proyectos que tienen por objetivo impulsar el crecimiento del sector comercial de la provincia.<\/div>\n<div><\/div>\n<div><b>Sobre UFHA<\/b><\/div>\n<div><\/div>\n<div>UFHA (Uni&oacute;n Frutihort&iacute;cola Argentina) es una entidad nacional que representa a mercados mayoristas, organizaciones y cooperativas de la producci&oacute;n frutihort&iacute;cola de las provincias.<\/div>\n<div><\/div>\n<div>Adherida, a nivel Internacional, a la Federaci&oacute;n Latinoamericana de Mercados de Abasto (FLAMA), conformada por productores, comercializadores y trabajadores de la actividad, abierta a las econom&iacute;as regionales, tiene como objetivo el ordenamiento de la comercializaci&oacute;n frutihort&iacute;cola.<\/div>\n<div><\/div>\n<div><\/div>\n<\/body><\/html>\n","protected":false},"excerpt":{"rendered":"El gerente del IDC, Daniel Dimartino y Omar Carrasco, de la UFHA, acordaron trabajar en proyectos de capacitaci\u00f3n orientados a comerciantes y trabajadores de los 5 mercados cooperativos  de la provincia.","protected":false},"author":3,"featured_media":50266,"comment_status":"open","ping_status":"open","sticky":false,"template":"","format":"standard","meta":[],"categories":[1],"tags":[],"_links":{"self":[{"href":"https:\/\/www.mendoza.gov.ar\/prensa\/wp-json\/wp\/v2\/posts\/50265"}],"collection":[{"href":"https:\/\/www.mendoza.gov.ar\/prensa\/wp-json\/wp\/v2\/posts"}],"about":[{"href":"https:\/\/www.mendoza.gov.ar\/prensa\/wp-json\/wp\/v2\/types\/post"}],"author":[{"embeddable":true,"href":"https:\/\/www.mendoza.gov.ar\/prensa\/wp-json\/wp\/v2\/users\/3"}],"replies":[{"embeddable":true,"href":"https:\/\/www.mendoza.gov.ar\/prensa\/wp-json\/wp\/v2\/comments?post=50265"}],"version-history":[{"count":0,"href":"https:\/\/www.mendoza.gov.ar\/prensa\/wp-json\/wp\/v2\/posts\/50265\/revisions"}],"wp:featuredmedia":[{"embeddable":true,"href":"https:\/\/www.mendoza.gov.ar\/prensa\/wp-json\/wp\/v2\/media\/50266"}],"wp:attachment":[{"href":"https:\/\/www.mendoza.gov.ar\/prensa\/wp-json\/wp\/v2\/media?parent=50265"}],"wp:term":[{"taxonomy":"category","embeddable":true,"href":"https:\/\/www.mendoza.gov.ar\/prensa\/wp-json\/wp\/v2\/categories?post=50265"},{"taxonomy":"post_tag","embeddable":true,"href":"https:\/\/www.mendoza.gov.ar\/prensa\/wp-json\/wp\/v2\/tags?post=50265"}],"curies":[{"name":"wp","href":"https:\/\/api.w.org\/{rel}","templated":true}]}}