{"id":50281,"date":"2016-03-11T15:47:04","date_gmt":"2016-03-11T18:47:04","guid":{"rendered":"http:\/\/prensa.mendoza.gov.ar\/?p=50281"},"modified":"2016-03-11T15:47:04","modified_gmt":"2016-03-11T18:47:04","slug":"cornejo-inauguro-el-inicio-de-obra-de-avenida-san-martin-en-las-heras","status":"publish","type":"post","link":"https:\/\/www.mendoza.gov.ar\/prensa\/cornejo-inauguro-el-inicio-de-obra-de-avenida-san-martin-en-las-heras\/","title":{"rendered":"Cornejo inaugur\u00f3 el inicio de obra de avenida San Mart\u00edn en Las Heras"},"content":{"rendered":"<!DOCTYPE html PUBLIC \"-\/\/W3C\/\/DTD HTML 4.0 Transitional\/\/EN\" \"http:\/\/www.w3.org\/TR\/REC-html40\/loose.dtd\">\n<html><body><p>El gobernador Alfredo Cornejo, junto al ministro de Hacienda y Finanzas, Mart&iacute;n Kerchner, inauguraron esta ma&ntilde;ana el inicio de obras que se realizar&aacute; sobre la calle San Mart&iacute;n del departamento de Las Heras. El financiamiento se obtuvo de un subsidio enviado por la Naci&oacute;n que no requiere devoluci&oacute;n por parte de los vecinos como as&iacute; tampoco del Municipio y la Provincia.<\/p>\n<p>&ldquo;Se trata de un financiamiento in&eacute;dito, porque este subsidio no se devuelve. Esto no es usual y ha sido producto de la buena capacidad t&eacute;cnica de la gente del la UFI Nacional y Provincial, que ha logrado destrabar el proyecto desde el punto de vista t&eacute;cnico&rdquo;, aclar&oacute; Cornejo durante el acto que se realiz&oacute; sobre la esquina de San Mart&iacute;n y Balloffet de Las Heras.<\/p>\n<p>El Gobernador reconoci&oacute; la necesidad de esta obra, que durar&aacute; 12 meses y que contar&aacute; con una inversi&oacute;n de $27.913.816,62. &ldquo;Estas son se&ntilde;ales de que hay cosas que est&aacute;n mejorando. Necesitamos dinamizar el departamento, desde el punto de vista comercial y residencial pero fundamentalmente desde el punto de vista de servicios y para eso obras de este tipo son imprescindibles&rdquo;, se&ntilde;al&oacute; el Gobernador.<\/p>\n<p>Kerchner indic&oacute; que &ldquo;pese a que Mendoza sigue atravesando una crisis financiera y fiscal, el Gobierno est&aacute; en marcha. Esta obra es un claro ejemplo de que a&uacute;n as&iacute; podemos hacer cosas&rdquo;. Expres&oacute; que con este proyecto no s&oacute;lo se dar&aacute; soluci&oacute;n a los problemas de fluidez de tr&aacute;nsito, sino que adem&aacute;s beneficiar&aacute; a los frentistas con mejores accesos y a m&aacute;s de 1500 vecinos del departamento de Las Heras, con las obras de entubamiento aluvional que incluye la refacci&oacute;n de la arteria.<\/p>\n<p>En este sentido, inform&oacute;: &ldquo;Estamos trabajando en coordinaci&oacute;n con Comuna para salir del proceso de ca&iacute;da de la actividad econ&oacute;mica que impacta sobre todos. La obra trae no s&oacute;lo empleo a trav&eacute;s de la obra p&uacute;blica sino que tambi&eacute;n trae empleo en el mejoramiento sistem&aacute;tico de la actividad comercial de esta calle&rdquo;.<\/p>\n<p><strong>La obra<\/strong><\/p>\n<p>Con la remodelaci&oacute;n de la arteria quedar&aacute;n intervenidos 1,4 kil&oacute;metros, en los que se renovar&aacute; la calzada con pavimento articulado, renovaci&oacute;n que se complementar&aacute; con el entubamiento en hormig&oacute;n de los canales, aluvional (sector oeste)&nbsp; y de riego (sector este), que delimitan ambos bordes de la calzada, y con la renovaci&oacute;n de 3.241,5 metros de red de agua y de 2.964,4 metros de redes colectoras cloacales, con conexiones domiciliarias.<\/p>\n<p>La intervenci&oacute;n vial se complementa con el entubamiento y reconstrucci&oacute;n de 681,2 metros del canal aluvional, Moyano (sector oeste) y de 808,48 del canal de riego, Tajamar (sector este), obra que se ejecutar&aacute; en hormig&oacute;n armado H21, incluyendo la construcci&oacute;n de nichos para riego del arbolado.<\/p>\n<p><strong>Beneficiarios <\/strong><\/p>\n<ul>\n<li>800 habitantes frentistas de la obra, que ver&aacute;n mejoradas las condiciones de acceso a sus viviendas y de circulaci&oacute;n. 1.500 usuarios aproximados de los servicios de agua y cloacas, que se beneficiar&aacute;n de la modernizaci&oacute;n de las redes existentes, lo que asegurar&aacute; calidad en la prestaci&oacute;n futura del servicio, que ahora mismo no est&aacute; garantizada por la antig&uuml;edad de la infraestructura.<\/li>\n<li>300.000 veh&iacute;culos mensuales aproximados, cuyos usuarios ver&aacute;n optimizada la fluidez y ordenaci&oacute;n del tr&aacute;nsito por la Av. San Mart&iacute;n.<\/li>\n<\/ul>\n<ul>\n<li>35.000 habitantes de la Ciudad de Las Heras, que con la remodelaci&oacute;n de su principal arteria vial, ver&aacute;n incrementada la actividad comercial y de servicios que se concentra en la avenida San Mart&iacute;n.<\/li>\n<\/ul>\n<p>&nbsp;<\/p>\n<p>&nbsp;<\/p>\n<p>&nbsp;<\/p>\n<\/body><\/html>\n","protected":false},"excerpt":{"rendered":"Con financiamiento de la Naci\u00f3n, se remodelar\u00e1n 14 cuadras de la calle m\u00e1s importante que une los departamentos de Ciudad y Las Heras. ","protected":false},"author":3,"featured_media":50290,"comment_status":"open","ping_status":"open","sticky":false,"template":"","format":"standard","meta":[],"categories":[19],"tags":[],"_links":{"self":[{"href":"https:\/\/www.mendoza.gov.ar\/prensa\/wp-json\/wp\/v2\/posts\/50281"}],"collection":[{"href":"https:\/\/www.mendoza.gov.ar\/prensa\/wp-json\/wp\/v2\/posts"}],"about":[{"href":"https:\/\/www.mendoza.gov.ar\/prensa\/wp-json\/wp\/v2\/types\/post"}],"author":[{"embeddable":true,"href":"https:\/\/www.mendoza.gov.ar\/prensa\/wp-json\/wp\/v2\/users\/3"}],"replies":[{"embeddable":true,"href":"https:\/\/www.mendoza.gov.ar\/prensa\/wp-json\/wp\/v2\/comments?post=50281"}],"version-history":[{"count":0,"href":"https:\/\/www.mendoza.gov.ar\/prensa\/wp-json\/wp\/v2\/posts\/50281\/revisions"}],"wp:featuredmedia":[{"embeddable":true,"href":"https:\/\/www.mendoza.gov.ar\/prensa\/wp-json\/wp\/v2\/media\/50290"}],"wp:attachment":[{"href":"https:\/\/www.mendoza.gov.ar\/prensa\/wp-json\/wp\/v2\/media?parent=50281"}],"wp:term":[{"taxonomy":"category","embeddable":true,"href":"https:\/\/www.mendoza.gov.ar\/prensa\/wp-json\/wp\/v2\/categories?post=50281"},{"taxonomy":"post_tag","embeddable":true,"href":"https:\/\/www.mendoza.gov.ar\/prensa\/wp-json\/wp\/v2\/tags?post=50281"}],"curies":[{"name":"wp","href":"https:\/\/api.w.org\/{rel}","templated":true}]}}