{"id":50305,"date":"2016-03-11T16:29:33","date_gmt":"2016-03-11T19:29:33","guid":{"rendered":"http:\/\/prensa.mendoza.gov.ar\/?p=50305"},"modified":"2016-03-11T16:29:33","modified_gmt":"2016-03-11T19:29:33","slug":"aciar-se-reunio-con-productores-e-intendentes-del-este","status":"publish","type":"post","link":"https:\/\/www.mendoza.gov.ar\/prensa\/aciar-se-reunio-con-productores-e-intendentes-del-este\/","title":{"rendered":"Aciar se reuni\u00f3 con productores e intendentes del Este"},"content":{"rendered":"<!DOCTYPE html PUBLIC \"-\/\/W3C\/\/DTD HTML 4.0 Transitional\/\/EN\" \"http:\/\/www.w3.org\/TR\/REC-html40\/loose.dtd\">\n<html><body><p>De cara a una cosecha con una notable mejor&iacute;a en los precios de la uva y del vino, el titular de Agricultura, Alfredo Aciar, mantuvo un encuentro en San Mart&iacute;n con los intendentes de la zona y con entidades del sector.<\/p>\n<p>La reuni&oacute;n se desarroll&oacute; en la sede del Centro de Vi&ntilde;ateros y Bodegueros del Este. Asistieron el jefe comunal de San Mart&iacute;n, Jorge Gim&eacute;nez; el de Rivadavia, Miguel Ronco, y el de Jun&iacute;n, Mario Abed. Tambi&eacute;n participaron el presidente de la entidad anfitriona, Javier Palau, la titular la Asociaci&oacute;n de Productores del Oasis Este Mendocino (Aproem) y el diputado provincial Ricardo Manzur.<\/p>\n<p>&ldquo;Creo que la reuni&oacute;n fue positiva pese a que el Este ha sido una zona muy golpeada en los &uacute;ltimos cinco a&ntilde;os por los vaivenes de la vitivinicultura y, en estos tres meses de gesti&oacute;n, por los fen&oacute;menos clim&aacute;ticos&rdquo;, comenz&oacute; Aciar.<\/p>\n<p>Respecto de&nbsp;la agenda de temas, el subsecretario afirm&oacute;: &ldquo;Las entidades nos plantearon reducir el porcentaje de mosto en el acuerdo con San Juan, en virtud de los buenos precios con los que se comercializan las uvas&rdquo;. El funcionario sostuvo que esa posibilidad &ldquo;es dif&iacute;cil pero la vamos a conversar, ya que el documento est&aacute; consensuado&rdquo;.<\/p>\n<p>Sobre este punto, Aciar record&oacute; que el acuerdo con San Juan tiene una cl&aacute;usula para que aquellos productores que hayan perdido, debido a los fen&oacute;menos clim&aacute;ticos, por arriba del 50% de la producci&oacute;n sean eximidos de la obligatoriedad de elaborar mosto.<\/p>\n<p>Tambi&eacute;n se dialog&oacute; sobre la necesidad de reconversi&oacute;n vitivin&iacute;cola en la zona Este. &ldquo;Hay que avanzar para que los productores encuentren un mercado. Para esa tarea vamos a trabajar terminada la cosecha. Queremos que a nuestros productores les vaya bien y sacarlos del c&iacute;rculo vicioso del que est&aacute;n hace varios a&ntilde;os&rdquo;, finaliz&oacute; Aciar.<\/p>\n<p>Respecto del operativo de compra de vino blanco gen&eacute;rico, el subsecretario dijo: &ldquo;Recibimos inter&eacute;s de m&aacute;s de 100 peque&ntilde;os productores del Este, y si el Instituto Nacional de Vitivinicultura certifica el vino, lo compraremos a un precio que casi duplica el que ten&iacute;a el producto al inicio del a&ntilde;o&rdquo;.<\/p>\n<p>Por &uacute;ltimo, Aciar inform&oacute; que hace dos semanas finaliz&oacute; el operativo de pago del Fondo Solidario Agr&iacute;cola de la temporada. &ldquo;Con las gestiones que iniciamos apenas comenzamos nuestro mandato, cumplimos con unos 120 productores de la zona y aunque se trataba de una deuda recibida, abonamos $14 millones, de los cuales 80% se qued&oacute; en el Este&rdquo;, concluy&oacute;.<\/p>\n<\/body><\/html>\n","protected":false},"excerpt":{"rendered":"El subsecretario de Agricultura ofreci\u00f3 detalles sobre el operativo de compra de vino blanco gen\u00e9rico,  el acuerdo Mendoza-San Juan y el plan de reconversi\u00f3n de uvas.","protected":false},"author":3,"featured_media":0,"comment_status":"open","ping_status":"open","sticky":false,"template":"","format":"standard","meta":[],"categories":[1],"tags":[],"_links":{"self":[{"href":"https:\/\/www.mendoza.gov.ar\/prensa\/wp-json\/wp\/v2\/posts\/50305"}],"collection":[{"href":"https:\/\/www.mendoza.gov.ar\/prensa\/wp-json\/wp\/v2\/posts"}],"about":[{"href":"https:\/\/www.mendoza.gov.ar\/prensa\/wp-json\/wp\/v2\/types\/post"}],"author":[{"embeddable":true,"href":"https:\/\/www.mendoza.gov.ar\/prensa\/wp-json\/wp\/v2\/users\/3"}],"replies":[{"embeddable":true,"href":"https:\/\/www.mendoza.gov.ar\/prensa\/wp-json\/wp\/v2\/comments?post=50305"}],"version-history":[{"count":0,"href":"https:\/\/www.mendoza.gov.ar\/prensa\/wp-json\/wp\/v2\/posts\/50305\/revisions"}],"wp:attachment":[{"href":"https:\/\/www.mendoza.gov.ar\/prensa\/wp-json\/wp\/v2\/media?parent=50305"}],"wp:term":[{"taxonomy":"category","embeddable":true,"href":"https:\/\/www.mendoza.gov.ar\/prensa\/wp-json\/wp\/v2\/categories?post=50305"},{"taxonomy":"post_tag","embeddable":true,"href":"https:\/\/www.mendoza.gov.ar\/prensa\/wp-json\/wp\/v2\/tags?post=50305"}],"curies":[{"name":"wp","href":"https:\/\/api.w.org\/{rel}","templated":true}]}}