{"id":50317,"date":"2016-03-11T16:58:32","date_gmt":"2016-03-11T19:58:32","guid":{"rendered":"http:\/\/prensa.mendoza.gov.ar\/?p=50317"},"modified":"2016-03-11T16:58:32","modified_gmt":"2016-03-11T19:58:32","slug":"promendoza-impulsara-exportaciones-de-nuevos-sectores","status":"publish","type":"post","link":"https:\/\/www.mendoza.gov.ar\/prensa\/promendoza-impulsara-exportaciones-de-nuevos-sectores\/","title":{"rendered":"Pro Mendoza impulsar\u00e1 exportaciones de nuevos sectores"},"content":{"rendered":"<!DOCTYPE html PUBLIC \"-\/\/W3C\/\/DTD HTML 4.0 Transitional\/\/EN\" \"http:\/\/www.w3.org\/TR\/REC-html40\/loose.dtd\">\n<html><body><p>El presidente de la Fundaci&oacute;n Pro Mendoza, Gabriel Fidel, disert&oacute; hoy sobre &ldquo;Los nuevos desaf&iacute;os para la inserci&oacute;n de Mendoza en el mundo&rdquo;. Fue en el Consejo Profesional de Ciencias Econ&oacute;micas ante un p&uacute;blico muy interesado en la internacionalizaci&oacute;n de Mendoza.<\/p>\n<p>Gabriel Fidel asegur&oacute; que los desaf&iacute;os para Mendoza son &ldquo;defender productores y peque&ntilde;as empresas y que Pro Mendoza sea el nexo para la firma de acuerdos y asociaciones estrat&eacute;gicas&rdquo;. Adem&aacute;s, plante&oacute; &ldquo;utilizar al Parlasur como un espacio para lograr intercambio comercial entre los pa&iacute;ses y negociar como bloque; crear programas de fortalecimiento e integraci&oacute;n de las pymes,&nbsp;diversificar la matriz exportadora, promocionar a Mendoza como polo log&iacute;stico y articular con Canciller&iacute;a la estrategia nacional&rdquo;.<\/p>\n<p>Pro Mendoza trabajar&aacute; en la promoci&oacute;n comercial &ldquo;poniendo &eacute;nfasis en la expansi&oacute;n y el aumento de las exportaciones&rdquo;, en la incorporaci&oacute;n de nuevos exportadores y en dotar de mayor protagonismo a los nuevos sectores en la estrategia exportadora de Mendoza: metalmec&aacute;nica, inform&aacute;tica, industrias creativas, audiovisuales y otros sectores de servicios. &ldquo;Todo esto, sin olvidar las exportaciones tradicionales de ajo, fruta, vinos, entre otros&rdquo;, dijo Fidel.<\/p>\n<p>El funcionario asegur&oacute; que la Provincia participar&aacute; en acuerdos o negociaciones internacionales. &nbsp;&ldquo;Mendoza no puede estar afuera de los acuerdos que encara Argentina proyect&aacute;ndose al mundo. Mendoza debe ser protagonista en las relaciones internacionales con la Uni&oacute;n Europea, la Alianza del Pac&iacute;fico y tratados con los pa&iacute;ses de Asia&rdquo;, afirm&oacute;.<\/p>\n<p>Por &uacute;ltimo, Fidel destac&oacute; que trabajar&aacute; con la planta actual de la Fundaci&oacute;n Pro Mendoza, ya que &ldquo;posee un equipo t&eacute;cnico muy bueno, muy s&oacute;lido, queremos que tenga un gran protagonismo y ayude a la provincia en las acciones de expansi&oacute;n&rdquo;.<\/p>\n<\/body><\/html>\n","protected":false},"excerpt":{"rendered":"Lo asegur\u00f3 el presidente de la entidad, Gabriel Fidel, en una conferencia que ofreci\u00f3 en el Consejo Profesional de Ciencias Econ\u00f3micas.","protected":false},"author":3,"featured_media":50319,"comment_status":"open","ping_status":"open","sticky":false,"template":"","format":"standard","meta":[],"categories":[1],"tags":[],"_links":{"self":[{"href":"https:\/\/www.mendoza.gov.ar\/prensa\/wp-json\/wp\/v2\/posts\/50317"}],"collection":[{"href":"https:\/\/www.mendoza.gov.ar\/prensa\/wp-json\/wp\/v2\/posts"}],"about":[{"href":"https:\/\/www.mendoza.gov.ar\/prensa\/wp-json\/wp\/v2\/types\/post"}],"author":[{"embeddable":true,"href":"https:\/\/www.mendoza.gov.ar\/prensa\/wp-json\/wp\/v2\/users\/3"}],"replies":[{"embeddable":true,"href":"https:\/\/www.mendoza.gov.ar\/prensa\/wp-json\/wp\/v2\/comments?post=50317"}],"version-history":[{"count":0,"href":"https:\/\/www.mendoza.gov.ar\/prensa\/wp-json\/wp\/v2\/posts\/50317\/revisions"}],"wp:featuredmedia":[{"embeddable":true,"href":"https:\/\/www.mendoza.gov.ar\/prensa\/wp-json\/wp\/v2\/media\/50319"}],"wp:attachment":[{"href":"https:\/\/www.mendoza.gov.ar\/prensa\/wp-json\/wp\/v2\/media?parent=50317"}],"wp:term":[{"taxonomy":"category","embeddable":true,"href":"https:\/\/www.mendoza.gov.ar\/prensa\/wp-json\/wp\/v2\/categories?post=50317"},{"taxonomy":"post_tag","embeddable":true,"href":"https:\/\/www.mendoza.gov.ar\/prensa\/wp-json\/wp\/v2\/tags?post=50317"}],"curies":[{"name":"wp","href":"https:\/\/api.w.org\/{rel}","templated":true}]}}