{"id":50430,"date":"2016-03-14T15:48:09","date_gmt":"2016-03-14T18:48:09","guid":{"rendered":"http:\/\/prensa.mendoza.gov.ar\/?p=50430"},"modified":"2016-03-14T15:48:09","modified_gmt":"2016-03-14T18:48:09","slug":"declaran-la-emergencia-ambiental-en-el-zoologico-2","status":"publish","type":"post","link":"https:\/\/www.mendoza.gov.ar\/prensa\/declaran-la-emergencia-ambiental-en-el-zoologico-2\/","title":{"rendered":"Declaran la emergencia ambiental en el Zool\u00f3gico"},"content":{"rendered":"<!DOCTYPE html PUBLIC \"-\/\/W3C\/\/DTD HTML 4.0 Transitional\/\/EN\" \"http:\/\/www.w3.org\/TR\/REC-html40\/loose.dtd\">\n<html><body><p>La directora del Zool&oacute;gico de Mendoza, Mariana Caram, brind&oacute; una conferencia de prensa en el paseo, luego de que se declar&oacute; la emergencia ambiental en el Zoo. Fue a trav&eacute;s del Decreto N&ordm;174, publicado en el Bolet&iacute;n Oficial, donde se comunic&oacute; la medida, que responde a la necesidad de&nbsp;garantizar las condiciones b&aacute;sicas de bienestar de los animales. El decreto contempla la asignaci&oacute;n de una partida presupuestaria de $2.350.000.<\/p>\n<p>Mariana&nbsp;Caram indic&oacute; que &ldquo;el estado de emergencia no afecta al p&uacute;blico, es s&oacute;lo para poder realizar trabajos internos que mejorar&aacute;n las condiciones en las que viven los animales&rdquo;. Se&ntilde;al&oacute;&nbsp;adem&aacute;s que la declaraci&oacute;n tiene vigencia &ldquo;hasta el 31 de julio de este a&ntilde;o y servir&aacute; para atender las urgencias del Zoo, como las que detectamos a principios de diciembre, adem&aacute;s de cubrir necesidades b&aacute;sicas de alimentos, mejorando su&nbsp;calidad y la&nbsp;del agua, como tambi&eacute;n para realizar reparaciones varias necesarias en el recinto&rdquo;.<\/p>\n<p>La directora se&ntilde;al&oacute; que es precisa&nbsp;&ldquo;esta inyecci&oacute;n econ&oacute;mica para paliar los &uacute;ltimos 20 a&ntilde;os de falta de inversiones en este lugar&rdquo;. Y agreg&oacute;&nbsp;que&nbsp;&ldquo;el estado en el que est&aacute;n los recintos y&nbsp;los animales demuestra que hoy no existen&nbsp;las condiciones que hoy se reconocen como m&iacute;nimas para asegurarles un determinado bienestar&rdquo;.<\/p>\n<p>Finalmente, la funcionaria asegur&oacute; que ya se est&aacute; &ldquo;trabajando activamente en el desarrollo de un nuevo protocolo de certificaci&oacute;n de calidad de alimentos que incluye buenas pr&aacute;cticas agr&iacute;colas y el manejo de agroqu&iacute;micos. Hemos avanzado bastante para asegurarnos que la calidad de alimentos,que lleguen a futuro tengan cobertura&nbsp; en cuanto a certificaci&oacute;n mucho m&aacute;s grande que la que tenemos&rdquo;.<\/p>\n<p><strong>El decreto<\/strong><\/p>\n<p>La asignaci&oacute;n presupuestaria se utilizar&aacute; para:<\/p>\n<ul>\n<li>Continuar con las investigaciones sobre la muerte de los 17 animales ocurridas entre el 21 de diciembre de 2015 y el 25 de enero de 2016.<\/li>\n<li>Descubrir su causa y abordarla en forma inmediata para evitar nuevas p&eacute;rdidas.<\/li>\n<li>Afrontar definitivamente la necesidad de cambiar de proveedor de heno de alfalfa.<\/li>\n<li>Asegurar la disponibilidad de medicamentos para asistir a los animales.<\/li>\n<li>Garantizar la calidad del agua provista a los animales del predio, para beber y en piletas.<\/li>\n<li>Asegurar las condiciones m&iacute;nimas e indispensables en infraestructura y equipamiento.<\/li>\n<li>Incrementar controles diurnos y nocturnos, con el fin de garantizar las tareas de limpieza en paseo, recintos y seguridad.<\/li>\n<\/ul>\n<p>&nbsp;<\/p>\n<\/body><\/html>\n","protected":false},"excerpt":{"rendered":"Ser\u00e1 hasta el 31 de julio de este a\u00f1o y servir\u00e1 para garantizar las condiciones b\u00e1sicas de bienestar de los animales. La medida no afecta la atenci\u00f3n al p\u00fablico.","protected":false},"author":3,"featured_media":50455,"comment_status":"open","ping_status":"open","sticky":false,"template":"","format":"standard","meta":[],"categories":[3],"tags":[],"_links":{"self":[{"href":"https:\/\/www.mendoza.gov.ar\/prensa\/wp-json\/wp\/v2\/posts\/50430"}],"collection":[{"href":"https:\/\/www.mendoza.gov.ar\/prensa\/wp-json\/wp\/v2\/posts"}],"about":[{"href":"https:\/\/www.mendoza.gov.ar\/prensa\/wp-json\/wp\/v2\/types\/post"}],"author":[{"embeddable":true,"href":"https:\/\/www.mendoza.gov.ar\/prensa\/wp-json\/wp\/v2\/users\/3"}],"replies":[{"embeddable":true,"href":"https:\/\/www.mendoza.gov.ar\/prensa\/wp-json\/wp\/v2\/comments?post=50430"}],"version-history":[{"count":0,"href":"https:\/\/www.mendoza.gov.ar\/prensa\/wp-json\/wp\/v2\/posts\/50430\/revisions"}],"wp:featuredmedia":[{"embeddable":true,"href":"https:\/\/www.mendoza.gov.ar\/prensa\/wp-json\/wp\/v2\/media\/50455"}],"wp:attachment":[{"href":"https:\/\/www.mendoza.gov.ar\/prensa\/wp-json\/wp\/v2\/media?parent=50430"}],"wp:term":[{"taxonomy":"category","embeddable":true,"href":"https:\/\/www.mendoza.gov.ar\/prensa\/wp-json\/wp\/v2\/categories?post=50430"},{"taxonomy":"post_tag","embeddable":true,"href":"https:\/\/www.mendoza.gov.ar\/prensa\/wp-json\/wp\/v2\/tags?post=50430"}],"curies":[{"name":"wp","href":"https:\/\/api.w.org\/{rel}","templated":true}]}}