{"id":50446,"date":"2016-03-14T14:52:18","date_gmt":"2016-03-14T17:52:18","guid":{"rendered":"http:\/\/prensa.mendoza.gov.ar\/?p=50446"},"modified":"2016-03-14T14:52:18","modified_gmt":"2016-03-14T17:52:18","slug":"tecnicos-brasilenos-auditan-sistema-para-exportar-peras-y-manzanas","status":"publish","type":"post","link":"https:\/\/www.mendoza.gov.ar\/prensa\/tecnicos-brasilenos-auditan-sistema-para-exportar-peras-y-manzanas\/","title":{"rendered":"T\u00e9cnicos brasile\u00f1os auditan sistema para exportar peras y manzanas"},"content":{"rendered":"<!DOCTYPE html PUBLIC \"-\/\/W3C\/\/DTD HTML 4.0 Transitional\/\/EN\" \"http:\/\/www.w3.org\/TR\/REC-html40\/loose.dtd\">\n<html><body><p>Con el objetivo de realizar una auditor&iacute;a al programa de exportaci&oacute;n de manzanas, peras y membrillos de Argentina, un contingente de funcionarios brasile&ntilde;os se reunieron con autoridades locales y t&eacute;cnicos del Iscamen, Senasa&nbsp;y de la Asociaci&oacute;n de Productores y Exportadores de Fruta Fresca de Mendoza (ASPEFF). En el encuentro se presentaron las actividades operativas regionales vinculadas al programa y se acordaron los puntos y metodolog&iacute;a a emplearse durante la auditor&iacute;a.<\/p>\n<p>Durante esta tarde y hasta el pr&oacute;ximo jueves, los brasile&ntilde;os visitar&aacute;n establecimientos empacadores de fruta de General Alvear y fincas del oasis Sur para interiorizarse del trabajo de&nbsp;mitigaci&oacute;n de la plaga carpocapsa.<\/p>\n<p>El programa que seguir&aacute; la delegaci&oacute;n de t&eacute;cnicos prev&eacute; la recorrida, el mi&eacute;rcoles y el jueves, de fincas inscriptas y galpones de empaque en los departamentos del Valle de Uco y del oasis Norte.<\/p>\n<p>La carpocapsa es una plaga end&eacute;mica de la provincia de Mendoza y su&nbsp;control se basa en la aplicaci&oacute;n conjunta de los productores en el momento oportuno. Para ello, el Iscamen,&nbsp;a trav&eacute;s de un extensa red de monitoreo, trabaja en la prevenci&oacute;n y mitigaci&oacute;n con el objetivo de que la plaga no afecte a los productos locales.<\/p>\n<p>El combate con la carpocapsa se inici&oacute; luego de los rechazos&nbsp;de&nbsp;Brasil&nbsp;a la&nbsp;fruta de pepita de procedencia argentina. Por ello, en&nbsp;2002 surge la necesidad de implementar un sistema que le brinde a Brasil la confianza suficiente de que la fruta importada desde Argentina no contenga larvas de carpocapsa que puedan comprometer su propio&nbsp;programa de lucha contra esta plaga.<\/p>\n<p>A partir de entonces, las exportaciones argentinas de fruta de pepita (manzana, pera y membrillo) a Brasil deben realizarse bajo un sistema de certificaci&oacute;n que contempla controles desde el campo hasta el despacho y seguimiento de los productos. Este procedimiento conforma el denominado Sistema de Mitigaci&oacute;n de Riesgos o SMR.<\/p>\n<\/body><\/html>\n","protected":false},"excerpt":{"rendered":"El subsecretario de Agricultura, Alfredo Aciar, y el presidente de Iscamen, Ra\u00fal Mill\u00e1n, recibieron la visita de t\u00e9cnicos del Departamento de Sanidad Vegetal de Brasil. Recorrer\u00e1n empacadoras y fincas de toda la provincia.","protected":false},"author":3,"featured_media":50447,"comment_status":"open","ping_status":"open","sticky":false,"template":"","format":"standard","meta":[],"categories":[1],"tags":[],"_links":{"self":[{"href":"https:\/\/www.mendoza.gov.ar\/prensa\/wp-json\/wp\/v2\/posts\/50446"}],"collection":[{"href":"https:\/\/www.mendoza.gov.ar\/prensa\/wp-json\/wp\/v2\/posts"}],"about":[{"href":"https:\/\/www.mendoza.gov.ar\/prensa\/wp-json\/wp\/v2\/types\/post"}],"author":[{"embeddable":true,"href":"https:\/\/www.mendoza.gov.ar\/prensa\/wp-json\/wp\/v2\/users\/3"}],"replies":[{"embeddable":true,"href":"https:\/\/www.mendoza.gov.ar\/prensa\/wp-json\/wp\/v2\/comments?post=50446"}],"version-history":[{"count":0,"href":"https:\/\/www.mendoza.gov.ar\/prensa\/wp-json\/wp\/v2\/posts\/50446\/revisions"}],"wp:featuredmedia":[{"embeddable":true,"href":"https:\/\/www.mendoza.gov.ar\/prensa\/wp-json\/wp\/v2\/media\/50447"}],"wp:attachment":[{"href":"https:\/\/www.mendoza.gov.ar\/prensa\/wp-json\/wp\/v2\/media?parent=50446"}],"wp:term":[{"taxonomy":"category","embeddable":true,"href":"https:\/\/www.mendoza.gov.ar\/prensa\/wp-json\/wp\/v2\/categories?post=50446"},{"taxonomy":"post_tag","embeddable":true,"href":"https:\/\/www.mendoza.gov.ar\/prensa\/wp-json\/wp\/v2\/tags?post=50446"}],"curies":[{"name":"wp","href":"https:\/\/api.w.org\/{rel}","templated":true}]}}