{"id":50518,"date":"2016-03-15T16:48:13","date_gmt":"2016-03-15T19:48:13","guid":{"rendered":"http:\/\/prensa.mendoza.gov.ar\/?p=50518"},"modified":"2016-03-15T16:48:13","modified_gmt":"2016-03-15T19:48:13","slug":"crean-por-ley-el-ente-mendoza-turismo","status":"publish","type":"post","link":"https:\/\/www.mendoza.gov.ar\/prensa\/crean-por-ley-el-ente-mendoza-turismo\/","title":{"rendered":"Crean por ley el Ente Mendoza Turismo"},"content":{"rendered":"<!DOCTYPE html PUBLIC \"-\/\/W3C\/\/DTD HTML 4.0 Transitional\/\/EN\" \"http:\/\/www.w3.org\/TR\/REC-html40\/loose.dtd\">\n<html><body><div class=\"ecxgmail_default\">La C&aacute;mara de Senadores aprob&oacute; esta ma&ntilde;ana el proyecto de ley, enviado por el Poder Ejecutivo, que declara al turismo como industria de inter&eacute;s provincial y como actividad prioritaria dentro de las pol&iacute;ticas de Estado por su funci&oacute;n socioecon&oacute;mica, estrat&eacute;gica y esencial para el desarrollo de la provincia. El Ente Mendoza Turismo (Emetur) tendr&aacute; personer&iacute;a jur&iacute;dica y estar&aacute; vinculado al Ministerio de Econom&iacute;a, Infraestructura y Energ&iacute;a. Actuar&aacute; como entidad aut&aacute;rquica y descentralizada en el orden administrativo, t&eacute;cnico y financiero; contar&aacute; con patrimonio propio y capacidad para actuar en el &aacute;mbito del derecho p&uacute;blico y privado. Entre las funciones que llevar&aacute; a cabo el Emetur y&nbsp;que &nbsp;la nueva ley establece se destacan la formulaci&oacute;n, planificaci&oacute;n y ejecuci&oacute;n de las pol&iacute;ticas tur&iacute;sticas de la provincia, con el asesoramiento de los sectores p&uacute;blicos y privados vinculados a la actividad.La entidad, adem&aacute;s, reglamentar&aacute;, categorizar&aacute; y participar&aacute; en la habilitaci&oacute;n de los servicios y prestadores tur&iacute;sticos, conforme la normativa vigente en cada caso.\n<p>La iniciativa estipula la creaci&oacute;n de un Fondo de Promoci&oacute;n Tur&iacute;stica de la provincia de Mendoza, que estar&aacute; formado por el 0,5% de la recaudaci&oacute;n total del impuesto sobre los Ingresos Brutos. Ser&aacute; distribuido de la siguiente manera: setenta y cinco por ciento para el desarrollo y promoci&oacute;n tur&iacute;stica provincial y el veinticinco se distribuir&aacute; entre los municipios en acuerdo con el Consejo Asesor de Municipalidades.<\/p>\n<p>Por otra parte, se crear&aacute; el Registro de Prestadores de Servicio Tur&iacute;sticos, en el que se inscribir&aacute;n todas las personas f&iacute;sicas o jur&iacute;dicas que se dediquen a las actividades reglamentadas y controladas por el organismo.<\/p>\n<p>Uno de los puntos principales del proyecto est&aacute; relacionado con&nbsp;la creaci&oacute;n de un Consejo Consultivo de la Actividad Privada, que estar&aacute; compuesto de ocho a doce representantes de las instituciones tur&iacute;sticas provinciales del sector privado que tengan personer&iacute;a jur&iacute;dica.<\/p>\n<p>La presidencia del consejo estar&aacute; a cargo del titular del Emetur, o quien lo represente, y podr&aacute; participar en las reuniones de ese&nbsp;consejo asistido por tres asesores honorarios que representen: uno a las instituciones acad&eacute;micas con carreras tur&iacute;sticas; otro, a la asociaci&oacute;n o colegio de profesionales titulados en la materia, y un tercero, a los sindicatos con representaci&oacute;n y personer&iacute;a gremial de la actividad en el sector.<\/p>\n<p><strong>El debate legislativo<\/strong><\/p>\n<p>Durante su tratamiento, el senador Marcelo Rubio brind&oacute; detalles acerca de la reuni&oacute;n plenaria que se realiz&oacute; ayer entre las comisiones de Hacienda, Legislaci&oacute;n&nbsp; y Turismo. Adem&aacute;s, explic&oacute; los alcances que va a tener el ente, destac&oacute; su creaci&oacute;n como organismo&nbsp;aut&aacute;rquico y descentralizado y explic&oacute; de qu&eacute; manera va a funcionar el Consejo Consultivo que estipula el proyecto de ley.<\/p>\n<p>Por su parte, Luis B&ouml;hm afirm&oacute; que &nbsp;desde el bloque del FPV acompa&ntilde;an el proyecto, en tanto que mostr&oacute; su oposici&oacute;n al art&iacute;culo 11 de la normativa. &ldquo;Las c&aacute;maras de turismo est&aacute;n de acuerdo con esta iniciativa, pero est&aacute;n en desacuerdo con que no hayan sido consultadas para la realizaci&oacute;n del mismo, la mayor&iacute;a de ellos manifestaron que se enteraron por los diarios de la aprobaci&oacute;n de Diputados&rdquo;, dijo.<\/p>\n<p>Por otro lado, la senadora Noelia Barbeito, del FIT, indic&oacute; que su bancada iba a votar en contra de la iniciativa, ya que &ldquo;beneficia s&oacute;lo a un sector de la poblaci&oacute;n y a nuestro parecer este debe ser m&aacute;s inclusivo&rdquo;.<\/p>\n<p>&nbsp;<\/p>\n<\/div>\n<\/body><\/html>\n","protected":false},"excerpt":{"rendered":"Desde ahora, el Ente Mendoza Turismo (Emetur) tendr\u00e1 personer\u00eda jur\u00eddica de derecho p\u00fablico y estar\u00e1 vinculado al Ministerio de Econom\u00eda, Infraestructura y Energ\u00eda.","protected":false},"author":3,"featured_media":50532,"comment_status":"open","ping_status":"open","sticky":false,"template":"","format":"standard","meta":[],"categories":[1],"tags":[],"_links":{"self":[{"href":"https:\/\/www.mendoza.gov.ar\/prensa\/wp-json\/wp\/v2\/posts\/50518"}],"collection":[{"href":"https:\/\/www.mendoza.gov.ar\/prensa\/wp-json\/wp\/v2\/posts"}],"about":[{"href":"https:\/\/www.mendoza.gov.ar\/prensa\/wp-json\/wp\/v2\/types\/post"}],"author":[{"embeddable":true,"href":"https:\/\/www.mendoza.gov.ar\/prensa\/wp-json\/wp\/v2\/users\/3"}],"replies":[{"embeddable":true,"href":"https:\/\/www.mendoza.gov.ar\/prensa\/wp-json\/wp\/v2\/comments?post=50518"}],"version-history":[{"count":0,"href":"https:\/\/www.mendoza.gov.ar\/prensa\/wp-json\/wp\/v2\/posts\/50518\/revisions"}],"wp:featuredmedia":[{"embeddable":true,"href":"https:\/\/www.mendoza.gov.ar\/prensa\/wp-json\/wp\/v2\/media\/50532"}],"wp:attachment":[{"href":"https:\/\/www.mendoza.gov.ar\/prensa\/wp-json\/wp\/v2\/media?parent=50518"}],"wp:term":[{"taxonomy":"category","embeddable":true,"href":"https:\/\/www.mendoza.gov.ar\/prensa\/wp-json\/wp\/v2\/categories?post=50518"},{"taxonomy":"post_tag","embeddable":true,"href":"https:\/\/www.mendoza.gov.ar\/prensa\/wp-json\/wp\/v2\/tags?post=50518"}],"curies":[{"name":"wp","href":"https:\/\/api.w.org\/{rel}","templated":true}]}}