{"id":50601,"date":"2016-03-16T17:09:32","date_gmt":"2016-03-16T20:09:32","guid":{"rendered":"http:\/\/prensa.mendoza.gov.ar\/?p=50601"},"modified":"2016-03-16T17:09:32","modified_gmt":"2016-03-16T20:09:32","slug":"mendoza-recibio-autoridades-del-ministerio-de-produccion-de-la-nacion","status":"publish","type":"post","link":"https:\/\/www.mendoza.gov.ar\/prensa\/mendoza-recibio-autoridades-del-ministerio-de-produccion-de-la-nacion\/","title":{"rendered":"Mendoza recibi\u00f3 autoridades del Ministerio de Producci\u00f3n de la Naci\u00f3n"},"content":{"rendered":"<!DOCTYPE html PUBLIC \"-\/\/W3C\/\/DTD HTML 4.0 Transitional\/\/EN\" \"http:\/\/www.w3.org\/TR\/REC-html40\/loose.dtd\">\n<html><body><p>El subsecretario de Industria y Comercio, Guillermo Cruz, y &nbsp;los directores de Desarrollo Tecnol&oacute;gico y Empleo, Lorenzo Nievas, y de Innovaci&oacute;n y Desarrollo Sostenible, Guillermo Navarro, presentaron el panorama del sector productivo, industrial y energ&eacute;tico de Mendoza adem&aacute;s de plantear algunas de sus necesidades y potenciales soluciones. Fue ante los representantes del Ministerio de Producci&oacute;n de la Naci&oacute;n,&nbsp;Gustavo Pereo e Ignacio Anselmi, que llegaron a la provincia para avanzar en&nbsp;una agenda de trabajo com&uacute;n sobre distintas tem&aacute;ticas.<\/p>\n<p>En el encuentro, los funcionarios provinciales hicieron hincapi&eacute; en la necesidad de realizar obras de infraestructura que mejoren el sector productivo, como tambi&eacute;n la incorporaci&oacute;n de tecnolog&iacute;a para que, por ejemplo, se haga un uso m&aacute;s eficiente del recurso h&iacute;drico y se logre la mitigaci&oacute;n de los da&ntilde;os producidos por fen&oacute;menos clim&aacute;ticos.<\/p>\n<p>Otro tema planteado tuvo que ver con la necesidad de desarrollo de las energ&iacute;as renovables, lo que no s&oacute;lo diversificar&iacute;a la matriz productiva local sino que posicionar&iacute;a a Mendoza como polo energ&eacute;tico y bioenerg&eacute;tico a nivel nacional.<\/p>\n<p>Hay que recordar que, dos semanas atr&aacute;s, los mismos funcionarios locales viajaron a Buenos Aires y se reunieron con los representantes del Ministerio de Producci&oacute;n, de Ambiente y de Trabajo para comenzar a coordinar una agenda de trabajo. Adem&aacute;s, durante esta semana, llegar&aacute;n a la provincia representantes de distintas reparticiones del Gobierno nacional para continuar con la&nbsp;agenda de trabajo iniciada hace unos d&iacute;as en Buenos Aires.<\/p>\n<p>El cronograma tentativo de visitas que continuar&aacute;n esta semana en Mendoza ser&aacute;:<\/p>\n<p>Ma&ntilde;ana jueves, la jornada de trabajo ser&aacute; en la UNCuyo. Luego, las autoridades nacionales visitar&aacute;n la empresa incubada Energe SA y el Mendoza TIC Parque Tecnol&oacute;gico y tambi&eacute;n participar&aacute;n de un evento denominado Desarrollo Emprendedor.<\/p>\n<p>Por &uacute;ltimo, el viernes, con la presencia de Mariano Meyer, secretario de Emprendedores de la Peque&ntilde;a y Mediana Empresa y su equipo, se desarrollar&aacute; el 13&ordm; Encuentro Consejo Consultivo Emprendedor. Luego, Mayer ser&aacute; parte de una reuni&oacute;n con los directores de Desarrollo Econ&oacute;mico de los municipios y con emprendedores de los diferentes sectores de la provincia.<\/p>\n<\/body><\/html>\n","protected":false},"excerpt":{"rendered":"Miembros del Ministerio de Econom\u00eda, Infraestructura y Energ\u00eda recibieron a Gustavo Pereo e Ignacio Anselmi, del Ministerio de Producci\u00f3n de la Naci\u00f3n. Analizan nuevas obras de infraestructura e incorporaci\u00f3n de tecnolog\u00eda.\n\n","protected":false},"author":3,"featured_media":0,"comment_status":"open","ping_status":"open","sticky":false,"template":"","format":"standard","meta":[],"categories":[1],"tags":[],"_links":{"self":[{"href":"https:\/\/www.mendoza.gov.ar\/prensa\/wp-json\/wp\/v2\/posts\/50601"}],"collection":[{"href":"https:\/\/www.mendoza.gov.ar\/prensa\/wp-json\/wp\/v2\/posts"}],"about":[{"href":"https:\/\/www.mendoza.gov.ar\/prensa\/wp-json\/wp\/v2\/types\/post"}],"author":[{"embeddable":true,"href":"https:\/\/www.mendoza.gov.ar\/prensa\/wp-json\/wp\/v2\/users\/3"}],"replies":[{"embeddable":true,"href":"https:\/\/www.mendoza.gov.ar\/prensa\/wp-json\/wp\/v2\/comments?post=50601"}],"version-history":[{"count":0,"href":"https:\/\/www.mendoza.gov.ar\/prensa\/wp-json\/wp\/v2\/posts\/50601\/revisions"}],"wp:attachment":[{"href":"https:\/\/www.mendoza.gov.ar\/prensa\/wp-json\/wp\/v2\/media?parent=50601"}],"wp:term":[{"taxonomy":"category","embeddable":true,"href":"https:\/\/www.mendoza.gov.ar\/prensa\/wp-json\/wp\/v2\/categories?post=50601"},{"taxonomy":"post_tag","embeddable":true,"href":"https:\/\/www.mendoza.gov.ar\/prensa\/wp-json\/wp\/v2\/tags?post=50601"}],"curies":[{"name":"wp","href":"https:\/\/api.w.org\/{rel}","templated":true}]}}